{"id":69433,"date":"2024-12-02T18:49:57","date_gmt":"2024-12-02T18:49:57","guid":{"rendered":"https:\/\/tvbrazilusa.com\/2024\/12\/02\/apos-mal-subito-passageira-cai-em-vao-entre-trem-e-plataforma\/"},"modified":"2024-12-02T18:49:58","modified_gmt":"2024-12-02T18:49:58","slug":"apos-mal-subito-passageira-cai-em-vao-entre-trem-e-plataforma","status":"publish","type":"post","link":"https:\/\/tvbrazilusa.com\/pt\/2024\/12\/02\/apos-mal-subito-passageira-cai-em-vao-entre-trem-e-plataforma\/","title":{"rendered":"Ap\u00f3s mal s\u00fabito, passageira cai em v\u00e3o entre trem e plataforma"},"content":{"rendered":"<p> <script async src=\"https:\/\/pagead2.googlesyndication.com\/pagead\/js\/adsbygoogle.js?client=ca-pub-8864793242727901\"\r\n     crossorigin=\"anonymous\"><\/script><br \/>\n<\/p>\n<div id=\"taboola-read-more\" style=\"display:block; width:100%\">\n<p>Uma passageira caiu no v\u00e3o entre o trem e a plataforma na Esta\u00e7\u00e3o Hebraica-Rebou\u00e7as na manh\u00e3 desta segunda-feira (2\/12). Ela teve um mal s\u00fabito na Linha 9 \u2013 Esmeralda, operada pela ViaMobilidade, na capital paulista.\n<\/p>\n<p>Em v\u00eddeos gravados por usu\u00e1rios do transporte p\u00fablico, \u00e9 poss\u00edvel ver que a mulher desmaiada foi atendida por agentes da seguran\u00e7a. Durante o resgate, a circula\u00e7\u00e3o dos trens foi interrompida por cerca de 10 minutos.<\/p>\n<p>O v\u00e3o entre o trem e a plataforma tem pelo menos 15 cent\u00edmetros.\n<\/p>\n<p>Segundo a concession\u00e1ria,\u00a0<a href=\"https:\/\/www.metropoles.com\/tag\/transporte-publico\" target=\"_blank\" rel=\"noopener noreferrer\">a opera\u00e7\u00e3o<\/a>\u00a0na Esta\u00e7\u00e3o Hebraica-Rebou\u00e7as j\u00e1 foi normalizada. \u201cA v\u00edtima foi encaminhada a um hospital pr\u00f3ximo\u201d, destacou, em nota \u00e0 imprensa, a ViaMobilidade.\n<\/p>\n<p>Fonte: Metr\u00f3poles              <\/p>\n<\/div>\n<p><br \/>\n<br \/><a href=\"https:\/\/diariodobrasilnoticias.com.br\/noticia\/apos-mal-subito-passageira-cai-em-vao-entre-trem-e-plataforma-674de1d34ab85\">Source link <\/a><\/p>","protected":false},"excerpt":{"rendered":"<p>Uma passageira caiu no v\u00e3o entre o trem e a plataforma na Esta\u00e7\u00e3o Hebraica-Rebou\u00e7as na manh\u00e3 desta segunda-feira (2\/12). Ela teve um mal s\u00fabito na Linha 9 \u2013 Esmeralda, operada&hellip;<\/p>","protected":false},"author":1,"featured_media":69434,"comment_status":"closed","ping_status":"open","sticky":false,"template":"","format":"standard","meta":{"content-type":"","footnotes":""},"categories":[16],"tags":[123,2448,5313,1267],"class_list":["post-69433","post","type-post","status-publish","format-standard","has-post-thumbnail","hentry","category-noticias","tag-brasil","tag-diario","tag-noticia","tag-noticias"],"_links":{"self":[{"href":"https:\/\/tvbrazilusa.com\/pt\/wp-json\/wp\/v2\/posts\/69433","targetHints":{"allow":["GET"]}}],"collection":[{"href":"https:\/\/tvbrazilusa.com\/pt\/wp-json\/wp\/v2\/posts"}],"about":[{"href":"https:\/\/tvbrazilusa.com\/pt\/wp-json\/wp\/v2\/types\/post"}],"author":[{"embeddable":true,"href":"https:\/\/tvbrazilusa.com\/pt\/wp-json\/wp\/v2\/users\/1"}],"replies":[{"embeddable":true,"href":"https:\/\/tvbrazilusa.com\/pt\/wp-json\/wp\/v2\/comments?post=69433"}],"version-history":[{"count":1,"href":"https:\/\/tvbrazilusa.com\/pt\/wp-json\/wp\/v2\/posts\/69433\/revisions"}],"predecessor-version":[{"id":69435,"href":"https:\/\/tvbrazilusa.com\/pt\/wp-json\/wp\/v2\/posts\/69433\/revisions\/69435"}],"wp:featuredmedia":[{"embeddable":true,"href":"https:\/\/tvbrazilusa.com\/pt\/wp-json\/wp\/v2\/media\/69434"}],"wp:attachment":[{"href":"https:\/\/tvbrazilusa.com\/pt\/wp-json\/wp\/v2\/media?parent=69433"}],"wp:term":[{"taxonomy":"category","embeddable":true,"href":"https:\/\/tvbrazilusa.com\/pt\/wp-json\/wp\/v2\/categories?post=69433"},{"taxonomy":"post_tag","embeddable":true,"href":"https:\/\/tvbrazilusa.com\/pt\/wp-json\/wp\/v2\/tags?post=69433"}],"curies":[{"name":"wp","href":"https:\/\/api.w.org\/{rel}","templated":true}]}}