{"id":69436,"date":"2024-12-02T18:50:57","date_gmt":"2024-12-02T18:50:57","guid":{"rendered":"https:\/\/tvbrazilusa.com\/2024\/12\/02\/alguns-democratas-estao-frustrados-porque-joe-biden-reverteu-o-curso-e-perdoou-seu-filho-hunter\/"},"modified":"2024-12-02T18:55:12","modified_gmt":"2024-12-02T18:55:12","slug":"alguns-democratas-estao-frustrados-porque-joe-biden-reverteu-o-curso-e-perdoou-seu-filho-hunter","status":"publish","type":"post","link":"https:\/\/tvbrazilusa.com\/pt\/2024\/12\/02\/alguns-democratas-estao-frustrados-porque-joe-biden-reverteu-o-curso-e-perdoou-seu-filho-hunter\/","title":{"rendered":"Alguns democratas est\u00e3o frustrados porque Joe Biden reverteu o curso e perdoou seu filho Hunter"},"content":{"rendered":"<p> <script async src=\"https:\/\/pagead2.googlesyndication.com\/pagead\/js\/adsbygoogle.js?client=ca-pub-8864793242727901\"\r\n     crossorigin=\"anonymous\"><\/script><br \/>\n<\/p>\n<div id=\"\">\n<header class=\"m-article-header m-article-header--standard\">\n\t\t\t\t\t\t\t\t\t\t\t\t<span id=\"article-header-primary-term\"><br \/>\n\t\t\t\t\t\t\t\t<a class=\"a-term a-term--primary\" href=\"https:\/\/www.boston.com\/tag\/politics\/\"><\/p>\n<p>\t\t\t\t\t\t\t\tPol\u00edtica\t\t\t\t\t\t\t\t<\/a><br \/>\n\t\t\t\t\t\t\t<\/span><\/p>\n<h2 class=\"m-article-header__sub-headline\">O presidente de 82 anos disse em um comunicado que a acusa\u00e7\u00e3o de seu filho sob a acusa\u00e7\u00e3o de evas\u00e3o fiscal e falsifica\u00e7\u00e3o de um formul\u00e1rio federal de compra de armas teve motiva\u00e7\u00e3o pol\u00edtica.<\/h2>\n<figure class=\"a-photo m-article-header__photo\"><figcaption class=\"a-photo__caption\">\n<p>\tO presidente Joe Biden acompanhado de seu filho Hunter Biden e seu neto Beau saem de uma livraria enquanto caminham pelo centro de Nantucket, Massachusetts, sexta-feira, 29 de novembro de 2024. <em> AP Photo\/Jos\u00e9 Luis Magana<\/em>\t<\/figcaption><\/figure>\n<div class=\"m-article-header__meta\">\n<div class=\"m-article-header__byline\">\n<p class=\"m-article-header__author\">\n<p>\t\t\t\t\t\t\t\tPor BILL BARROW, Associated Press\t\t\t\t\t\t\t<\/p>\n<p>\t\t\t\t\t\t\t\t\t\t\t\t\t\t\t<time class=\"m-article-header__date\"><\/p>\n<p>\t\t\t\t\t\t\t\t\t2 de dezembro de 2024 | 13h50\t\t\t\t\t\t\t\t<\/time><\/p><\/div>\n<\/p><\/div>\n<\/header>\n<p>ATLANTA (AP) \u2013 J\u00e1 se recuperando das derrotas de novembro, os democratas agora est\u00e3o lutando com o presidente <a href=\"https:\/\/www.boston.com\/tag\/joe-biden\/\">Joe Biden<\/a>O perd\u00e3o de seu filho por crimes federais depois que o partido passou anos criticando Donald Trump como uma amea\u00e7a \u00e0 democracia que desrespeitou a lei.<\/p>\n<p>O presidente <a href=\"https:\/\/www.boston.com\/news\/politics\/2024\/12\/01\/biden-pardons-his-son-hunter-despite-previous-pledges-not-to\/\">perdoou Hunter Biden<\/a> na noite de domingo, revertendo suas promessas anteriores com um <a href=\"https:\/\/www.boston.com\/news\/politics\/2024\/12\/02\/biden-has-pardoned-his-son-hunter-what-does-that-mean\/\">concess\u00e3o de clem\u00eancia<\/a> que cobre mais de uma d\u00e9cada de quaisquer crimes federais que seu filho possa ter cometido. O presidente de 82 anos disse em um comunicado que a acusa\u00e7\u00e3o de seu filho sob a acusa\u00e7\u00e3o de evas\u00e3o fiscal e falsifica\u00e7\u00e3o de um formul\u00e1rio federal de compra de armas teve motiva\u00e7\u00e3o pol\u00edtica.<\/p>\n<div class=\"m-block t-amp__list-container m-article-list-container m-article-list-container--frame-border a-border-frame  a-list-header__headline--red m-article-list--alternative--default  m-article-list--floated\">\n<ul class=\"t-amp__list a-list--no-style m-article-list m-article-list--recirculation m-article-list--has-images\">\n<li class=\"m-article-list__item m-article-list__item--featured\">\n\t\t\t<a class=\"m-article-list__link-wrapper\" href=\"https:\/\/www.boston.com\/news\/politics\/2024\/12\/02\/biden-has-pardoned-his-son-hunter-what-does-that-mean\/?p1=article_recirc_inline_feature\" data-p1=\"article_recirc_inline_feature\"><br \/>\n\t\t\t\t<img fetchpriority=\"high\" decoding=\"async\" width=\"768\" height=\"432\" src=\"https:\/\/bdc2020.o0bc.com\/wp-content\/uploads\/2024\/12\/AP24337032753247-674db5286b41d-768x432.jpg\" class=\"t-amp__list-image m-article-list__image m-article-list__image--full\" alt=\"Hunter Biden entra em um ve\u00edculo.\" aria-hidden=\"true\" srcset=\"https:\/\/bdc2020.o0bc.com\/wp-content\/uploads\/2024\/12\/AP24337032753247-674db5286b41d-768x432.jpg?width=200 200w, https:\/\/bdc2020.o0bc.com\/wp-content\/uploads\/2024\/12\/AP24337032753247-674db5286b41d-768x432.jpg?width=300 300w, https:\/\/bdc2020.o0bc.com\/wp-content\/uploads\/2024\/12\/AP24337032753247-674db5286b41d-768x432.jpg?width=400 400w, https:\/\/bdc2020.o0bc.com\/wp-content\/uploads\/2024\/12\/AP24337032753247-674db5286b41d-768x432.jpg?width=500 500w, https:\/\/bdc2020.o0bc.com\/wp-content\/uploads\/2024\/12\/AP24337032753247-674db5286b41d-768x432.jpg?width=600 600w, https:\/\/bdc2020.o0bc.com\/wp-content\/uploads\/2024\/12\/AP24337032753247-674db5286b41d-768x432.jpg?width=700 700w, https:\/\/bdc2020.o0bc.com\/wp-content\/uploads\/2024\/12\/AP24337032753247-674db5286b41d-768x432.jpg?width=800 800w, https:\/\/bdc2020.o0bc.com\/wp-content\/uploads\/2024\/12\/AP24337032753247-674db5286b41d-768x432.jpg?width=900 900w\" sizes=\"(max-width: 768px) 100vw, 768px\"\/>\t\t\t\t\t<\/p>\n<p><h4 class=\"m-article-list__headline t-amp__list-headline\">\n\t\t\t\t\t\t\t<span class=\"m-article-list__link a-link a-link--inline a-link--text-link a-link--text-link-dark\"><\/p>\n<p>\t\t\t\t\t\t\tBiden perdoou seu filho Hunter. O que isso significa?\t\t\t\t\t\t\t<\/span><br \/>\n\t\t\t\t\t\t<\/h4>\n<\/p>\n<p>\t\t\t\t<\/a>\n\t\t\t<\/li>\n<li class=\"m-article-list__item\">\n\t\t\t\t\t<a class=\"m-article-list__link-wrapper\" href=\"https:\/\/www.boston.com\/news\/politics\/2024\/12\/01\/biden-pardons-his-son-hunter-despite-previous-pledges-not-to\/?p1=article_recirc_inline_feed\" data-p1=\"article_recirc_inline_feed\"><\/p>\n<p><h4 class=\"m-article-list__headline\">\n\t\t\t\t\t\t\t\t\t<span class=\"m-article-list__link a-link a-link--inline a-link--text-link a-link--text-link-dark\"><\/p>\n<p>\t\t\t\t\t\t\t\t\tBiden perdoa seu filho Hunter, apesar de promessas anteriores de n\u00e3o faz\u00ea-lo\t\t\t\t\t\t\t\t\t<\/span><br \/>\n\t\t\t\t\t\t\t\t<\/h4>\n<\/p>\n<p>\t\t\t\t\t\t<\/a>\n\t\t\t\t\t<\/li>\n<\/ul>\n<\/div>\n<p>\u201cEle acredita no sistema de justi\u00e7a, mas tamb\u00e9m acredita que a pol\u00edtica infectou o processo e levou a um erro judici\u00e1rio\u201d, disse a secret\u00e1ria de imprensa da Casa Branca, Karine Jean-Pierre, que junto com Biden e outros funcion\u00e1rios da Casa Branca insistiu durante meses que Hunter Biden n\u00e3o obteria perd\u00e3o.<\/p>\n<p>Essa explica\u00e7\u00e3o n\u00e3o satisfez alguns democratas, zangados com o facto de a revers\u00e3o de Biden poder tornar mais dif\u00edcil enfrentar Trump, que argumentou que as m\u00faltiplas acusa\u00e7\u00f5es e uma condena\u00e7\u00e3o contra ele foram uma quest\u00e3o de Biden e os democratas virarem o sistema judicial contra ele.<\/p>\n<p>\u201cEste \u00e9 um mau precedente que pode ser abusado por presidentes posteriores e, infelizmente, manchar\u00e1 sua reputa\u00e7\u00e3o\u201d, escreveu o governador do Colorado, Jared Polis, sobre Biden na plataforma de m\u00eddia social X.<\/p>\n<p>\u201cQuando voc\u00ea se torna presidente, seu papel \u00e9 Pater familias da na\u00e7\u00e3o\u201d, continuou o governador, uma refer\u00eancia ao presidente invocando a paternidade ao explicar sua decis\u00e3o. \u201cHunter trouxe para si mesmo os problemas jur\u00eddicos que enfrentou, e podemos simpatizar com suas lutas, ao mesmo tempo que reconhecemos que ningu\u00e9m est\u00e1 acima da lei, nem um presidente e nem o filho de um presidente.\u201d<\/p>\n<p>O deputado Greg Stanton, D-Ariz., disse no X: \u201cEsta n\u00e3o foi uma acusa\u00e7\u00e3o com motiva\u00e7\u00e3o pol\u00edtica. Hunter cometeu crimes e foi condenado por um j\u00fari de seus pares.\u201d<\/p>\n<p>Certamente, o presidente tem muitos defensores democratas que observam o uso dos poderes presidenciais por Trump para perdoar uma s\u00e9rie de seus assessores, associados e amigos condenados, v\u00e1rios deles por atividades ligadas \u00e0 campanha e \u00e0 administra\u00e7\u00e3o de Trump.<\/p>\n<p>\u201cTrump perdoou Roger Stone, Steve Bannon, Michael Flynn e Paul Manafort, bem como o pai de seu genro, Charles Kushner \u2013 que ele acabou de nomear embaixador dos EUA na Fran\u00e7a\u201d, escreveu o proeminente arrecadador de fundos democrata Jon Cooper no X.<\/p>\n<p>\u201cDesculpe, mas Biden estava certo em perdoar seu filho Hunter para proteg\u00ea-lo contra o FBI armado de Kash Patel\u201d, concluiu Cooper, referindo-se ao aparente plano de Trump de destituir o diretor do FBI, Christopher Wray, em favor de um legalista que falou em perseguir oponentes pol\u00edticos e jornalistas.<\/p>\n<p>A primeira-dama Jill Biden disse na segunda-feira na Casa Branca: \u201c\u00c9 claro que apoio o perd\u00e3o do meu filho\u201d.<\/p>\n<p>Os democratas j\u00e1 enfrentam a perspectiva de uma trifeta republicana em Washington, com os eleitores a devolverem Trump \u00e0 Casa Branca e a darem ao Partido Republicano o controlo da C\u00e2mara e do Senado. Espera-se que parte do seu argumento contra Trump e os l\u00edderes republicanos resida no facto de o presidente eleito estar a violar as normas ao falar de cobrar repres\u00e1lias contra os seus inimigos.<\/p>\n<p>Antes de derrotar a vice-presidente Kamala Harris, Trump enfrentou os seus pr\u00f3prios problemas jur\u00eddicos, incluindo dois casos que resultaram dos seus esfor\u00e7os para anular a derrota para Joe Biden nas elei\u00e7\u00f5es presidenciais de 2020. Esses casos, incluindo a senten\u00e7a de Trump depois de ter sido condenado por acusa\u00e7\u00f5es de fraude empresarial no estado de Nova Iorque, foram rejeitados ou adiados indefinidamente desde a vit\u00f3ria de Trump em 5 de novembro, for\u00e7ando os democratas a recalibrar a sua abordagem ao presidente eleito.<\/p>\n<p>Em junho, o presidente Biden descartou firmemente o perd\u00e3o ou a comuta\u00e7\u00e3o para seu filho, dizendo aos rep\u00f3rteres enquanto seu filho era julgado no caso de armas de Delaware: \u201cEu cumpro a decis\u00e3o do j\u00fari. Eu farei isso e n\u00e3o vou perdo\u00e1-lo.\u201d<\/p>\n<p>Ainda recentemente, em 8 de novembro, dias ap\u00f3s a vit\u00f3ria de Trump, a secret\u00e1ria de imprensa da Casa Branca, Karine Jean-Pierre, descartou o perd\u00e3o ou clem\u00eancia para o jovem Biden, dizendo: \u201cEssa pergunta nos foi feita v\u00e1rias vezes. Nossa resposta \u00e9 v\u00e1lida: n\u00e3o.\u201d<\/p>\n<p>A reviravolta do presidente ocorreu semanas antes de Hunter Biden receber sua puni\u00e7\u00e3o ap\u00f3s sua condena\u00e7\u00e3o em julgamento no caso de arma de fogo e confiss\u00e3o de culpa em acusa\u00e7\u00f5es fiscais. Isso coroou uma longa saga jur\u00eddica para o jovem Biden, que revelou estar sob investiga\u00e7\u00e3o federal em dezembro de 2020 \u2013 um m\u00eas ap\u00f3s a vit\u00f3ria de seu pai em 2020.<\/p>\n<p>O perd\u00e3o abrangente cobre n\u00e3o apenas as infra\u00e7\u00f5es fiscais e de armas contra o jovem Biden, mas tamb\u00e9m quaisquer outras \u201cofensas contra os Estados Unidos que ele tenha cometido ou possa ter cometido ou participado durante o per\u00edodo de 1\u00ba de janeiro de 2014 a 1\u00ba de dezembro\u201d. , 2024.\u201d<\/p>\n<p>Hunter Biden foi condenado em junho no tribunal federal de Delaware por tr\u00eas crimes por comprar uma arma em 2018, quando, disseram os promotores, mentiu em um formul\u00e1rio federal ao alegar que n\u00e3o usava drogas ilegalmente ou era viciado em drogas. Ele deveria ser julgado em setembro em um caso na Calif\u00f3rnia que o acusava de n\u00e3o pagar pelo menos US$ 1,4 milh\u00e3o em impostos. Mas ele concordou em se declarar culpado de acusa\u00e7\u00f5es de contraven\u00e7\u00e3o e crime em uma a\u00e7\u00e3o surpresa horas ap\u00f3s o in\u00edcio da sele\u00e7\u00e3o do j\u00fari.<\/p>\n<p>Em sua declara\u00e7\u00e3o no domingo, o presidente argumentou que tais crimes normalmente n\u00e3o s\u00e3o processados \u200b\u200bcom o mesmo vigor que foi dirigido contra Hunter Biden.<\/p>\n<p>\u201cAs acusa\u00e7\u00f5es nos seus casos surgiram apenas depois de v\u00e1rios dos meus advers\u00e1rios pol\u00edticos no Congresso os terem instigado a atacar-me e a opor-se \u00e0 minha elei\u00e7\u00e3o\u201d, disse Biden na sua declara\u00e7\u00e3o. \u201cNenhuma pessoa razo\u00e1vel que analise os fatos dos casos de Hunter pode chegar a qualquer outra conclus\u00e3o al\u00e9m de Hunter ter sido escolhido apenas porque \u00e9 meu filho. \u2026 Espero que os americanos entendam por que um pai e um presidente tomariam esta decis\u00e3o.\u201d<\/p>\n<p><em>Os redatores da Associated Press Will Weissert a bordo do Air Force One e Darlene Superville em Washington contribu\u00edram para este relat\u00f3rio.<\/em><\/p>\n<div class=\"m-block m-generic-cta\t m-generic-cta--post-content\t m-generic-cta--dark\t m-generic-cta--homepage\t m-generic-cta--email-signup\t\t m-generic-cta-block-style--default \tt-amp__generic-cta\"><\/p>\n<div class=\"m-generic-cta__wrap\">\n<div class=\"m-generic-cta__content\">\n<h3 class=\"m-generic-cta__title\">Alertas extras de not\u00edcias<\/h3>\n<p class=\"m-generic-cta__subtitle\">Receba as \u00faltimas atualiza\u00e7\u00f5es conforme elas acontecem.<\/p>\n<\/p><\/div>\n<\/p><\/div>\n<\/div><\/div>\n<p><script>\n\t\tvar consent=\"grant\";\n\t\t\/* The above code is parsing the JSON data from the local storage and storing it in a variable. *\/\n\t\t\t\t\tconst onetrustStorageConsent = JSON.parse(localStorage.getItem( 'consent_one_trust_bdc' ) );\n\t\t\tif ( ( onetrustStorageConsent !== null ) ) {\n\t\t\t\t\/* Checking to see if the user has consented to the use of cookies.\n\t\t\t\t* If they have not, it is deleting the cookie.\n\t\t\t\t* This will comment for now, until further notice.\n\t\t\t\t*\/\n\t\t\t\t\/\/if ( onetrustStorageConsent.C0002 === false ) {\n\t\t\t\t\/\/\tdocument.cookie=\"_fbp=;expires=Thu, 01 Jan 2010 00:00:00 UTC; path=\/; domain=.boston.com\";\n\t\t\t\t\/\/}\n\t\t\t\t\/* Checking if the user has given consent for the cookie C0002.\n\t\t\t\t* If the user has given consent, the variable consent will be set to 'grant'.\n\t\t\t\t* If the user has not given consent,the variable consent will be set to 'revoke'.\n\t\t\t\t* Documentation https:\/\/developers.facebook.com\/docs\/meta-pixel\/implementation\/gdpr\n\t\t\t\t*\/\n\t\t\t\tif ( onetrustStorageConsent.C0002 !== true ) {\n\t\t\t\t\tconsent=\"revoke\";\n\t\t\t\t}\n\t\t\t}\n\t\t\t\t!function(f,b,e,v,n,t,s)\n\t\t{if(f.fbq)return;n=f.fbq=function(){n.callMethod?\n\t\tn.callMethod.apply(n,arguments):n.queue.push(arguments)};\n\t\tif(!f._fbq)f._fbq=n;n.push=n;n.loaded=!0;n.version='2.0';\n\t\tn.queue=[];t=b.createElement(e);t.async=!0;\n\t\tt.src=v;s=b.getElementsByTagName(e)[0];\n\t\ts.parentNode.insertBefore(t,s)}(window, document,'script',\n\t\t'https:\/\/connect.facebook.net\/en_US\/fbevents.js');\n\t\tfbq('consent', consent);\n\t\tfbq('init', '989222871864976');\n\t\tfbq('track', 'PageView');\n\t<\/script><script type=\"module\">\n\t\tvar consent=\"grant\";\n\t\t\/* The above code is parsing the JSON data from the local storage and storing it in a variable. *\/\n\t\t\tconst onetrustStorageConsent = JSON.parse(localStorage.getItem( 'consent_one_trust_bdc' ) );\n\t\t\t\/* Checking to see if the user has consented to the use of cookies.\n\t\t\t* If they have not, it is deleting the cookie.\n\t\t\t* This will comment for now, until further notice.\n\t\t\t*\/\n\t\t\t\/\/if ( onetrustStorageConsent.C0002 === false ) {\n\t\t\t\/\/\tdocument.cookie=\"_fbp=;expires=Thu, 01 Jan 2010 00:00:00 UTC; path=\/; domain=.boston.com\";\n\t\t\t\/\/}\n\t\t\t\/* Checking if the user has given consent for the cookie C0002.\n\t\t\t* If the user has given consent, the variable consent will be set to 'grant'.\n\t\t\t* If the user has not given consent,the variable consent will be set to 'revoke'.\n\t\t\t* Documentation https:\/\/developers.facebook.com\/docs\/meta-pixel\/implementation\/gdpr\n\t\t\t*\/\n\t\t\tif ( ( onetrustStorageConsent !== null ) && (onetrustStorageConsent.C0002 !== true ) ) {\n\t\t\t\tconsent=\"revoke\";\n\t\t\t}\n\t\t\t\t!function(f,b,e,v,n,t,s){if(f.fbq)return;n=f.fbq=function()\n\t\t{n.callMethod? n.callMethod.apply(n,arguments):n.queue.push(arguments)}\n\t\t;if(!f._fbq)f._fbq=n;\n\t\tn.push=n;n.loaded=!0;n.version='2.0';n.queue=[];t=b.createElement(e);t.async=!0;\n\t\tt.src=v;s=b.getElementsByTagName(e)[0];s.parentNode.insertBefore(t,s)}(window,\n\t\tdocument,'script','https:\/\/connect.facebook.net\/en_US\/fbevents.js');\n\t\tfbq('consent', consent);\n\t\tfbq('init', '813236348753005');\n\t\tfbq('track', \"PageView\");\n\t<\/script><br \/>\n<br \/><br \/>\n<br \/><a href=\"https:\/\/www.boston.com\/news\/politics\/2024\/12\/02\/some-democrats-frustrated-joe-biden-reversing-course-pardoning-son-hunter\/\">Source link <\/a><\/p>","protected":false},"excerpt":{"rendered":"<p>Pol\u00edtica O presidente de 82 anos disse em um comunicado que a acusa\u00e7\u00e3o de seu filho sob a acusa\u00e7\u00e3o de evas\u00e3o fiscal e falsifica\u00e7\u00e3o de um formul\u00e1rio federal de compra&hellip;<\/p>","protected":false},"author":1,"featured_media":69437,"comment_status":"closed","ping_status":"open","sticky":false,"template":"","format":"standard","meta":{"content-type":"","footnotes":""},"categories":[1],"tags":[],"class_list":["post-69436","post","type-post","status-publish","format-standard","has-post-thumbnail","hentry","category-uncategorized"],"_links":{"self":[{"href":"https:\/\/tvbrazilusa.com\/pt\/wp-json\/wp\/v2\/posts\/69436","targetHints":{"allow":["GET"]}}],"collection":[{"href":"https:\/\/tvbrazilusa.com\/pt\/wp-json\/wp\/v2\/posts"}],"about":[{"href":"https:\/\/tvbrazilusa.com\/pt\/wp-json\/wp\/v2\/types\/post"}],"author":[{"embeddable":true,"href":"https:\/\/tvbrazilusa.com\/pt\/wp-json\/wp\/v2\/users\/1"}],"replies":[{"embeddable":true,"href":"https:\/\/tvbrazilusa.com\/pt\/wp-json\/wp\/v2\/comments?post=69436"}],"version-history":[{"count":1,"href":"https:\/\/tvbrazilusa.com\/pt\/wp-json\/wp\/v2\/posts\/69436\/revisions"}],"predecessor-version":[{"id":69438,"href":"https:\/\/tvbrazilusa.com\/pt\/wp-json\/wp\/v2\/posts\/69436\/revisions\/69438"}],"wp:featuredmedia":[{"embeddable":true,"href":"https:\/\/tvbrazilusa.com\/pt\/wp-json\/wp\/v2\/media\/69437"}],"wp:attachment":[{"href":"https:\/\/tvbrazilusa.com\/pt\/wp-json\/wp\/v2\/media?parent=69436"}],"wp:term":[{"taxonomy":"category","embeddable":true,"href":"https:\/\/tvbrazilusa.com\/pt\/wp-json\/wp\/v2\/categories?post=69436"},{"taxonomy":"post_tag","embeddable":true,"href":"https:\/\/tvbrazilusa.com\/pt\/wp-json\/wp\/v2\/tags?post=69436"}],"curies":[{"name":"wp","href":"https:\/\/api.w.org\/{rel}","templated":true}]}}