{"id":69445,"date":"2024-12-02T19:05:54","date_gmt":"2024-12-02T19:05:54","guid":{"rendered":"https:\/\/tvbrazilusa.com\/2024\/12\/02\/a-restricao-de-velocidade-da-linha-vermelha-aparece-dias-apos-a-linha-ser-declarada-livre-de-zonas-lentas\/"},"modified":"2024-12-02T19:07:33","modified_gmt":"2024-12-02T19:07:33","slug":"a-restricao-de-velocidade-da-linha-vermelha-aparece-dias-apos-a-linha-ser-declarada-livre-de-zonas-lentas","status":"publish","type":"post","link":"https:\/\/tvbrazilusa.com\/pt\/2024\/12\/02\/a-restricao-de-velocidade-da-linha-vermelha-aparece-dias-apos-a-linha-ser-declarada-livre-de-zonas-lentas\/","title":{"rendered":"A restri\u00e7\u00e3o de velocidade da Linha Vermelha aparece dias ap\u00f3s a linha ser declarada livre de zonas lentas"},"content":{"rendered":"<p> <script async src=\"https:\/\/pagead2.googlesyndication.com\/pagead\/js\/adsbygoogle.js?client=ca-pub-8864793242727901\"\r\n     crossorigin=\"anonymous\"><\/script><br \/>\n<\/p>\n<div id=\"\">\n<header class=\"m-article-header m-article-header--standard\">\n\t\t\t\t\t\t\t\t\t\t\t\t<span id=\"article-header-primary-term\"><br \/>\n\t\t\t\t\t\t\t\t<a class=\"a-term a-term--primary\" href=\"https:\/\/www.boston.com\/tag\/transportation\/\"><\/p>\n<p>\t\t\t\t\t\t\t\tTransporte\t\t\t\t\t\t\t\t<\/a><br \/>\n\t\t\t\t\t\t\t<\/span><\/p>\n<h2 class=\"m-article-header__sub-headline\">\u201c\u00c9 importante observar que um problema na pista que resulte em restri\u00e7\u00e3o de velocidade pode ser necess\u00e1rio de vez em quando \u2013 isso \u00e9 normal\u201d, disse um porta-voz do T.<\/h2>\n<figure class=\"a-photo m-article-header__photo\"><figcaption class=\"a-photo__caption\">\n<p>\tUma nova restri\u00e7\u00e3o de velocidade surgiu na Linha Vermelha na sexta-feira, poucos dias depois que a MBTA declarou a linha livre de lentid\u00e3o. O problema j\u00e1 foi reparado.<em> Erin Clark \/ The Boston Globe, Arquivo<\/em>\t<\/figcaption><\/figure>\n<\/header>\n<p>Na semana passada, a MBTA declarou a Linha Vermelha livre de zonas lentas para o <a href=\"https:\/\/www.boston.com\/news\/transportation\/2024\/11\/25\/mbta-red-line-free-of-slow-zones-first-time-at-least-20-years\/\" target=\"_blank\" rel=\"noreferrer noopener\">primeira vez em pelo menos 20 anos<\/a>. Na sexta-feira, por\u00e9m, surgiu uma nova restri\u00e7\u00e3o de velocidade.<\/p>\n<p>De acordo com o T, um trem desativado causou um problema nos trilhos em parte da Linha Vermelha na sexta-feira, respons\u00e1vel pela nova zona lenta que apareceu na linha da MBTA. <a href=\"https:\/\/www.mbta.com\/performance-metrics\/speed-restrictions\" target=\"_blank\" rel=\"noreferrer noopener\">painel de restri\u00e7\u00f5es de velocidade<\/a> no fim de semana. <\/p>\n<div class=\"m-block t-amp__list-container m-article-list-container m-article-list-container--frame-border a-border-frame  a-list-header__headline--red m-article-list--alternative--default  m-article-list--floated\">\n<ul class=\"t-amp__list a-list--no-style m-article-list m-article-list--recirculation m-article-list--has-images\">\n<li class=\"m-article-list__item m-article-list__item--featured\">\n\t\t\t<a class=\"m-article-list__link-wrapper\" href=\"https:\/\/www.boston.com\/news\/transportation\/2024\/12\/02\/green-line-mbta-closures-december\/?p1=article_recirc_inline_feature\" data-p1=\"article_recirc_inline_feature\"><br \/>\n\t\t\t\t<img fetchpriority=\"high\" decoding=\"async\" width=\"768\" height=\"432\" src=\"https:\/\/bdc2020.o0bc.com\/wp-content\/uploads\/2024\/12\/s3___bgmp-arc_arc-feeds_generic-photos_to-arc_turner111623METROglx494-674de067e26b8-768x432.jpg\" class=\"t-amp__list-image m-article-list__image m-article-list__image--full\" alt=\"Um trem da Linha Verde percorre o GLX em Somerville.\" aria-hidden=\"true\" srcset=\"https:\/\/bdc2020.o0bc.com\/wp-content\/uploads\/2024\/12\/s3___bgmp-arc_arc-feeds_generic-photos_to-arc_turner111623METROglx494-674de067e26b8-768x432.jpg?width=200 200w, https:\/\/bdc2020.o0bc.com\/wp-content\/uploads\/2024\/12\/s3___bgmp-arc_arc-feeds_generic-photos_to-arc_turner111623METROglx494-674de067e26b8-768x432.jpg?width=300 300w, https:\/\/bdc2020.o0bc.com\/wp-content\/uploads\/2024\/12\/s3___bgmp-arc_arc-feeds_generic-photos_to-arc_turner111623METROglx494-674de067e26b8-768x432.jpg?width=400 400w, https:\/\/bdc2020.o0bc.com\/wp-content\/uploads\/2024\/12\/s3___bgmp-arc_arc-feeds_generic-photos_to-arc_turner111623METROglx494-674de067e26b8-768x432.jpg?width=500 500w, https:\/\/bdc2020.o0bc.com\/wp-content\/uploads\/2024\/12\/s3___bgmp-arc_arc-feeds_generic-photos_to-arc_turner111623METROglx494-674de067e26b8-768x432.jpg?width=600 600w, https:\/\/bdc2020.o0bc.com\/wp-content\/uploads\/2024\/12\/s3___bgmp-arc_arc-feeds_generic-photos_to-arc_turner111623METROglx494-674de067e26b8-768x432.jpg?width=700 700w, https:\/\/bdc2020.o0bc.com\/wp-content\/uploads\/2024\/12\/s3___bgmp-arc_arc-feeds_generic-photos_to-arc_turner111623METROglx494-674de067e26b8-768x432.jpg?width=800 800w, https:\/\/bdc2020.o0bc.com\/wp-content\/uploads\/2024\/12\/s3___bgmp-arc_arc-feeds_generic-photos_to-arc_turner111623METROglx494-674de067e26b8-768x432.jpg?width=900 900w\" sizes=\"(max-width: 768px) 100vw, 768px\"\/>\t\t\t\t\t<\/p>\n<p><h4 class=\"m-article-list__headline t-amp__list-headline\">\n\t\t\t\t\t\t\t<span class=\"m-article-list__link a-link a-link--inline a-link--text-link a-link--text-link-dark\"><\/p>\n<p>\t\t\t\t\t\t\tAqui est\u00e1 o que voc\u00ea deve saber sobre os fechamentos da Linha Verde deste m\u00eas\t\t\t\t\t\t\t<\/span><br \/>\n\t\t\t\t\t\t<\/h4>\n<\/p>\n<p>\t\t\t\t<\/a>\n\t\t\t<\/li>\n<li class=\"m-article-list__item\">\n\t\t\t\t\t<a class=\"m-article-list__link-wrapper\" href=\"https:\/\/www.boston.com\/news\/local-news\/2024\/11\/30\/video-fare-crasher-barrels-through-gate-at-roxbury-t-station\/?p1=article_recirc_inline_feed\" data-p1=\"article_recirc_inline_feed\"><\/p>\n<p><h4 class=\"m-article-list__headline\">\n\t\t\t\t\t\t\t\t\t<span class=\"m-article-list__link a-link a-link--inline a-link--text-link a-link--text-link-dark\"><\/p>\n<p>\t\t\t\t\t\t\t\t\tAssistir: Penetra passa pelo port\u00e3o da esta\u00e7\u00e3o Roxbury T\t\t\t\t\t\t\t\t\t<\/span><br \/>\n\t\t\t\t\t\t\t\t<\/h4>\n<\/p>\n<p>\t\t\t\t\t\t<\/a>\n\t\t\t\t\t<\/li>\n<\/ul>\n<\/div>\n<p>\u201cA restri\u00e7\u00e3o de velocidade foi implementada na manh\u00e3 de sexta-feira, depois que as rodas de um trem desativado causaram algumas dobras nos trilhos perto de Savin Hill\u201d, explicou a porta-voz da MBTA, Lisa Battiston, em um comunicado. \u201cO servi\u00e7o da Linha Vermelha continuou a operar com seguran\u00e7a nesta se\u00e7\u00e3o da via, supervisionada por funcion\u00e1rios de transporte, com o pessoal da via fazendo inspe\u00e7\u00f5es regulares.\u201d <\/p>\n<p>A restri\u00e7\u00e3o de velocidade de 500 p\u00e9s foi removida na manh\u00e3 de segunda-feira ap\u00f3s os reparos do fim de semana, embora tenha perdido o limite das 3h para a atualiza\u00e7\u00e3o mais recente do painel.  <\/p>\n<p>\u201c\u00c9 importante observar que um problema na pista que resulte em restri\u00e7\u00e3o de velocidade pode ser necess\u00e1rio de vez em quando \u2013 isso \u00e9 normal\u201d, acrescentou Battiston. \u201cA MBTA agora agiliza os reparos e manuten\u00e7\u00e3o necess\u00e1rios para remover quaisquer novas restri\u00e7\u00f5es, para que n\u00e3o durem meses ou mesmo anos, como ocorreu antes do Programa de Melhoria da Pista.\u201d <\/p>\n<p>Na segunda-feira, o painel da MBTA mostrava apenas duas restri\u00e7\u00f5es de velocidade restantes em todo o sistema, ambas na Linha Verde. Para completar o trabalho na pista e eliminar essas zonas lentas, o T planeja <a href=\"https:\/\/www.boston.com\/news\/transportation\/2024\/12\/02\/green-line-mbta-closures-december\/\" target=\"_blank\" rel=\"noreferrer noopener\">suspender servi\u00e7o da Linha Verde<\/a> entre Park Street e Union Square ou Medford\/Tufts de 6 a 20 de dezembro. A ag\u00eancia recomenda que os passageiros da Linha Verde dependam de \u00f4nibus, rotas regulares de \u00f4nibus MBTA e outras linhas de metr\u00f4 durante a paralisa\u00e7\u00e3o.  <\/p>\n<figure class=\"wp-block-embed is-type-rich is-provider-twitter wp-block-embed-twitter\">\n<div class=\"wp-block-embed__wrapper\">\n<blockquote class=\"twitter-tweet\" data-width=\"500\" data-dnt=\"true\">\n<p lang=\"en\" dir=\"ltr\">Lembrete da Linha Verde: 6 a 20 de dezembro<\/p>\n<p>N\u00e3o h\u00e1 servi\u00e7o de trem entre Medford\/Tufts, Union Square e Park St devido a obras nos trilhos.<\/p>\n<p>Use \u00f4nibus entre Medford\/Tufts e North Station, use a linha laranja no centro da cidade.<\/p>\n<p>Os \u00f4nibus n\u00e3o atender\u00e3o a Union Square \u2013 Use as rotas de \u00f4nibus 86 e 91. <a href=\"https:\/\/t.co\/Huzu3wQUuI\">pic.twitter.com\/Huzu3wQUuI<\/a><\/p>\n<p>&#8211; MBTA (@MBTA) <a href=\"https:\/\/twitter.com\/MBTA\/status\/1863523661191290995?ref_src=twsrc%5Etfw\">2 de dezembro de 2024<\/a><\/p><\/blockquote>\n<\/div>\n<\/figure>\n<div class=\"o-author-single has-avatar\">\n<header class=\"m-author-card\">\n<div class=\"a-image a-image--square m-author-card__image\">\n\t\t<img decoding=\"async\" class=\"\" src=\"https:\/\/www.boston.com\/wp-content\/uploads\/2024\/10\/cropped-Patkin-Headshot-66fea67b66dd2-scaled-1-66fea6a1c6f25.jpg\" alt=\"Imagem do perfil de Abby Patkin\"\/>\t<\/div>\n<\/header>\n<section class=\"author-info\">\n<hr class=\"m-author__section--hr\"\/>\n<div class=\"m-author__section\">\n<p>Abby Patkin \u00e9 uma rep\u00f3rter de not\u00edcias gerais cujo trabalho aborda transporte p\u00fablico, crime, sa\u00fade e tudo mais.<\/p>\n<\/div>\n<hr class=\"m-author__section--hr\"\/>\t<\/section>\n<\/div>\n<div class=\"m-block m-generic-cta\t m-generic-cta--post-content\t m-generic-cta--dark\t m-generic-cta--homepage\t m-generic-cta--email-signup\t\t m-generic-cta-block-style--default \tt-amp__generic-cta\"><\/p>\n<div class=\"m-generic-cta__wrap\">\n<div class=\"m-generic-cta__content\">\n<h3 class=\"m-generic-cta__title\">Boston.com hoje<\/h3>\n<p class=\"m-generic-cta__subtitle\">Inscreva-se para receber as \u00faltimas manchetes em sua caixa de entrada todas as manh\u00e3s.<\/p>\n<\/p><\/div>\n<\/p><\/div>\n<\/div><\/div>\n<p><script async src=\"\/\/platform.twitter.com\/widgets.js\" charset=\"utf-8\"><\/script><script>\n\t\tvar consent=\"grant\";\n\t\t\/* The above code is parsing the JSON data from the local storage and storing it in a variable. *\/\n\t\t\t\t\tconst onetrustStorageConsent = JSON.parse(localStorage.getItem( 'consent_one_trust_bdc' ) );\n\t\t\tif ( ( onetrustStorageConsent !== null ) ) {\n\t\t\t\t\/* Checking to see if the user has consented to the use of cookies.\n\t\t\t\t* If they have not, it is deleting the cookie.\n\t\t\t\t* This will comment for now, until further notice.\n\t\t\t\t*\/\n\t\t\t\t\/\/if ( onetrustStorageConsent.C0002 === false ) {\n\t\t\t\t\/\/\tdocument.cookie=\"_fbp=;expires=Thu, 01 Jan 2010 00:00:00 UTC; path=\/; domain=.boston.com\";\n\t\t\t\t\/\/}\n\t\t\t\t\/* Checking if the user has given consent for the cookie C0002.\n\t\t\t\t* If the user has given consent, the variable consent will be set to 'grant'.\n\t\t\t\t* If the user has not given consent,the variable consent will be set to 'revoke'.\n\t\t\t\t* Documentation https:\/\/developers.facebook.com\/docs\/meta-pixel\/implementation\/gdpr\n\t\t\t\t*\/\n\t\t\t\tif ( onetrustStorageConsent.C0002 !== true ) {\n\t\t\t\t\tconsent=\"revoke\";\n\t\t\t\t}\n\t\t\t}\n\t\t\t\t!function(f,b,e,v,n,t,s)\n\t\t{if(f.fbq)return;n=f.fbq=function(){n.callMethod?\n\t\tn.callMethod.apply(n,arguments):n.queue.push(arguments)};\n\t\tif(!f._fbq)f._fbq=n;n.push=n;n.loaded=!0;n.version='2.0';\n\t\tn.queue=[];t=b.createElement(e);t.async=!0;\n\t\tt.src=v;s=b.getElementsByTagName(e)[0];\n\t\ts.parentNode.insertBefore(t,s)}(window, document,'script',\n\t\t'https:\/\/connect.facebook.net\/en_US\/fbevents.js');\n\t\tfbq('consent', consent);\n\t\tfbq('init', '989222871864976');\n\t\tfbq('track', 'PageView');\n\t<\/script><script type=\"module\">\n\t\tvar consent=\"grant\";\n\t\t\/* The above code is parsing the JSON data from the local storage and storing it in a variable. *\/\n\t\t\tconst onetrustStorageConsent = JSON.parse(localStorage.getItem( 'consent_one_trust_bdc' ) );\n\t\t\t\/* Checking to see if the user has consented to the use of cookies.\n\t\t\t* If they have not, it is deleting the cookie.\n\t\t\t* This will comment for now, until further notice.\n\t\t\t*\/\n\t\t\t\/\/if ( onetrustStorageConsent.C0002 === false ) {\n\t\t\t\/\/\tdocument.cookie=\"_fbp=;expires=Thu, 01 Jan 2010 00:00:00 UTC; path=\/; domain=.boston.com\";\n\t\t\t\/\/}\n\t\t\t\/* Checking if the user has given consent for the cookie C0002.\n\t\t\t* If the user has given consent, the variable consent will be set to 'grant'.\n\t\t\t* If the user has not given consent,the variable consent will be set to 'revoke'.\n\t\t\t* Documentation https:\/\/developers.facebook.com\/docs\/meta-pixel\/implementation\/gdpr\n\t\t\t*\/\n\t\t\tif ( ( onetrustStorageConsent !== null ) && (onetrustStorageConsent.C0002 !== true ) ) {\n\t\t\t\tconsent=\"revoke\";\n\t\t\t}\n\t\t\t\t!function(f,b,e,v,n,t,s){if(f.fbq)return;n=f.fbq=function()\n\t\t{n.callMethod? n.callMethod.apply(n,arguments):n.queue.push(arguments)}\n\t\t;if(!f._fbq)f._fbq=n;\n\t\tn.push=n;n.loaded=!0;n.version='2.0';n.queue=[];t=b.createElement(e);t.async=!0;\n\t\tt.src=v;s=b.getElementsByTagName(e)[0];s.parentNode.insertBefore(t,s)}(window,\n\t\tdocument,'script','https:\/\/connect.facebook.net\/en_US\/fbevents.js');\n\t\tfbq('consent', consent);\n\t\tfbq('init', '813236348753005');\n\t\tfbq('track', \"PageView\");\n\t<\/script><br \/>\n<br \/><br \/>\n<br \/><a href=\"https:\/\/www.boston.com\/news\/transportation\/2024\/12\/02\/red-line-speed-restriction-pops-up-days-after-line-declared-slow-zone-free\/\">Source link <\/a><\/p>","protected":false},"excerpt":{"rendered":"<p>Transporte \u201c\u00c9 importante observar que um problema na pista que resulte em restri\u00e7\u00e3o de velocidade pode ser necess\u00e1rio de vez em quando \u2013 isso \u00e9 normal\u201d, disse um porta-voz do&hellip;<\/p>","protected":false},"author":1,"featured_media":69446,"comment_status":"closed","ping_status":"open","sticky":false,"template":"","format":"standard","meta":{"content-type":"","footnotes":""},"categories":[1],"tags":[],"class_list":["post-69445","post","type-post","status-publish","format-standard","has-post-thumbnail","hentry","category-uncategorized"],"_links":{"self":[{"href":"https:\/\/tvbrazilusa.com\/pt\/wp-json\/wp\/v2\/posts\/69445","targetHints":{"allow":["GET"]}}],"collection":[{"href":"https:\/\/tvbrazilusa.com\/pt\/wp-json\/wp\/v2\/posts"}],"about":[{"href":"https:\/\/tvbrazilusa.com\/pt\/wp-json\/wp\/v2\/types\/post"}],"author":[{"embeddable":true,"href":"https:\/\/tvbrazilusa.com\/pt\/wp-json\/wp\/v2\/users\/1"}],"replies":[{"embeddable":true,"href":"https:\/\/tvbrazilusa.com\/pt\/wp-json\/wp\/v2\/comments?post=69445"}],"version-history":[{"count":1,"href":"https:\/\/tvbrazilusa.com\/pt\/wp-json\/wp\/v2\/posts\/69445\/revisions"}],"predecessor-version":[{"id":69447,"href":"https:\/\/tvbrazilusa.com\/pt\/wp-json\/wp\/v2\/posts\/69445\/revisions\/69447"}],"wp:featuredmedia":[{"embeddable":true,"href":"https:\/\/tvbrazilusa.com\/pt\/wp-json\/wp\/v2\/media\/69446"}],"wp:attachment":[{"href":"https:\/\/tvbrazilusa.com\/pt\/wp-json\/wp\/v2\/media?parent=69445"}],"wp:term":[{"taxonomy":"category","embeddable":true,"href":"https:\/\/tvbrazilusa.com\/pt\/wp-json\/wp\/v2\/categories?post=69445"},{"taxonomy":"post_tag","embeddable":true,"href":"https:\/\/tvbrazilusa.com\/pt\/wp-json\/wp\/v2\/tags?post=69445"}],"curies":[{"name":"wp","href":"https:\/\/api.w.org\/{rel}","templated":true}]}}