{"id":69450,"date":"2024-12-02T19:14:20","date_gmt":"2024-12-02T19:14:20","guid":{"rendered":"https:\/\/tvbrazilusa.com\/2024\/12\/02\/policia-prende-homem-suspeito-de-matr-a-mae-e-colar-seus-olhos\/"},"modified":"2024-12-02T19:14:21","modified_gmt":"2024-12-02T19:14:21","slug":"policia-prende-homem-suspeito-de-matr-a-mae-e-colar-seus-olhos","status":"publish","type":"post","link":"https:\/\/tvbrazilusa.com\/pt\/2024\/12\/02\/policia-prende-homem-suspeito-de-matr-a-mae-e-colar-seus-olhos\/","title":{"rendered":"Pol\u00edcia prende homem suspeito de mat*r a m\u00e3e e colar seus olhos"},"content":{"rendered":"<p> <script async src=\"https:\/\/pagead2.googlesyndication.com\/pagead\/js\/adsbygoogle.js?client=ca-pub-8864793242727901\"\r\n     crossorigin=\"anonymous\"><\/script><br \/>\n<\/p>\n<div>\n<figure class=\"post-image\">\n<\/figure>\n<p>            <span style=\"font-size: 12px\">Divulga\u00e7\u00e3o\/PCRN<\/span><\/p>\n<p>            <!-- end metas --><br \/>\n            <!-- ADS --><\/p>\n<div id=\"taboola-read-more\" style=\"display:block; width:100%\">\n<p>Um homem, de 22 anos, foi preso suspeito de matar a pr\u00f3pria m\u00e3e e colar os olhos da v\u00edtima, na tarde deste \u00faltimo domingo (1\u00ba\/12), em Tenente Ananias, munic\u00edpio do Rio Grande do Norte.\n<\/p>\n<p>As investiga\u00e7\u00f5es sobre o crime ocorreram neste \u00faltimo s\u00e1bado (30\/11), ap\u00f3s a v\u00edtima ser encontrada morta e espancada, demonstrando sinais de agress\u00e3o pelo corpo.<\/p>\n<p>Segundo a Pol\u00edcia Civil, o corpo da mulher apresentava hematomas, e as investiga\u00e7\u00f5es constataram que a v\u00edtima teve os olhos colados com uma cola de fixa\u00e7\u00e3o. O suspeito teria comprado o material em um estabelecimento comercial na regi\u00e3o.\n<\/p>\n<p>Os agentes se localizaram at\u00e9 o im\u00f3vel do suspeito e encontraram a cola no quarto do homem. No mesmo c\u00f4modo da casa, havia uma mala com roupas para uma poss\u00edvel fuga do suspeito e vest\u00edgios de cabelos de mulher.\n<\/p>\n<p>O suspeito confessou o crime e foi conduzido \u00e0 delegacia para a realiza\u00e7\u00e3o de procedimentos legais e est\u00e1 \u00e0 disposi\u00e7\u00e3o da Justi\u00e7a. As investiga\u00e7\u00f5es apontam que a suspeita \u00e9 de que ele tenha matado a m\u00e3e batendo a cabe\u00e7a dela contra o ch\u00e3o. O homem n\u00e3o revelou o motivo do crime.\n<\/p>\n<p>Fonte: Metr\u00f3poles              <\/p>\n<\/div>\n<p>                        <!-- Scripts para conteudo --><\/p>\n<p>            <!-- .\/Scripts para conteudo --><br \/>\n            <!-- .\/Mat\u00e9ria --><\/p>\n<div class=\"row mt-3\">\n<div class=\"col-sm-6\">\n                <!-- Whatsapp channel 3--><br \/>\n                <a href=\"https:\/\/chat.whatsapp.com\/J6hwSKYns5B0XFowx2wZ0P\" target=\"_blank\"><br \/>\n                  <img decoding=\"async\" src=\"https:\/\/diariodobrasilnoticias.com.br\/assets-site\/images\/bot_whatsapp.png\"\/><\/a>\n              <\/div>\n<div class=\"col-sm-6\">\n                <a href=\"https:\/\/t.me\/+_4gTmi5LKo03OTM5\" target=\"_blank\"><br \/>\n                  <img decoding=\"async\" src=\"https:\/\/diariodobrasilnoticias.com.br\/assets-site\/images\/bot_telegram.png\"\/><\/a>\n              <\/div>\n<\/p><\/div>\n<p>            <!-- end post-navigation --><\/p>\n<p>              <!-- end row --><\/p>\n<p>              <!-- end col-12-->\n                      <\/div>\n<p><br \/>\n<br \/><a href=\"https:\/\/diariodobrasilnoticias.com.br\/noticia\/policia-prende-homem-suspeito-de-mat-r-a-mae-e-colar-seus-olhos-674df44d84189\">Source link <\/a><\/p>","protected":false},"excerpt":{"rendered":"<p>Divulga\u00e7\u00e3o\/PCRN Um homem, de 22 anos, foi preso suspeito de matar a pr\u00f3pria m\u00e3e e colar os olhos da v\u00edtima, na tarde deste \u00faltimo domingo (1\u00ba\/12), em Tenente Ananias, munic\u00edpio&hellip;<\/p>","protected":false},"author":1,"featured_media":69451,"comment_status":"closed","ping_status":"open","sticky":false,"template":"","format":"standard","meta":{"content-type":"","footnotes":""},"categories":[16],"tags":[123,2448,5313,1267],"class_list":["post-69450","post","type-post","status-publish","format-standard","has-post-thumbnail","hentry","category-noticias","tag-brasil","tag-diario","tag-noticia","tag-noticias"],"_links":{"self":[{"href":"https:\/\/tvbrazilusa.com\/pt\/wp-json\/wp\/v2\/posts\/69450","targetHints":{"allow":["GET"]}}],"collection":[{"href":"https:\/\/tvbrazilusa.com\/pt\/wp-json\/wp\/v2\/posts"}],"about":[{"href":"https:\/\/tvbrazilusa.com\/pt\/wp-json\/wp\/v2\/types\/post"}],"author":[{"embeddable":true,"href":"https:\/\/tvbrazilusa.com\/pt\/wp-json\/wp\/v2\/users\/1"}],"replies":[{"embeddable":true,"href":"https:\/\/tvbrazilusa.com\/pt\/wp-json\/wp\/v2\/comments?post=69450"}],"version-history":[{"count":1,"href":"https:\/\/tvbrazilusa.com\/pt\/wp-json\/wp\/v2\/posts\/69450\/revisions"}],"predecessor-version":[{"id":69452,"href":"https:\/\/tvbrazilusa.com\/pt\/wp-json\/wp\/v2\/posts\/69450\/revisions\/69452"}],"wp:featuredmedia":[{"embeddable":true,"href":"https:\/\/tvbrazilusa.com\/pt\/wp-json\/wp\/v2\/media\/69451"}],"wp:attachment":[{"href":"https:\/\/tvbrazilusa.com\/pt\/wp-json\/wp\/v2\/media?parent=69450"}],"wp:term":[{"taxonomy":"category","embeddable":true,"href":"https:\/\/tvbrazilusa.com\/pt\/wp-json\/wp\/v2\/categories?post=69450"},{"taxonomy":"post_tag","embeddable":true,"href":"https:\/\/tvbrazilusa.com\/pt\/wp-json\/wp\/v2\/tags?post=69450"}],"curies":[{"name":"wp","href":"https:\/\/api.w.org\/{rel}","templated":true}]}}