{"id":69453,"date":"2024-12-02T19:11:53","date_gmt":"2024-12-02T19:11:53","guid":{"rendered":"https:\/\/tvbrazilusa.com\/2024\/12\/02\/as-estacoes-de-radio-de-stephen-king-no-maine-ficarao-em-silencio-para-sempre-na-vespera-de-ano-novo\/"},"modified":"2024-12-02T19:20:50","modified_gmt":"2024-12-02T19:20:50","slug":"as-estacoes-de-radio-de-stephen-king-no-maine-ficarao-em-silencio-para-sempre-na-vespera-de-ano-novo","status":"publish","type":"post","link":"https:\/\/tvbrazilusa.com\/pt\/2024\/12\/02\/as-estacoes-de-radio-de-stephen-king-no-maine-ficarao-em-silencio-para-sempre-na-vespera-de-ano-novo\/","title":{"rendered":"As esta\u00e7\u00f5es de r\u00e1dio de Stephen King no Maine ficar\u00e3o em sil\u00eancio para sempre na v\u00e9spera de Ano Novo"},"content":{"rendered":"<p> <script async src=\"https:\/\/pagead2.googlesyndication.com\/pagead\/js\/adsbygoogle.js?client=ca-pub-8864793242727901\"\r\n     crossorigin=\"anonymous\"><\/script><br \/>\n<\/p>\n<div id=\"\">\n<header class=\"m-article-header m-article-header--standard\">\n\t\t\t\t\t\t\t\t\t\t\t\t<span id=\"article-header-primary-term\"><br \/>\n\t\t\t\t\t\t\t\t<a class=\"a-term a-term--primary\" href=\"https:\/\/www.boston.com\/tag\/entertainment\/\"><\/p>\n<p>\t\t\t\t\t\t\t\tEntretenimento\t\t\t\t\t\t\t\t<\/a><br \/>\n\t\t\t\t\t\t\t<\/span><\/p>\n<h2 class=\"m-article-header__sub-headline\">King, que costumava se apresentar com o Rock Bottom Remainders, uma banda de rock que apresentava \u00edcones liter\u00e1rios, disse que aos 77 anos \u00e9 hora de dizer adeus a tr\u00eas esta\u00e7\u00f5es de Bangor, Maine, que est\u00e3o sangrando dinheiro.<\/h2>\n<figure class=\"a-photo m-article-header__photo\"><figcaption class=\"a-photo__caption\">\n<p>\tNesta foto de 1\u00ba de junho de 2017, o autor Stephen King fala na Book Expo America em Nova York. <em> AP Foto\/Mark Lennihan, Arquivo<\/em>\t<\/figcaption><\/figure>\n<div class=\"m-article-header__meta\">\n<div class=\"m-article-header__byline\">\n<p class=\"m-article-header__author\">\n<p>\t\t\t\t\t\t\t\tPor Associated Press\t\t\t\t\t\t\t<\/p>\n<p>\t\t\t\t\t\t\t\t\t\t\t\t\t\t\t<time class=\"m-article-header__date\"><\/p>\n<p>\t\t\t\t\t\t\t\t\t2 de dezembro de 2024 | 14h11\t\t\t\t\t\t\t\t<\/time><\/p><\/div>\n<\/p><\/div>\n<\/header>\n<p>BANGOR, Maine (AP) \u2013 A estridente esta\u00e7\u00e3o de r\u00e1dio de rock &#8216;n&#8217; roll de Stephen King ficar\u00e1 em sil\u00eancio no final do ano.<\/p>\n<p>O renomado autor e roqueiro de longa data que costumava se apresentar com o Rock Bottom Remainders, uma banda de rock que apresentava \u00edcones liter\u00e1rios, disse na segunda-feira que aos 77 anos, \u00e9 hora de dizer adeus a tr\u00eas esta\u00e7\u00f5es de Bangor, Maine, que est\u00e3o sangrando dinheiro . King manteve as esta\u00e7\u00f5es funcionando por d\u00e9cadas e disse que ele e sua esposa, Tabitha, est\u00e3o orgulhosos de t\u00ea-las mantido funcionando por tanto tempo.<\/p>\n<p>\u201cEmbora o r\u00e1dio em todo o pa\u00eds tenha sido ultrapassado por gigantescos grupos de radiodifus\u00e3o corporativa, adorei ser um propriet\u00e1rio local e independente durante todos esses anos\u201d, disse King em um comunicado. \u201cAdorei as pessoas que iam a essas esta\u00e7\u00f5es todos os dias e entretinham as pessoas, mantinham o equipamento funcionando e davam aos anunciantes locais uma maneira de se conectarem com seus clientes.\u201d<\/p>\n<p>A incurs\u00e3o de King no r\u00e1dio come\u00e7ou aos 36 anos, com a compra, em 1983, de uma esta\u00e7\u00e3o de r\u00e1dio que foi rebatizada de WZON em homenagem ao seu livro, \u201cThe Dead Zone\u201d. Essa esta\u00e7\u00e3o passou por algumas altera\u00e7\u00f5es antes de fechar e ser readquirida por King em 1990.<\/p>\n<p>A forma\u00e7\u00e3o atual da ZONE Corporation consiste em WKIT-FM, que se autodenomina \u201cEsta\u00e7\u00e3o de r\u00e1dio Rock &#8216;n&#8217; Roll de Stephen King\u201d, junto com WZON-AM Retro Radio e uma esta\u00e7\u00e3o alternativa para adultos, WZLO-FM. Eles sair\u00e3o do ar em 31 de dezembro.<\/p>\n<p>Ken Wood, gerente geral das emissoras, disse que est\u00e1 triste porque a era est\u00e1 acabando, mas feliz por isso ter acontecido. \u201cEsta\u00e7\u00f5es de r\u00e1dio independentes e de propriedade local costumavam ser a norma. Restam apenas alguns no Maine e tivemos sorte de termos esses tr\u00eas por tanto tempo\u201d, disse ele.<\/p>\n<div class=\"m-block m-generic-cta\t m-generic-cta--post-content\t m-generic-cta--dark\t m-generic-cta--homepage\t m-generic-cta--email-signup\t\t m-generic-cta-block-style--default \tt-amp__generic-cta\"><\/p>\n<div class=\"m-generic-cta__wrap\">\n<div class=\"m-generic-cta__content\">\n<h3 class=\"m-generic-cta__title\">\ud83d\udcda Mantenha-se atualizado sobre o Clube do Livro<\/h3>\n<p class=\"m-generic-cta__subtitle\">Fique por dentro das \u00faltimas escolhas do Clube do Livro do Boston.com e participe das discuss\u00f5es virtuais dos autores.<\/p>\n<\/p><\/div>\n<\/p><\/div>\n<\/div><\/div>\n<p><script>\n\t\tvar consent=\"grant\";\n\t\t\/* The above code is parsing the JSON data from the local storage and storing it in a variable. *\/\n\t\t\t\t\tconst onetrustStorageConsent = JSON.parse(localStorage.getItem( 'consent_one_trust_bdc' ) );\n\t\t\tif ( ( onetrustStorageConsent !== null ) ) {\n\t\t\t\t\/* Checking to see if the user has consented to the use of cookies.\n\t\t\t\t* If they have not, it is deleting the cookie.\n\t\t\t\t* This will comment for now, until further notice.\n\t\t\t\t*\/\n\t\t\t\t\/\/if ( onetrustStorageConsent.C0002 === false ) {\n\t\t\t\t\/\/\tdocument.cookie=\"_fbp=;expires=Thu, 01 Jan 2010 00:00:00 UTC; path=\/; domain=.boston.com\";\n\t\t\t\t\/\/}\n\t\t\t\t\/* Checking if the user has given consent for the cookie C0002.\n\t\t\t\t* If the user has given consent, the variable consent will be set to 'grant'.\n\t\t\t\t* If the user has not given consent,the variable consent will be set to 'revoke'.\n\t\t\t\t* Documentation https:\/\/developers.facebook.com\/docs\/meta-pixel\/implementation\/gdpr\n\t\t\t\t*\/\n\t\t\t\tif ( onetrustStorageConsent.C0002 !== true ) {\n\t\t\t\t\tconsent=\"revoke\";\n\t\t\t\t}\n\t\t\t}\n\t\t\t\t!function(f,b,e,v,n,t,s)\n\t\t{if(f.fbq)return;n=f.fbq=function(){n.callMethod?\n\t\tn.callMethod.apply(n,arguments):n.queue.push(arguments)};\n\t\tif(!f._fbq)f._fbq=n;n.push=n;n.loaded=!0;n.version='2.0';\n\t\tn.queue=[];t=b.createElement(e);t.async=!0;\n\t\tt.src=v;s=b.getElementsByTagName(e)[0];\n\t\ts.parentNode.insertBefore(t,s)}(window, document,'script',\n\t\t'https:\/\/connect.facebook.net\/en_US\/fbevents.js');\n\t\tfbq('consent', consent);\n\t\tfbq('init', '989222871864976');\n\t\tfbq('track', 'PageView');\n\t<\/script><script type=\"module\">\n\t\tvar consent=\"grant\";\n\t\t\/* The above code is parsing the JSON data from the local storage and storing it in a variable. *\/\n\t\t\tconst onetrustStorageConsent = JSON.parse(localStorage.getItem( 'consent_one_trust_bdc' ) );\n\t\t\t\/* Checking to see if the user has consented to the use of cookies.\n\t\t\t* If they have not, it is deleting the cookie.\n\t\t\t* This will comment for now, until further notice.\n\t\t\t*\/\n\t\t\t\/\/if ( onetrustStorageConsent.C0002 === false ) {\n\t\t\t\/\/\tdocument.cookie=\"_fbp=;expires=Thu, 01 Jan 2010 00:00:00 UTC; path=\/; domain=.boston.com\";\n\t\t\t\/\/}\n\t\t\t\/* Checking if the user has given consent for the cookie C0002.\n\t\t\t* If the user has given consent, the variable consent will be set to 'grant'.\n\t\t\t* If the user has not given consent,the variable consent will be set to 'revoke'.\n\t\t\t* Documentation https:\/\/developers.facebook.com\/docs\/meta-pixel\/implementation\/gdpr\n\t\t\t*\/\n\t\t\tif ( ( onetrustStorageConsent !== null ) && (onetrustStorageConsent.C0002 !== true ) ) {\n\t\t\t\tconsent=\"revoke\";\n\t\t\t}\n\t\t\t\t!function(f,b,e,v,n,t,s){if(f.fbq)return;n=f.fbq=function()\n\t\t{n.callMethod? n.callMethod.apply(n,arguments):n.queue.push(arguments)}\n\t\t;if(!f._fbq)f._fbq=n;\n\t\tn.push=n;n.loaded=!0;n.version='2.0';n.queue=[];t=b.createElement(e);t.async=!0;\n\t\tt.src=v;s=b.getElementsByTagName(e)[0];s.parentNode.insertBefore(t,s)}(window,\n\t\tdocument,'script','https:\/\/connect.facebook.net\/en_US\/fbevents.js');\n\t\tfbq('consent', consent);\n\t\tfbq('init', '813236348753005');\n\t\tfbq('track', \"PageView\");\n\t<\/script><br \/>\n<br \/><br \/>\n<br \/><a href=\"https:\/\/www.boston.com\/culture\/entertainment\/2024\/12\/02\/stephen-kings-maine-radio-stations-will-go-silent-for-good-on-new-years-eve\/\">Source link <\/a><\/p>","protected":false},"excerpt":{"rendered":"<p>Entretenimento King, que costumava se apresentar com o Rock Bottom Remainders, uma banda de rock que apresentava \u00edcones liter\u00e1rios, disse que aos 77 anos \u00e9 hora de dizer adeus a&hellip;<\/p>","protected":false},"author":1,"featured_media":69454,"comment_status":"closed","ping_status":"open","sticky":false,"template":"","format":"standard","meta":{"content-type":"","footnotes":""},"categories":[1],"tags":[],"class_list":["post-69453","post","type-post","status-publish","format-standard","has-post-thumbnail","hentry","category-uncategorized"],"_links":{"self":[{"href":"https:\/\/tvbrazilusa.com\/pt\/wp-json\/wp\/v2\/posts\/69453","targetHints":{"allow":["GET"]}}],"collection":[{"href":"https:\/\/tvbrazilusa.com\/pt\/wp-json\/wp\/v2\/posts"}],"about":[{"href":"https:\/\/tvbrazilusa.com\/pt\/wp-json\/wp\/v2\/types\/post"}],"author":[{"embeddable":true,"href":"https:\/\/tvbrazilusa.com\/pt\/wp-json\/wp\/v2\/users\/1"}],"replies":[{"embeddable":true,"href":"https:\/\/tvbrazilusa.com\/pt\/wp-json\/wp\/v2\/comments?post=69453"}],"version-history":[{"count":1,"href":"https:\/\/tvbrazilusa.com\/pt\/wp-json\/wp\/v2\/posts\/69453\/revisions"}],"predecessor-version":[{"id":69455,"href":"https:\/\/tvbrazilusa.com\/pt\/wp-json\/wp\/v2\/posts\/69453\/revisions\/69455"}],"wp:featuredmedia":[{"embeddable":true,"href":"https:\/\/tvbrazilusa.com\/pt\/wp-json\/wp\/v2\/media\/69454"}],"wp:attachment":[{"href":"https:\/\/tvbrazilusa.com\/pt\/wp-json\/wp\/v2\/media?parent=69453"}],"wp:term":[{"taxonomy":"category","embeddable":true,"href":"https:\/\/tvbrazilusa.com\/pt\/wp-json\/wp\/v2\/categories?post=69453"},{"taxonomy":"post_tag","embeddable":true,"href":"https:\/\/tvbrazilusa.com\/pt\/wp-json\/wp\/v2\/tags?post=69453"}],"curies":[{"name":"wp","href":"https:\/\/api.w.org\/{rel}","templated":true}]}}