{"id":69503,"date":"2024-12-02T20:05:46","date_gmt":"2024-12-02T20:05:46","guid":{"rendered":"https:\/\/tvbrazilusa.com\/2024\/12\/02\/video-manifestantes-entram-em-confronto-com-a-policia-fora-do-parlamento-da-georgia\/"},"modified":"2024-12-02T20:21:22","modified_gmt":"2024-12-02T20:21:22","slug":"video-manifestantes-entram-em-confronto-com-a-policia-fora-do-parlamento-da-georgia","status":"publish","type":"post","link":"https:\/\/tvbrazilusa.com\/pt\/2024\/12\/02\/video-manifestantes-entram-em-confronto-com-a-policia-fora-do-parlamento-da-georgia\/","title":{"rendered":"V\u00eddeo: Manifestantes entram em confronto com a pol\u00edcia fora do Parlamento da Ge\u00f3rgia"},"content":{"rendered":"<p> <script async src=\"https:\/\/pagead2.googlesyndication.com\/pagead\/js\/adsbygoogle.js?client=ca-pub-8864793242727901\"\r\n     crossorigin=\"anonymous\"><\/script><br \/>\n<br \/>Milhares de pessoas protestaram do lado de fora do parlamento georgiano em Tbilisi pela quinta noite consecutiva, depois que o governo suspendeu os planos de ades\u00e3o \u00e0 Uni\u00e3o Europeia.<br \/>\n<br \/><br \/>\n<br \/><a href=\"https:\/\/www.nytimes.com\/video\/world\/europe\/100000009853945\/georgia-government-protests-european-union.html\">Source link <\/a><\/p>","protected":false},"excerpt":{"rendered":"<p>Milhares de pessoas protestaram do lado de fora do parlamento georgiano em Tbilisi pela quinta noite consecutiva, depois que o governo suspendeu os planos de ades\u00e3o \u00e0 Uni\u00e3o Europeia. Source&hellip;<\/p>","protected":false},"author":1,"featured_media":69504,"comment_status":"closed","ping_status":"open","sticky":false,"template":"","format":"standard","meta":{"content-type":"","footnotes":""},"categories":[1],"tags":[31414,6279,31415],"class_list":["post-69503","post","type-post","status-publish","format-standard","has-post-thumbnail","hentry","category-uncategorized","tag-agitacao-civil","tag-georgia","tag-tbilissi"],"_links":{"self":[{"href":"https:\/\/tvbrazilusa.com\/pt\/wp-json\/wp\/v2\/posts\/69503","targetHints":{"allow":["GET"]}}],"collection":[{"href":"https:\/\/tvbrazilusa.com\/pt\/wp-json\/wp\/v2\/posts"}],"about":[{"href":"https:\/\/tvbrazilusa.com\/pt\/wp-json\/wp\/v2\/types\/post"}],"author":[{"embeddable":true,"href":"https:\/\/tvbrazilusa.com\/pt\/wp-json\/wp\/v2\/users\/1"}],"replies":[{"embeddable":true,"href":"https:\/\/tvbrazilusa.com\/pt\/wp-json\/wp\/v2\/comments?post=69503"}],"version-history":[{"count":1,"href":"https:\/\/tvbrazilusa.com\/pt\/wp-json\/wp\/v2\/posts\/69503\/revisions"}],"predecessor-version":[{"id":69505,"href":"https:\/\/tvbrazilusa.com\/pt\/wp-json\/wp\/v2\/posts\/69503\/revisions\/69505"}],"wp:featuredmedia":[{"embeddable":true,"href":"https:\/\/tvbrazilusa.com\/pt\/wp-json\/wp\/v2\/media\/69504"}],"wp:attachment":[{"href":"https:\/\/tvbrazilusa.com\/pt\/wp-json\/wp\/v2\/media?parent=69503"}],"wp:term":[{"taxonomy":"category","embeddable":true,"href":"https:\/\/tvbrazilusa.com\/pt\/wp-json\/wp\/v2\/categories?post=69503"},{"taxonomy":"post_tag","embeddable":true,"href":"https:\/\/tvbrazilusa.com\/pt\/wp-json\/wp\/v2\/tags?post=69503"}],"curies":[{"name":"wp","href":"https:\/\/api.w.org\/{rel}","templated":true}]}}