{"id":69506,"date":"2024-12-02T20:23:36","date_gmt":"2024-12-02T20:23:36","guid":{"rendered":"https:\/\/tvbrazilusa.com\/2024\/12\/02\/africa-do-sul-rejeita-plano-dos-brics-para-substituir-o-dolar\/"},"modified":"2024-12-02T20:23:37","modified_gmt":"2024-12-02T20:23:37","slug":"africa-do-sul-rejeita-plano-dos-brics-para-substituir-o-dolar","status":"publish","type":"post","link":"https:\/\/tvbrazilusa.com\/pt\/2024\/12\/02\/africa-do-sul-rejeita-plano-dos-brics-para-substituir-o-dolar\/","title":{"rendered":"\u00c1frica do Sul rejeita plano dos BRICS para substituir o d\u00f3lar"},"content":{"rendered":"<p> <script async src=\"https:\/\/pagead2.googlesyndication.com\/pagead\/js\/adsbygoogle.js?client=ca-pub-8864793242727901\"\r\n     crossorigin=\"anonymous\"><\/script><br \/>\n<\/p>\n<div id=\"taboola-read-more\" style=\"display:block; width:100%\">\n<p>Porta-voz do Minist\u00e9rio das Rela\u00e7\u00f5es Internacionais e Coopera\u00e7\u00e3o da \u00c1frica do Sul, Chrispin Phiri afirmou que \u201crelatos err\u00f4neos\u201d levaram \u00e0 narrativa incorreta de que o Brics estaria planejando criar uma nova moeda de refer\u00eancia, deixando o d\u00f3lar, mas que \u201ceste n\u00e3o \u00e9 o caso\u201d.\n<\/p>\n<p>Em publica\u00e7\u00e3o na rede social X, Phiri explicou que as discuss\u00f5es do grupo foram de realizar o com\u00e9rcio entre pa\u00edses-membros usando as pr\u00f3prias moedas nacionais.<\/p>\n<p>Em entrevista, o ministro das Finan\u00e7as, Enoch Godongwana, disse que n\u00e3o h\u00e1 documentos do Brics que fale sobre uma nova moeda de refer\u00eancia.\n<\/p>\n<p>\u2013 Se eu estou negociando com chineses, n\u00e3o existe raz\u00f5es para que eles n\u00e3o aceitem o rand. O que queremos \u00e9 utilizar as nossas pr\u00f3prias moedas enquanto estamos fazendo com\u00e9rcio entre n\u00f3s \u2013 explicou.\n<\/p>\n<p>As falas acontecem ap\u00f3s o presidente eleito dos Estados Unidos, Donald Trump, amea\u00e7ar tarifar o Brics em 100%, caso decidam substituir o d\u00f3lar como moeda de refer\u00eancia. Em postagem realizada na Truth Social, o republicano disse que \u201cexige compromisso\u201d dos pa\u00edses do grupo, caso contr\u00e1rio dever\u00e3o \u201cdizer adeus \u00e0 venda para a maravilhosa economia dos EUA\u201d.\n<\/p>\n<p>Por sua vez, o ministro das Rela\u00e7\u00f5es Exteriores da R\u00fassia, Serguei Lavrov, afirmou que o iniciador da discuss\u00e3o sobre a mudan\u00e7a da moeda foi o presidente brasileiro Luiz In\u00e1cio Lula da Silva (PT).\n<\/p>\n<p>Fonte: Pleno News              <\/p>\n<\/div>\n<p><br \/>\n<br \/><a href=\"https:\/\/diariodobrasilnoticias.com.br\/noticia\/africa-do-sul-rejeita-plano-dos-brics-para-substituir-o-dolar-674def143080e\">Source link <\/a><\/p>","protected":false},"excerpt":{"rendered":"<p>Porta-voz do Minist\u00e9rio das Rela\u00e7\u00f5es Internacionais e Coopera\u00e7\u00e3o da \u00c1frica do Sul, Chrispin Phiri afirmou que \u201crelatos err\u00f4neos\u201d levaram \u00e0 narrativa incorreta de que o Brics estaria planejando criar uma&hellip;<\/p>","protected":false},"author":1,"featured_media":69507,"comment_status":"closed","ping_status":"open","sticky":false,"template":"","format":"standard","meta":{"content-type":"","footnotes":""},"categories":[16],"tags":[123,2448,5313,1267],"class_list":["post-69506","post","type-post","status-publish","format-standard","has-post-thumbnail","hentry","category-noticias","tag-brasil","tag-diario","tag-noticia","tag-noticias"],"_links":{"self":[{"href":"https:\/\/tvbrazilusa.com\/pt\/wp-json\/wp\/v2\/posts\/69506","targetHints":{"allow":["GET"]}}],"collection":[{"href":"https:\/\/tvbrazilusa.com\/pt\/wp-json\/wp\/v2\/posts"}],"about":[{"href":"https:\/\/tvbrazilusa.com\/pt\/wp-json\/wp\/v2\/types\/post"}],"author":[{"embeddable":true,"href":"https:\/\/tvbrazilusa.com\/pt\/wp-json\/wp\/v2\/users\/1"}],"replies":[{"embeddable":true,"href":"https:\/\/tvbrazilusa.com\/pt\/wp-json\/wp\/v2\/comments?post=69506"}],"version-history":[{"count":1,"href":"https:\/\/tvbrazilusa.com\/pt\/wp-json\/wp\/v2\/posts\/69506\/revisions"}],"predecessor-version":[{"id":69508,"href":"https:\/\/tvbrazilusa.com\/pt\/wp-json\/wp\/v2\/posts\/69506\/revisions\/69508"}],"wp:featuredmedia":[{"embeddable":true,"href":"https:\/\/tvbrazilusa.com\/pt\/wp-json\/wp\/v2\/media\/69507"}],"wp:attachment":[{"href":"https:\/\/tvbrazilusa.com\/pt\/wp-json\/wp\/v2\/media?parent=69506"}],"wp:term":[{"taxonomy":"category","embeddable":true,"href":"https:\/\/tvbrazilusa.com\/pt\/wp-json\/wp\/v2\/categories?post=69506"},{"taxonomy":"post_tag","embeddable":true,"href":"https:\/\/tvbrazilusa.com\/pt\/wp-json\/wp\/v2\/tags?post=69506"}],"curies":[{"name":"wp","href":"https:\/\/api.w.org\/{rel}","templated":true}]}}