{"id":69511,"date":"2024-12-02T20:23:28","date_gmt":"2024-12-02T20:23:28","guid":{"rendered":"https:\/\/tvbrazilusa.com\/2024\/12\/02\/warren-e-blumenthal-pedem-a-administracao-biden-que-limite-o-uso-militar-domestico-de-trump\/"},"modified":"2024-12-02T20:29:17","modified_gmt":"2024-12-02T20:29:17","slug":"warren-e-blumenthal-pedem-a-administracao-biden-que-limite-o-uso-militar-domestico-de-trump","status":"publish","type":"post","link":"https:\/\/tvbrazilusa.com\/pt\/2024\/12\/02\/warren-e-blumenthal-pedem-a-administracao-biden-que-limite-o-uso-militar-domestico-de-trump\/","title":{"rendered":"Warren e Blumenthal pedem \u00e0 administra\u00e7\u00e3o Biden que limite o uso militar dom\u00e9stico de Trump"},"content":{"rendered":"<p> <script async src=\"https:\/\/pagead2.googlesyndication.com\/pagead\/js\/adsbygoogle.js?client=ca-pub-8864793242727901\"\r\n     crossorigin=\"anonymous\"><\/script><br \/>\n<\/p>\n<div id=\"\">\n<header class=\"m-article-header m-article-header--standard\">\n\t\t\t\t\t\t\t\t\t\t\t\t<span id=\"article-header-primary-term\"><br \/>\n\t\t\t\t\t\t\t\t<a class=\"a-term a-term--primary\" href=\"https:\/\/www.boston.com\/tag\/politics\/\"><\/p>\n<p>\t\t\t\t\t\t\t\tPol\u00edtica\t\t\t\t\t\t\t\t<\/a><br \/>\n\t\t\t\t\t\t\t<\/span><\/p>\n<h2 class=\"m-article-header__sub-headline\">\u201cA inten\u00e7\u00e3o demonstrada de Trump de utilizar os militares de formas t\u00e3o perigosas e sem precedentes pode revelar-se devastadora.\u201d<\/h2>\n<figure class=\"a-photo m-article-header__photo\"><figcaption class=\"a-photo__caption\">\n<p>\tA senadora Elizabeth Warren est\u00e1 instando Joe Biden a emitir uma diretriz pol\u00edtica que impe\u00e7a o envio de militares contra os americanos.<em> Erin Clark\/Equipe da Globo <\/em>\t<\/figcaption><\/figure>\n<\/header>\n<p>Senador de Massachusetts <a href=\"https:\/\/www.boston.com\/tag\/elizabeth-warren\/\">Elizabeth Warren<\/a> e o senador de Connecticut, Richard Blumenthal, enviaram uma carta ao presidente <a href=\"https:\/\/www.boston.com\/tag\/joe-biden\/\">Joe Biden<\/a> e o secret\u00e1rio da Defesa, Lloyd Austin, no domingo, instando-os a emitir uma directiva pol\u00edtica que impediria o envio de pessoal militar contra os americanos \u201ca menos que especificamente autorizado\u201d.<\/p>\n<p>Warren, membro do Comit\u00e9 dos Servi\u00e7os Armados, pediu que a Lei da Insurrei\u00e7\u00e3o \u2013 que permite ao presidente mobilizar militares para a aplica\u00e7\u00e3o da lei civil \u2013 fosse \u201cestritamente aplicada e que o Presidente consultasse o Congresso na medida do poss\u00edvel\u201d.<\/p>\n<p>\u201cNos casos em que as for\u00e7as federais s\u00e3o necess\u00e1rias para proteger ou prevenir viola\u00e7\u00f5es das liberdades civis dos indiv\u00edduos, as for\u00e7as federais s\u00f3 devem ser autorizadas quando o pessoal civil estadual, local ou federal respons\u00e1vel pela aplica\u00e7\u00e3o da lei for incapaz, falhar ou se recusar a proteger seus direitos\u201d, o <a href=\"https:\/\/www.warren.senate.gov\/imo\/media\/doc\/final_-_warren_blumenthal_letter_to_biden_and_austin_requesting_directive_on_use_of_force.pdf\">carta<\/a>datado de 1\u00ba de dezembro, diz.<\/p>\n<p>Durante anos, os defensores t\u00eam chamado a <a href=\"https:\/\/www.brennancenter.org\/our-work\/research-reports\/insurrection-act-explained\">reformar a Lei da Insurrei\u00e7\u00e3o<\/a>chamando-o de \u201cperigosamente vago\u201d e \u201cpronto para abuso\u201d.<\/p>\n<p>\u201cEm teoria, a Lei da Insurrei\u00e7\u00e3o deveria ser usada apenas numa crise que est\u00e1 realmente al\u00e9m da capacidade de gest\u00e3o das autoridades civis\u201d, <a href=\"https:\/\/www.brennancenter.org\/our-work\/research-reports\/insurrection-act-explained\">de acordo com o Brennan Center for Justice da Universidade de Nova York<\/a>. \u201cNo entanto, a Lei da Insurrei\u00e7\u00e3o n\u00e3o define ou limita adequadamente quando pode ser usada e, em vez disso, d\u00e1 ao presidente um poder significativo para decidir quando e onde mobilizar as for\u00e7as militares dos EUA a n\u00edvel interno.\u201d<\/p>\n<p>Em seu primeiro mandato, <a href=\"https:\/\/www.boston.com\/tag\/donald-trump\/\">Donald Trump<\/a> considerou o uso da for\u00e7a militar em resposta aos protestos do Black Lives Matter e foi encorajado a invocar a lei marcial depois de perder as elei\u00e7\u00f5es de 2020, <a href=\"https:\/\/www.nbcnews.com\/politics\/national-security\/democratic-senators-urge-biden-try-limit-trumps-ability-use-us-militar-rcna181980\">de acordo com a NBC News<\/a>. E recentemente, Trump prometeu <a href=\"https:\/\/www.reuters.com\/legal\/trump-plan-use-military-deportations-should-stand-up-court-2024-11-26\/\">apoiar-se nas for\u00e7as militares<\/a> ao lan\u00e7ar o \u201c<a href=\"https:\/\/www.boston.com\/news\/politics\/2024\/11\/10\/trump-on-day-1-begin-deportation-push-pardon-jan-6-rioters-and-make-his-criminal-cases-vanish\/\">maior programa de deporta\u00e7\u00e3o da hist\u00f3ria americana<\/a>.\u201d<\/p>\n<p>Em um <a href=\"https:\/\/www.foxnews.com\/politics\/harris-breaks-silence-after-gop-leaders-say-anti-trump-rhetoric-risks-inviting-another-assassination-attempt\">Entrevista de outubro<\/a> com Maria Bartiromo da Fox News no \u201cSunday Morning Futures\u201d, Trump foi questionado sobre o medo do \u201ccaos\u201d que se seguiria no dia da elei\u00e7\u00e3o.<\/p>\n<p>\u201cTemos algumas pessoas muito m\u00e1s. Temos algumas pessoas doentes, lun\u00e1ticos de esquerda radical\u201d, disse ele. \u201cIsso deveria ser facilmente resolvido, se necess\u00e1rio, pela Guarda Nacional ou, se realmente necess\u00e1rio, pelos militares.\u201d<\/p>\n<p>Antes da posse de Trump, os senadores esperam que a diretriz sirva como uma medida preventiva contra o ex-presidente, cujos conselheiros est\u00e3o elaborando planos para potencialmente invocar a Lei da Insurrei\u00e7\u00e3o no primeiro dia de mandato, <a href=\"https:\/\/www.washingtonpost.com\/politics\/2023\/11\/05\/trump-revenge-second-term\/\">O Washington Post informou no m\u00eas passado<\/a>. O vice-presidente eleito JD Vance <a href=\"https:\/\/www.washingtonpost.com\/elections\/2024\/10\/27\/jd-vance-trump-authoritarian\/\">supostamente defendido<\/a> A promessa de Trump de usar a for\u00e7a militar contra certos americanos foi considerada \u201co inimigo interno\u201d.<\/p>\n<p>Warren tamb\u00e9m <a href=\"https:\/\/www.boston.com\/news\/politics\/2024\/11\/13\/elizabeth-warren-says-trumps-pick-for-defense-secretary-must-be-rejected\/\">mirado<\/a> na escolha de Trump como apresentador da Fox News <a href=\"https:\/\/www.boston.com\/news\/politics\/2024\/11\/12\/trump-nominates-fox-news-host-pete-hegseth-for-defense-secretary\/\">Pete Hegseth<\/a> como seu secret\u00e1rio de defesa, pedindo que a nomea\u00e7\u00e3o \u201cseja rejeitada\u201d. <\/p>\n<p>Na carta, Warren e Blumenthal levantaram preocupa\u00e7\u00f5es sobre a decis\u00e3o da Suprema Corte dos EUA <a href=\"https:\/\/www.supremecourt.gov\/opinions\/23pdf\/23-939_e2pg.pdf\">Trump v. Estados Unidos<\/a> decis\u00e3o que \u201campliou significativamente a imunidade presidencial para atos oficiais\u201d.<\/p>\n<p>\u201cDado o desacordo entre os estudiosos sobre as graves implica\u00e7\u00f5es da recente decis\u00e3o do Supremo Tribunal, \u00e9 razo\u00e1vel assumir que os membros do servi\u00e7o, outro pessoal do DoD e a comunidade militar em geral podem n\u00e3o estar cientes ou compreender plenamente os seus direitos e responsabilidades\u201d, disse o relat\u00f3rio. diz a carta. \u201cSe n\u00e3o for abordada, qualquer ambiguidade sobre o uso legal da for\u00e7a militar, juntamente com a inten\u00e7\u00e3o demonstrada pelo presidente eleito Trump de utilizar os militares de formas t\u00e3o perigosas e sem precedentes, pode revelar-se devastadora.\u201d<\/p>\n<div class=\"o-author-single has-avatar\">\n<header class=\"m-author-card\">\n<div class=\"a-image a-image--square m-author-card__image\">\n\t\t<img decoding=\"async\" class=\"\" src=\"https:\/\/www.boston.com\/wp-content\/uploads\/2024\/09\/cropped-1708366528224-66f6a3bb1db19-66f6a3c33f251.jpg\" alt=\"Imagem do perfil de Lindsay Shachnow\"\/>\t<\/div>\n<\/header>\n<section class=\"author-info\">\n<div class=\"m-author__section\">\n<p>Lindsay Shachnow cobre not\u00edcias de atribui\u00e7\u00f5es gerais para <a href=\"http:\/\/boston.com\/\">Boston.com<\/a>reportando as \u00faltimas not\u00edcias, crimes e pol\u00edtica em toda a Nova Inglaterra.<\/p>\n<\/div>\n<\/section>\n<\/div>\n<div class=\"m-block m-generic-cta\t m-generic-cta--post-content\t m-generic-cta--dark\t m-generic-cta--homepage\t m-generic-cta--email-signup\t\t m-generic-cta-block-style--default \tt-amp__generic-cta\"><\/p>\n<div class=\"m-generic-cta__wrap\">\n<div class=\"m-generic-cta__content\">\n<h3 class=\"m-generic-cta__title\">Boston.com hoje<\/h3>\n<p class=\"m-generic-cta__subtitle\">Inscreva-se para receber as \u00faltimas manchetes em sua caixa de entrada todas as manh\u00e3s.<\/p>\n<\/p><\/div>\n<\/p><\/div>\n<\/div><\/div>\n<p><script>\n\t\tvar consent=\"grant\";\n\t\t\/* The above code is parsing the JSON data from the local storage and storing it in a variable. *\/\n\t\t\t\t\tconst onetrustStorageConsent = JSON.parse(localStorage.getItem( 'consent_one_trust_bdc' ) );\n\t\t\tif ( ( onetrustStorageConsent !== null ) ) {\n\t\t\t\t\/* Checking to see if the user has consented to the use of cookies.\n\t\t\t\t* If they have not, it is deleting the cookie.\n\t\t\t\t* This will comment for now, until further notice.\n\t\t\t\t*\/\n\t\t\t\t\/\/if ( onetrustStorageConsent.C0002 === false ) {\n\t\t\t\t\/\/\tdocument.cookie=\"_fbp=;expires=Thu, 01 Jan 2010 00:00:00 UTC; path=\/; domain=.boston.com\";\n\t\t\t\t\/\/}\n\t\t\t\t\/* Checking if the user has given consent for the cookie C0002.\n\t\t\t\t* If the user has given consent, the variable consent will be set to 'grant'.\n\t\t\t\t* If the user has not given consent,the variable consent will be set to 'revoke'.\n\t\t\t\t* Documentation https:\/\/developers.facebook.com\/docs\/meta-pixel\/implementation\/gdpr\n\t\t\t\t*\/\n\t\t\t\tif ( onetrustStorageConsent.C0002 !== true ) {\n\t\t\t\t\tconsent=\"revoke\";\n\t\t\t\t}\n\t\t\t}\n\t\t\t\t!function(f,b,e,v,n,t,s)\n\t\t{if(f.fbq)return;n=f.fbq=function(){n.callMethod?\n\t\tn.callMethod.apply(n,arguments):n.queue.push(arguments)};\n\t\tif(!f._fbq)f._fbq=n;n.push=n;n.loaded=!0;n.version='2.0';\n\t\tn.queue=[];t=b.createElement(e);t.async=!0;\n\t\tt.src=v;s=b.getElementsByTagName(e)[0];\n\t\ts.parentNode.insertBefore(t,s)}(window, document,'script',\n\t\t'https:\/\/connect.facebook.net\/en_US\/fbevents.js');\n\t\tfbq('consent', consent);\n\t\tfbq('init', '989222871864976');\n\t\tfbq('track', 'PageView');\n\t<\/script><script type=\"module\">\n\t\tvar consent=\"grant\";\n\t\t\/* The above code is parsing the JSON data from the local storage and storing it in a variable. *\/\n\t\t\tconst onetrustStorageConsent = JSON.parse(localStorage.getItem( 'consent_one_trust_bdc' ) );\n\t\t\t\/* Checking to see if the user has consented to the use of cookies.\n\t\t\t* If they have not, it is deleting the cookie.\n\t\t\t* This will comment for now, until further notice.\n\t\t\t*\/\n\t\t\t\/\/if ( onetrustStorageConsent.C0002 === false ) {\n\t\t\t\/\/\tdocument.cookie=\"_fbp=;expires=Thu, 01 Jan 2010 00:00:00 UTC; path=\/; domain=.boston.com\";\n\t\t\t\/\/}\n\t\t\t\/* Checking if the user has given consent for the cookie C0002.\n\t\t\t* If the user has given consent, the variable consent will be set to 'grant'.\n\t\t\t* If the user has not given consent,the variable consent will be set to 'revoke'.\n\t\t\t* Documentation https:\/\/developers.facebook.com\/docs\/meta-pixel\/implementation\/gdpr\n\t\t\t*\/\n\t\t\tif ( ( onetrustStorageConsent !== null ) && (onetrustStorageConsent.C0002 !== true ) ) {\n\t\t\t\tconsent=\"revoke\";\n\t\t\t}\n\t\t\t\t!function(f,b,e,v,n,t,s){if(f.fbq)return;n=f.fbq=function()\n\t\t{n.callMethod? n.callMethod.apply(n,arguments):n.queue.push(arguments)}\n\t\t;if(!f._fbq)f._fbq=n;\n\t\tn.push=n;n.loaded=!0;n.version='2.0';n.queue=[];t=b.createElement(e);t.async=!0;\n\t\tt.src=v;s=b.getElementsByTagName(e)[0];s.parentNode.insertBefore(t,s)}(window,\n\t\tdocument,'script','https:\/\/connect.facebook.net\/en_US\/fbevents.js');\n\t\tfbq('consent', consent);\n\t\tfbq('init', '813236348753005');\n\t\tfbq('track', \"PageView\");\n\t<\/script><br \/>\n<br \/><br \/>\n<br \/><a href=\"https:\/\/www.boston.com\/news\/politics\/2024\/12\/02\/warren-blumenthal-urge-biden-administration-to-limit-trumps-domestic-military-use\/\">Source link <\/a><\/p>","protected":false},"excerpt":{"rendered":"<p>Pol\u00edtica \u201cA inten\u00e7\u00e3o demonstrada de Trump de utilizar os militares de formas t\u00e3o perigosas e sem precedentes pode revelar-se devastadora.\u201d A senadora Elizabeth Warren est\u00e1 instando Joe Biden a emitir&hellip;<\/p>","protected":false},"author":1,"featured_media":69512,"comment_status":"closed","ping_status":"open","sticky":false,"template":"","format":"standard","meta":{"content-type":"","footnotes":""},"categories":[1],"tags":[],"class_list":["post-69511","post","type-post","status-publish","format-standard","has-post-thumbnail","hentry","category-uncategorized"],"_links":{"self":[{"href":"https:\/\/tvbrazilusa.com\/pt\/wp-json\/wp\/v2\/posts\/69511","targetHints":{"allow":["GET"]}}],"collection":[{"href":"https:\/\/tvbrazilusa.com\/pt\/wp-json\/wp\/v2\/posts"}],"about":[{"href":"https:\/\/tvbrazilusa.com\/pt\/wp-json\/wp\/v2\/types\/post"}],"author":[{"embeddable":true,"href":"https:\/\/tvbrazilusa.com\/pt\/wp-json\/wp\/v2\/users\/1"}],"replies":[{"embeddable":true,"href":"https:\/\/tvbrazilusa.com\/pt\/wp-json\/wp\/v2\/comments?post=69511"}],"version-history":[{"count":1,"href":"https:\/\/tvbrazilusa.com\/pt\/wp-json\/wp\/v2\/posts\/69511\/revisions"}],"predecessor-version":[{"id":69513,"href":"https:\/\/tvbrazilusa.com\/pt\/wp-json\/wp\/v2\/posts\/69511\/revisions\/69513"}],"wp:featuredmedia":[{"embeddable":true,"href":"https:\/\/tvbrazilusa.com\/pt\/wp-json\/wp\/v2\/media\/69512"}],"wp:attachment":[{"href":"https:\/\/tvbrazilusa.com\/pt\/wp-json\/wp\/v2\/media?parent=69511"}],"wp:term":[{"taxonomy":"category","embeddable":true,"href":"https:\/\/tvbrazilusa.com\/pt\/wp-json\/wp\/v2\/categories?post=69511"},{"taxonomy":"post_tag","embeddable":true,"href":"https:\/\/tvbrazilusa.com\/pt\/wp-json\/wp\/v2\/tags?post=69511"}],"curies":[{"name":"wp","href":"https:\/\/api.w.org\/{rel}","templated":true}]}}