{"id":69522,"date":"2024-12-02T20:33:07","date_gmt":"2024-12-02T20:33:07","guid":{"rendered":"https:\/\/tvbrazilusa.com\/2024\/12\/02\/fdot-busca-feedback-sobre-ampliacao-da-i-95-perto-do-centro-da-cidade-jacksonville-hoje\/"},"modified":"2024-12-02T20:39:28","modified_gmt":"2024-12-02T20:39:28","slug":"fdot-busca-feedback-sobre-ampliacao-da-i-95-perto-do-centro-da-cidade-jacksonville-hoje","status":"publish","type":"post","link":"https:\/\/tvbrazilusa.com\/pt\/2024\/12\/02\/fdot-busca-feedback-sobre-ampliacao-da-i-95-perto-do-centro-da-cidade-jacksonville-hoje\/","title":{"rendered":"FDOT busca feedback sobre amplia\u00e7\u00e3o da I-95 perto do centro da cidade | Jacksonville hoje"},"content":{"rendered":"<p> <script async src=\"https:\/\/pagead2.googlesyndication.com\/pagead\/js\/adsbygoogle.js?client=ca-pub-8864793242727901\"\r\n     crossorigin=\"anonymous\"><\/script><br \/>\n<\/p>\n<div>\n<p>O Departamento de Transportes da Fl\u00f3rida realizar\u00e1 duas audi\u00eancias p\u00fablicas para obter feedback sobre um projeto de amplia\u00e7\u00e3o <a href=\"https:\/\/jaxtoday.org\/2024\/09\/17\/whats-in-store-for-the-i-95-emerson-street-interchange\/\">Interestadual 95<\/a> perto do centro da cidade.<\/p>\n<p>Este projeto ocorrer\u00e1 da I-95 perto de Kings Road at\u00e9 a Interstate 10 perto de Forest Street, <a href=\"https:\/\/www.news4jax.com\/news\/local\/2024\/12\/02\/fdot-seeks-publics-feedback-on-project-to-widen-i-95-near-downtown\/\" rel=\"nofollow noopener\" target=\"_blank\">Relat\u00f3rios News4Jax<\/a>.<\/p>\n<p>Ele consertar\u00e1 o conv\u00e9s da ponte Myrtle Avenue e adicionar\u00e1 duas faixas em cada sentido na I-95.<\/p>\n<figure class=\"wp-block-image size-large\"><\/figure>\n<p>A ponte Myrtle Avenue Overpass \u00e9 um marco hist\u00f3rico, constru\u00edda h\u00e1 quase 70 anos, em 1955. \u00c9 a \u00fanica ponte em arco de a\u00e7o remanescente no estado.<\/p>\n<p>Existem duas oportunidades para participar de uma reuni\u00e3o p\u00fablica, fazer perguntas e compartilhar ideias sobre o projeto.<\/p>\n<p>O primeiro encontro \u00e9 virtual e come\u00e7a \u00e0s 17h30 de segunda-feira. Os coment\u00e1rios p\u00fablicos est\u00e3o previstos para come\u00e7ar \u00e0s 18h<\/p>\n<p>As pessoas tamb\u00e9m ter\u00e3o a oportunidade de participar de uma reuni\u00e3o presencial \u00e0s 16h30 de ter\u00e7a-feira no Centro de Treinamento em Evid\u00eancias do FDOT Urban Office.<\/p>\n<p><em>Esta hist\u00f3ria foi produzida por <a href=\"https:\/\/www.news4jax.com\/\" rel=\"nofollow noopener\" target=\"_blank\">News4Jax<\/a>um <\/em>Jacksonville hoje<em> parceiro de not\u00edcias.<\/em><\/p>\n<\/div>\n<p><br \/>\n<br \/><a href=\"https:\/\/jaxtoday.org\/2024\/12\/02\/i-95-widening-downtown-jacksonville\/\">Source link <\/a><\/p>","protected":false},"excerpt":{"rendered":"<p>O Departamento de Transportes da Fl\u00f3rida realizar\u00e1 duas audi\u00eancias p\u00fablicas para obter feedback sobre um projeto de amplia\u00e7\u00e3o Interestadual 95 perto do centro da cidade. Este projeto ocorrer\u00e1 da I-95&hellip;<\/p>","protected":false},"author":1,"featured_media":69523,"comment_status":"closed","ping_status":"open","sticky":false,"template":"","format":"standard","meta":{"content-type":"","footnotes":""},"categories":[1],"tags":[],"class_list":["post-69522","post","type-post","status-publish","format-standard","has-post-thumbnail","hentry","category-uncategorized"],"_links":{"self":[{"href":"https:\/\/tvbrazilusa.com\/pt\/wp-json\/wp\/v2\/posts\/69522","targetHints":{"allow":["GET"]}}],"collection":[{"href":"https:\/\/tvbrazilusa.com\/pt\/wp-json\/wp\/v2\/posts"}],"about":[{"href":"https:\/\/tvbrazilusa.com\/pt\/wp-json\/wp\/v2\/types\/post"}],"author":[{"embeddable":true,"href":"https:\/\/tvbrazilusa.com\/pt\/wp-json\/wp\/v2\/users\/1"}],"replies":[{"embeddable":true,"href":"https:\/\/tvbrazilusa.com\/pt\/wp-json\/wp\/v2\/comments?post=69522"}],"version-history":[{"count":1,"href":"https:\/\/tvbrazilusa.com\/pt\/wp-json\/wp\/v2\/posts\/69522\/revisions"}],"predecessor-version":[{"id":69524,"href":"https:\/\/tvbrazilusa.com\/pt\/wp-json\/wp\/v2\/posts\/69522\/revisions\/69524"}],"wp:featuredmedia":[{"embeddable":true,"href":"https:\/\/tvbrazilusa.com\/pt\/wp-json\/wp\/v2\/media\/69523"}],"wp:attachment":[{"href":"https:\/\/tvbrazilusa.com\/pt\/wp-json\/wp\/v2\/media?parent=69522"}],"wp:term":[{"taxonomy":"category","embeddable":true,"href":"https:\/\/tvbrazilusa.com\/pt\/wp-json\/wp\/v2\/categories?post=69522"},{"taxonomy":"post_tag","embeddable":true,"href":"https:\/\/tvbrazilusa.com\/pt\/wp-json\/wp\/v2\/tags?post=69522"}],"curies":[{"name":"wp","href":"https:\/\/api.w.org\/{rel}","templated":true}]}}