{"id":69562,"date":"2024-12-02T16:41:42","date_gmt":"2024-12-02T16:41:42","guid":{"rendered":"https:\/\/tvbrazilusa.com\/2024\/12\/02\/brasileiros-exilados-na-argentina-entrevista-agnes-gusmao\/"},"modified":"2024-12-02T16:41:42","modified_gmt":"2024-12-02T16:41:42","slug":"brasileiros-exilados-na-argentina-entrevista-agnes-gusmao","status":"publish","type":"post","link":"https:\/\/tvbrazilusa.com\/pt\/2024\/12\/02\/brasileiros-exilados-na-argentina-entrevista-agnes-gusmao\/","title":{"rendered":"BRASILEIROS EXILADOS NA ARGENTINA &#8211; Entrevista Agnes Gusm\u00e3o"},"content":{"rendered":"<p><iframe  width=\"580\" height=\"385\" src=\"https:\/\/www.youtube.com\/embed\/jnPwIH40hAI?modestbranding=1\" frameborder=\"0\" allowfullscreen><\/iframe><br \/>\n<br \/>Agnes Gusm\u00e3o, 21 anos, universit\u00e1ria de odontologia, \u00e9 filha do casal Joelton e Alessandra, dois presos pol\u00edticos do dia 08 de Janeiro.<\/p>\n<p>Durante 6 meses sua m\u00e3e ficou ilegalmente detida no pres\u00eddio da Colmeia, em Bras\u00edlia, obrigando que seus dois filhos pequenos (Jo\u00e3o Guido e Ian) ficassem aos cuidados de Agnes e vizinhos. <\/p>\n<p>Joelton, que permaneceu no pres\u00eddio da Papuda por 10 meses, voltou ao c\u00e1rcere, agora na Argentina, levando a fam\u00edlia novamente ao sofrimento da persegui\u00e7\u00e3o pol\u00edtica. <\/p>\n<p>Neste momento h\u00e1 5 brasileiros detidos em pris\u00f5es argentinas, a despeito de se encontrarem com processos de asilo pol\u00edtico em andamento: Joelton Gusm\u00e3o de Oliveira, Rodrigo de Freitas Moro, Wellington Luiz Firmino, Joel Borges Corr\u00eaa e Ana Paula de Souza.<\/p>\n<p>Todos ingressaram na Argentina legalmente e se apresentaram \u00e0s autoridades, expondo formalmente seus casos de persegui\u00e7\u00e3o pol\u00edtica perpetrada pelo ministro Alexandre de Moraes do STF.<br \/>\n<br \/><a href=\"https:\/\/www.youtube.com\/watch?v=jnPwIH40hAI\">source<\/a><\/p>","protected":false},"excerpt":{"rendered":"<p>Agnes Gusm\u00e3o, 21 anos, universit\u00e1ria de odontologia, \u00e9 filha do casal Joelton e Alessandra, dois presos pol\u00edticos do dia 08 de Janeiro. Durante 6 meses sua m\u00e3e ficou ilegalmente detida&hellip;<\/p>","protected":false},"author":1,"featured_media":69563,"comment_status":"","ping_status":"open","sticky":false,"template":"","format":"standard","meta":{"content-type":"","footnotes":""},"categories":[17],"tags":[31423,1736,128,137,22544,31424],"class_list":["post-69562","post","type-post","status-publish","format-standard","has-post-thumbnail","hentry","category-programas","tag-agnes","tag-argentina","tag-brasileiros","tag-entrevista","tag-exilados","tag-gusmao"],"_links":{"self":[{"href":"https:\/\/tvbrazilusa.com\/pt\/wp-json\/wp\/v2\/posts\/69562","targetHints":{"allow":["GET"]}}],"collection":[{"href":"https:\/\/tvbrazilusa.com\/pt\/wp-json\/wp\/v2\/posts"}],"about":[{"href":"https:\/\/tvbrazilusa.com\/pt\/wp-json\/wp\/v2\/types\/post"}],"author":[{"embeddable":true,"href":"https:\/\/tvbrazilusa.com\/pt\/wp-json\/wp\/v2\/users\/1"}],"replies":[{"embeddable":true,"href":"https:\/\/tvbrazilusa.com\/pt\/wp-json\/wp\/v2\/comments?post=69562"}],"version-history":[{"count":0,"href":"https:\/\/tvbrazilusa.com\/pt\/wp-json\/wp\/v2\/posts\/69562\/revisions"}],"wp:featuredmedia":[{"embeddable":true,"href":"https:\/\/tvbrazilusa.com\/pt\/wp-json\/wp\/v2\/media\/69563"}],"wp:attachment":[{"href":"https:\/\/tvbrazilusa.com\/pt\/wp-json\/wp\/v2\/media?parent=69562"}],"wp:term":[{"taxonomy":"category","embeddable":true,"href":"https:\/\/tvbrazilusa.com\/pt\/wp-json\/wp\/v2\/categories?post=69562"},{"taxonomy":"post_tag","embeddable":true,"href":"https:\/\/tvbrazilusa.com\/pt\/wp-json\/wp\/v2\/tags?post=69562"}],"curies":[{"name":"wp","href":"https:\/\/api.w.org\/{rel}","templated":true}]}}