{"id":69722,"date":"2024-12-03T02:57:14","date_gmt":"2024-12-03T02:57:14","guid":{"rendered":"https:\/\/tvbrazilusa.com\/2024\/12\/03\/trump-diz-que-participara-da-celebracao-de-reabertura-da-catedral-de-notre-dame-em-paris-neste-fim-de-semana-wsvn-7news-noticias-de-miami-clima-esportes-fort-lauderdale\/"},"modified":"2024-12-03T02:59:44","modified_gmt":"2024-12-03T02:59:44","slug":"trump-diz-que-participara-da-celebracao-de-reabertura-da-catedral-de-notre-dame-em-paris-neste-fim-de-semana-wsvn-7news-noticias-de-miami-clima-esportes-fort-lauderdale","status":"publish","type":"post","link":"https:\/\/tvbrazilusa.com\/pt\/2024\/12\/03\/trump-diz-que-participara-da-celebracao-de-reabertura-da-catedral-de-notre-dame-em-paris-neste-fim-de-semana-wsvn-7news-noticias-de-miami-clima-esportes-fort-lauderdale\/","title":{"rendered":"Trump diz que participar\u00e1 da celebra\u00e7\u00e3o de reabertura da Catedral de Notre Dame em Paris neste fim de semana &#8211; WSVN 7News | Not\u00edcias de Miami, clima, esportes | Fort Lauderdale"},"content":{"rendered":"<p> <script async src=\"https:\/\/pagead2.googlesyndication.com\/pagead\/js\/adsbygoogle.js?client=ca-pub-8864793242727901\"\r\n     crossorigin=\"anonymous\"><\/script><br \/>\n<\/p>\n<div itemprop=\"articleBody\">\n<p>NOVA IORQUE (AP) \u2013 O presidente eleito Donald Trump participar\u00e1 na celebra\u00e7\u00e3o de reabertura da Catedral de Notre Dame em Paris neste fim de semana, sua primeira viagem ao exterior desde a elei\u00e7\u00e3o.<\/p>\n<p>A catedral deve reabrir no s\u00e1bado, ap\u00f3s mais de cinco anos de reconstru\u00e7\u00e3o, ap\u00f3s um inc\u00eandio devastador em 2019 que engoliu e quase destruiu o imponente marco de Paris. As cerim\u00f4nias realizadas no s\u00e1bado e no domingo ser\u00e3o de alta seguran\u00e7a, com a presen\u00e7a esperada de cerca de 50 chefes de estado e de governo.<\/p>\n<p>Trump anunciou que estar\u00e1 entre eles em uma postagem em seu site Truth Social na noite de segunda-feira.<\/p>\n<p>\u201c\u00c9 uma honra anunciar que viajarei para Paris, Fran\u00e7a, no s\u00e1bado para assistir \u00e0 reabertura da magn\u00edfica e hist\u00f3rica Catedral de Notre Dame, que foi totalmente restaurada ap\u00f3s um inc\u00eandio devastador h\u00e1 cinco anos\u201d, escreveu ele. . \u201cO presidente Emmanuel Macron fez um trabalho maravilhoso garantindo que Notre Dame fosse restaurada ao seu n\u00edvel m\u00e1ximo de gl\u00f3ria, e ainda mais. Ser\u00e1 um dia muito especial para todos!\u201d<\/p>\n<p>A viagem ser\u00e1 a primeira de Trump ao exterior desde que venceu as elei\u00e7\u00f5es presidenciais de novembro. Ele viajou para a Esc\u00f3cia e a Irlanda em maio de 2023, como candidato, para visitar os campos de golfe locais.<\/p>\n<p>Trump era presidente em 2019, quando um grande inc\u00eandio engoliu Notre Dame, destruindo a sua torre e amea\u00e7ando destruir um dos maiores tesouros arquitet\u00f3nicos do mundo, conhecido pelos seus fascinantes vitrais.<\/p>\n<p>Trump assistiu ao inferno com horror, juntamente com o resto do mundo.<\/p>\n<p>\u201c\u00c9 horr\u00edvel assistir ao grande inc\u00eandio na Catedral de Notre Dame, em Paris\u201d, escreveu ele no ent\u00e3o chamado Twitter, oferecendo seus conselhos \u00e0 cidade.<\/p>\n<p>\u201cTalvez caminh\u00f5es-pipa voadores pudessem ser usados \u200b\u200bpara apag\u00e1-lo. Deve agir rapidamente!\u201d ele escreveu.<\/p>\n<p>As autoridades francesas pareceram responder pouco depois, nada de que \u201ctodos os meios\u201d estivessem a ser utilizados para extinguir as chamas, \u201cexceto avi\u00f5es de bombardeamento de \u00e1gua que, se utilizados, poderiam levar ao colapso de toda a estrutura da catedral\u201d.<\/p>\n<p>Trump tamb\u00e9m conversou com Macron e o Papa Francisco na altura para apresentar as suas condol\u00eancias e disse que lhes ofereceu \u201ca ajuda dos nossos grandes especialistas em renova\u00e7\u00e3o e constru\u00e7\u00e3o\u201d.<\/p>\n<p>Trump e Macron tiveram uma rela\u00e7\u00e3o complicada.<\/p>\n<p>Durante o primeiro mandato de Trump, Macron provou estar entre os l\u00edderes mundiais mais h\u00e1beis em gerir os caprichos do presidente norte-americano, ao tentar desenvolver uma liga\u00e7\u00e3o pessoal constru\u00edda em grande parte na lisonja.<\/p>\n<p>Macron foi o convidado de honra no primeiro jantar de Estado de Trump e Trump viajou v\u00e1rias vezes para Fran\u00e7a. Mas a rela\u00e7\u00e3o azedou \u00e0 medida que o mandato de Trump avan\u00e7ava e Macron criticou-o por questionar a necessidade da NATO e por levantar d\u00favidas sobre o compromisso dos EUA com o pacto de defesa m\u00fatua.<\/p>\n<p>Ao concorrer a um segundo mandato este ano, Trump zombou frequentemente de Macron durante a campanha, imitando o seu sotaque e amea\u00e7ando impor tarifas elevadas sobre garrafas de vinho e champanhe enviadas para os EUA se a Fran\u00e7a tentasse tributar as empresas norte-americanas.<\/p>\n<p>Depois que Trump ganhou outro mandato no m\u00eas passado, Macron correu para ganhar o favor do presidente eleito. Ele foi um dos primeiros l\u00edderes globais a parabenizar Trump \u2013 mesmo antes de a Associated Press declarar a corrida a seu favor \u2013 e derrotou o primeiro-ministro do Reino Unido, Keir Starmer, ao fazer um telefonema de felicita\u00e7\u00f5es.<\/p>\n<p>\u201cParab\u00e9ns, presidente @realDonaldTrump\u201d, postou Macron no X no in\u00edcio de 6 de novembro. \u201cPronto para trabalhar juntos como fizemos durante quatro anos. Com as suas convic\u00e7\u00f5es e as minhas. Com respeito e ambi\u00e7\u00e3o. Por mais paz e prosperidade.\u201d<\/p>\n<p>Macron e outros l\u00edderes europeus est\u00e3o a tentar persuadir Trump a n\u00e3o abandonar o apoio dos EUA \u00e0 Ucr\u00e2nia na sua luta contra a invas\u00e3o russa de quase tr\u00eas anos. Os l\u00edderes europeus esperam convencer Trump de que uma vit\u00f3ria da R\u00fassia seria vista como uma derrota para os EUA \u2013 e para o novo presidente, por extens\u00e3o \u2013 na esperan\u00e7a de convenc\u00ea-lo da necessidade de procurar um fim para a guerra mais favor\u00e1vel a Kiev do que ele de outra forma poderia procurar.<\/p>\n<p>Trump anunciou no fim de semana que pretende nomear o promotor imobili\u00e1rio Charles Kushner, pai de seu genro, Jared Kushner, para servir como embaixador na Fran\u00e7a. O Kushner mais velho foi perdoado por Trump em dezembro de 2020, depois de se declarar culpado anos antes de evas\u00e3o fiscal e de fazer doa\u00e7\u00f5es ilegais de campanha.<\/p>\n<p>A reabertura de Notre Dame ser\u00e1 uma celebra\u00e7\u00e3o elaborada de v\u00e1rios dias, come\u00e7ando no s\u00e1bado.<\/p>\n<p>O arcebispo de Paris, Laurent Ulrich, presidir\u00e1 um servi\u00e7o religioso de reabertura naquela tarde, batendo nas portas fechadas de Notre Dame com sua equipe para reabri-las, de acordo com o site da catedral.<\/p>\n<p>O arcebispo tamb\u00e9m despertar\u00e1 simbolicamente o estrondoso grande \u00f3rg\u00e3o de Notre Dame. O fogo que derreteu o telhado de chumbo da catedral cobriu o enorme instrumento com poeira t\u00f3xica. Seus 8.000 tubos foram meticulosamente desmontados, limpos e reajustados.<\/p>\n<p>Macron comparecer\u00e1 e se dirigir\u00e1 aos convidados VIP.<\/p>\n<p>Ap\u00f3s o culto, as cantoras de \u00f3pera Pretty Yende, da \u00c1frica do Sul, e Julie Fuchs, da Fran\u00e7a; o pianista chin\u00eas Lang Lang; o violoncelista parisiense Yo-Yo Ma; a cantora nascida no Benin, Angelique Kidjo; A cantora libanesa Hiba Tawaji e outros se apresentar\u00e3o em um show no s\u00e1bado \u00e0 noite, de acordo com a emissora do programa, France T\u00e9l\u00e9visions.<\/p>\n<p>Na manh\u00e3 de domingo, o arcebispo de Paris presidir\u00e1 uma missa inaugural e consagra\u00e7\u00e3o do novo altar.<\/p>\n<p>Quase 170 bispos da Fran\u00e7a e de outros pa\u00edses participar\u00e3o da celebra\u00e7\u00e3o, juntamente com sacerdotes de todas as 106 par\u00f3quias da diocese de Paris. A missa ser\u00e1 seguida de um \u201cbuffet fraterno\u201d para os necessitados.<\/p>\n<p>A Ile de la Cit\u00e9, onde fica a catedral no meio do rio Sena, ser\u00e1 bloqueada para turistas durante os eventos. Uma \u00e1rea de exibi\u00e7\u00e3o p\u00fablica com capacidade para 40 mil espectadores ser\u00e1 montada ao longo da margem sul do Sena.<\/p>\n<p><em>Direitos autorais 2024 da Associated Press. Todos os direitos reservados. Este material n\u00e3o pode ser publicado, transmitido, reescrito ou redistribu\u00eddo.<\/em><\/p>\n<div class=\"wp-block-newsletter\">\n\t<strong class=\"wp-block-newsletter__title\">Cadastre-se em nosso boletim informativo para receber as \u00faltimas not\u00edcias diretamente na sua caixa de entrada<\/strong><\/p>\n<\/div><\/div>\n<p><br \/>\n<br \/><a href=\"https:\/\/wsvn.com\/news\/politics\/trump-says-hell-attend-notre-dame-cathedral-reopening-celebration-in-paris-this-weekend\/\">Source link <\/a><\/p>","protected":false},"excerpt":{"rendered":"<p>NOVA IORQUE (AP) \u2013 O presidente eleito Donald Trump participar\u00e1 na celebra\u00e7\u00e3o de reabertura da Catedral de Notre Dame em Paris neste fim de semana, sua primeira viagem ao exterior&hellip;<\/p>","protected":false},"author":1,"featured_media":69723,"comment_status":"closed","ping_status":"open","sticky":false,"template":"","format":"standard","meta":{"content-type":"","footnotes":""},"categories":[1],"tags":[],"class_list":["post-69722","post","type-post","status-publish","format-standard","has-post-thumbnail","hentry","category-uncategorized"],"_links":{"self":[{"href":"https:\/\/tvbrazilusa.com\/pt\/wp-json\/wp\/v2\/posts\/69722","targetHints":{"allow":["GET"]}}],"collection":[{"href":"https:\/\/tvbrazilusa.com\/pt\/wp-json\/wp\/v2\/posts"}],"about":[{"href":"https:\/\/tvbrazilusa.com\/pt\/wp-json\/wp\/v2\/types\/post"}],"author":[{"embeddable":true,"href":"https:\/\/tvbrazilusa.com\/pt\/wp-json\/wp\/v2\/users\/1"}],"replies":[{"embeddable":true,"href":"https:\/\/tvbrazilusa.com\/pt\/wp-json\/wp\/v2\/comments?post=69722"}],"version-history":[{"count":1,"href":"https:\/\/tvbrazilusa.com\/pt\/wp-json\/wp\/v2\/posts\/69722\/revisions"}],"predecessor-version":[{"id":69724,"href":"https:\/\/tvbrazilusa.com\/pt\/wp-json\/wp\/v2\/posts\/69722\/revisions\/69724"}],"wp:featuredmedia":[{"embeddable":true,"href":"https:\/\/tvbrazilusa.com\/pt\/wp-json\/wp\/v2\/media\/69723"}],"wp:attachment":[{"href":"https:\/\/tvbrazilusa.com\/pt\/wp-json\/wp\/v2\/media?parent=69722"}],"wp:term":[{"taxonomy":"category","embeddable":true,"href":"https:\/\/tvbrazilusa.com\/pt\/wp-json\/wp\/v2\/categories?post=69722"},{"taxonomy":"post_tag","embeddable":true,"href":"https:\/\/tvbrazilusa.com\/pt\/wp-json\/wp\/v2\/tags?post=69722"}],"curies":[{"name":"wp","href":"https:\/\/api.w.org\/{rel}","templated":true}]}}