{"id":69754,"date":"2024-12-03T04:13:09","date_gmt":"2024-12-03T04:13:09","guid":{"rendered":"https:\/\/tvbrazilusa.com\/2024\/12\/03\/jayson-tatum-combinou-conforto-aconchegante-e-streetwear-sofisticado-para-um-visual-fashion-de-tunel\/"},"modified":"2024-12-03T04:20:08","modified_gmt":"2024-12-03T04:20:08","slug":"jayson-tatum-combinou-conforto-aconchegante-e-streetwear-sofisticado-para-um-visual-fashion-de-tunel","status":"publish","type":"post","link":"https:\/\/tvbrazilusa.com\/pt\/2024\/12\/03\/jayson-tatum-combinou-conforto-aconchegante-e-streetwear-sofisticado-para-um-visual-fashion-de-tunel\/","title":{"rendered":"Jayson Tatum combinou conforto aconchegante e streetwear sofisticado para um visual fashion de t\u00fanel"},"content":{"rendered":"<p> <script async src=\"https:\/\/pagead2.googlesyndication.com\/pagead\/js\/adsbygoogle.js?client=ca-pub-8864793242727901\"\r\n     crossorigin=\"anonymous\"><\/script><br \/>\n<\/p>\n<div id=\"\">\n<header class=\"m-article-header m-article-header--standard\">\n\t\t\t\t\t\t\t\t\t\t\t\t<span id=\"article-header-primary-term\"><br \/>\n\t\t\t\t\t\t\t\t<a class=\"a-term a-term--primary\" href=\"https:\/\/www.boston.com\/tag\/boston-celtics\/\"><\/p>\n<p>\t\t\t\t\t\t\t\tCeltas\t\t\t\t\t\t\t\t<\/a><br \/>\n\t\t\t\t\t\t\t<\/span><\/p>\n<h2 class=\"m-article-header__sub-headline\">Estilo sensato para uma vit\u00f3ria sensata contra o Miami Heat ap\u00f3s uma derrota em Cleveland.<\/h2>\n<figure class=\"a-photo m-article-header__photo\"><figcaption class=\"a-photo__caption\">\n<p>\tO atacante do Celtics, Jayson Tatum, durante o jogo de segunda \u00e0 noite.<em> Foto AP\/Charles Krupa<\/em>\t<\/figcaption><\/figure>\n<\/header>\n<p>Talvez fosse o caso das segundas-feiras. Talvez tenha sido o <a href=\"https:\/\/www.tiktok.com\/discover\/going-to-work-monday-after-thanksgiving\">Segunda-feira depois do Dia de A\u00e7\u00e3o de Gra\u00e7as<\/a> \u2013 aquele primeiro retorno dif\u00edcil ao trabalho depois de um fim de semana de feriado. Talvez porque fosse o <a href=\"https:\/\/www.boston.com\/weather\/weather\/2024\/12\/02\/cold-and-snow-on-tap-for-the-week-heres-what-boston-meteorologists-are-saying\/\">primeiro dia muito frio<\/a> em Boston daqui a pouco. \u201cA manh\u00e3 mais fria at\u00e9 agora para alguns\u201d, Dave Epstein, meteorologista da <em>O Globo de Boston<\/em>postado on-line. Talvez o Celtics tenha se sentido cansado na segunda noite consecutiva. <\/p>\n<div class=\"m-block t-amp__list-container m-article-list-container m-article-list-container--frame-border a-border-frame  a-list-header__headline--red m-article-list--alternative--default  m-article-list--floated\">\n<ul class=\"t-amp__list a-list--no-style m-article-list m-article-list--recirculation m-article-list--has-images\">\n<li class=\"m-article-list__item m-article-list__item--featured\">\n\t\t\t<a class=\"m-article-list__link-wrapper\" href=\"https:\/\/www.boston.com\/sports\/boston-celtics\/2024\/12\/02\/payton-pritchard-talks-trash-helps-lead-the-celtics-to-big-win-over-heat-6-takeaways\/?p1=article_recirc_inline_feature\" data-p1=\"article_recirc_inline_feature\"><br \/>\n\t\t\t\t<img fetchpriority=\"high\" decoding=\"async\" width=\"768\" height=\"432\" src=\"https:\/\/bdc2020.o0bc.com\/wp-content\/uploads\/2024\/12\/ZT3HNMTLMI3CLYSFT5TXDUYUNM-674e77230fb00-768x432.jpg\" class=\"t-amp__list-image m-article-list__image m-article-list__image--full\" alt=\"O armador do Celtics, Payton Pritchard, faz uma cesta de 3 pontos durante o primeiro quarto.\" aria-hidden=\"true\" srcset=\"https:\/\/bdc2020.o0bc.com\/wp-content\/uploads\/2024\/12\/ZT3HNMTLMI3CLYSFT5TXDUYUNM-674e77230fb00-768x432.jpg?width=200 200w, https:\/\/bdc2020.o0bc.com\/wp-content\/uploads\/2024\/12\/ZT3HNMTLMI3CLYSFT5TXDUYUNM-674e77230fb00-768x432.jpg?width=300 300w, https:\/\/bdc2020.o0bc.com\/wp-content\/uploads\/2024\/12\/ZT3HNMTLMI3CLYSFT5TXDUYUNM-674e77230fb00-768x432.jpg?width=400 400w, https:\/\/bdc2020.o0bc.com\/wp-content\/uploads\/2024\/12\/ZT3HNMTLMI3CLYSFT5TXDUYUNM-674e77230fb00-768x432.jpg?width=500 500w, https:\/\/bdc2020.o0bc.com\/wp-content\/uploads\/2024\/12\/ZT3HNMTLMI3CLYSFT5TXDUYUNM-674e77230fb00-768x432.jpg?width=600 600w, https:\/\/bdc2020.o0bc.com\/wp-content\/uploads\/2024\/12\/ZT3HNMTLMI3CLYSFT5TXDUYUNM-674e77230fb00-768x432.jpg?width=700 700w, https:\/\/bdc2020.o0bc.com\/wp-content\/uploads\/2024\/12\/ZT3HNMTLMI3CLYSFT5TXDUYUNM-674e77230fb00-768x432.jpg?width=800 800w, https:\/\/bdc2020.o0bc.com\/wp-content\/uploads\/2024\/12\/ZT3HNMTLMI3CLYSFT5TXDUYUNM-674e77230fb00-768x432.jpg?width=900 900w\" sizes=\"(max-width: 768px) 100vw, 768px\"\/>\t\t\t\t\t<\/p>\n<p><h4 class=\"m-article-list__headline t-amp__list-headline\">\n\t\t\t\t\t\t\t<span class=\"m-article-list__link a-link a-link--inline a-link--text-link a-link--text-link-dark\"><\/p>\n<p>\t\t\t\t\t\t\tPayton Pritchard fala mal e ajuda a levar o Celtics a uma grande vit\u00f3ria sobre o Heat: 6 conclus\u00f5es\t\t\t\t\t\t\t<\/span><br \/>\n\t\t\t\t\t\t<\/h4>\n<\/p>\n<p>\t\t\t\t<\/a>\n\t\t\t<\/li>\n<li class=\"m-article-list__item\">\n\t\t\t\t\t<a class=\"m-article-list__link-wrapper\" href=\"https:\/\/www.boston.com\/sports\/boston-celtics\/2024\/12\/02\/jrue-holiday-boston-celtics-jayson-tatum-summer-olympics-steve-kerr\/?p1=article_recirc_inline_feed\" data-p1=\"article_recirc_inline_feed\"><\/p>\n<p><h4 class=\"m-article-list__headline\">\n\t\t\t\t\t\t\t\t\t<span class=\"m-article-list__link a-link a-link--inline a-link--text-link a-link--text-link-dark\"><\/p>\n<p>\t\t\t\t\t\t\t\t\tJrue Holiday admite que foi \u2018estranho\u2019 ver Jayson Tatum no banco nas Olimp\u00edadas\t\t\t\t\t\t\t\t\t<\/span><br \/>\n\t\t\t\t\t\t\t\t<\/h4>\n<\/p>\n<p>\t\t\t\t\t\t<\/a>\n\t\t\t\t\t<\/li>\n<\/ul>\n<\/div>\n<p>Qualquer que seja a vibra\u00e7\u00e3o do \u201c<a href=\"https:\/\/www.instagram.com\/p\/DDGExXTpdg5\/?hl=en&#038;img_index=1\">Pista JetBlue<\/a>\u201dNa noite de segunda-feira, f\u00e3s e espectadores viram Jayson Tatum em seus tons neutros habituais: bege, creme, cinza, bege, casca de ovo, esbranqui\u00e7ado ou marfim, muitas vezes combinado com outro neutro como branco, preto, cinza ou marrom.<\/p>\n<p>Talvez Tatum estivesse canalizando sua vers\u00e3o de roupas confort\u00e1veis \u200b\u200bou \u201cmoletons de apoio emocional\u201d em seu confi\u00e1vel colorway, especialmente depois daquela derrota para os Cavaliers em Cleveland no domingo.<\/p>\n<p>O que \u00e9 compreens\u00edvel \u2013 \u00e0s vezes voc\u00ea precisa trabalhar, mas n\u00e3o quer <em>sentir<\/em> como se voc\u00ea estivesse vestindo roupas de trabalho. Essa \u00e9 a beleza de <a href=\"https:\/\/www.businessinsider.com\/guides\/style\/best-stretchy-work-pants-women#best-paper-bag-halara-paper-bag-suit-pants-8\">Halara<\/a> ou outros estilos de <a href=\"https:\/\/www.buzzfeed.com\/tessaflores\/target-office-sweatpants\">suores de escrit\u00f3rio<\/a>.<\/p>\n<blockquote class=\"instagram-media\" data-instgrm-captioned=\"\" data-instgrm-permalink=\"https:\/\/www.instagram.com\/p\/DDGExXTpdg5\/?utm_source=ig_embed&#038;utm_campaign=loading\" data-instgrm-version=\"14\" style=\" background:#FFF; border:0; border-radius:3px; box-shadow:0 0 1px 0 rgba(0,0,0,0.5),0 1px 10px 0 rgba(0,0,0,0.15); margin: 1px; max-width:540px; min-width:326px; padding:0; width:99.375%; width:-webkit-calc(100% - 2px); width:calc(100% - 2px);\"\/>\n<p>\u00c9 claro que Tatum n\u00e3o <em>na verdade<\/em> use cal\u00e7as de moletom. Ele usava cal\u00e7a e top da marca <a href=\"https:\/\/www.dietstartsmonday.us\/collections\/sweatshirts\/products\/cheetah-sport-pullover-1\">Dieta come\u00e7a segunda-feira<\/a>estampado na frente do pul\u00f4ver simples de dois tons \u2013 talvez sugerindo os restos de uma refei\u00e7\u00e3o de A\u00e7\u00e3o de Gra\u00e7as, ou possivelmente refletindo os \u00faltimos minutos lentos na noite de domingo contra o Cavs.<\/p>\n<p>Com esta paleta de cores consistente e seu exclusivo bloqueio de cores neutras, Tatum se inclinou para o conforto de seu familiar.<\/p>\n<p>Veja como Tatum usou preto, castanho e branco juntos no passado.<\/p>\n<ul class=\"wp-block-list\">\n<li><a href=\"https:\/\/www.hot97.com\/news\/starting-5-nba-stars-shine-in-new-netflix-series\/\">Preto e castanho<\/a>: Tatum usou um terno bege com uma camisa preta com gola redonda e sapatos pretos em um evento do programa da Netflix <em>Come\u00e7ando 5<\/em>.<\/li>\n<\/ul>\n<ul class=\"wp-block-list\">\n<li><a href=\"https:\/\/www.boston.com\/sports\/boston-celtics\/2024\/11\/09\/jayson-tatum-celtics-fashion-jordan-tatum-3-new-colorway\/\">Branco, cinza e castanho<\/a>: Tatum alinhou perfeitamente com o lan\u00e7amento de seu t\u00eanis Jordan Tatum 3, tamb\u00e9m em colorway neutro.<\/li>\n<\/ul>\n<ul class=\"wp-block-list\">\n<li><a href=\"https:\/\/www.instagram.com\/p\/DAyM7Xop3ml\/?hl=en&#038;img_index=1\">Cinza e marfim<\/a>: Tatum chegou com esse visual para um jogo de pr\u00e9-temporada em Abu Dhabi.<\/li>\n<\/ul>\n<ul class=\"wp-block-list\">\n<li><a href=\"https:\/\/www.instagram.com\/p\/C8VaXNYv9Dg\/?hl=en&#038;img_index=1\">Dourado, preto e branco<\/a>: Tatum mudou o tom e o padr\u00e3o para a vit\u00f3ria do time no Banner 18, mas acabou vestindo suas cores habituais. <\/li>\n<\/ul>\n<ul class=\"wp-block-list\">\n<li><a href=\"https:\/\/rain-mag.com\/jayson-tatums-versace-game-day-fit-scores-big-at-nba-playoffs-against-cleveland-cavaliers\">Branco e castanho<\/a>: Tatum apareceu para o jogo 3 das semifinais da Confer\u00eancia Leste em um conjunto Versace de duas pe\u00e7as de carga e colete combinando.<\/li>\n<\/ul>\n<ul class=\"wp-block-list\">\n<li><a href=\"https:\/\/www.hautetime.com\/jayson-tatum-shows-off-his-extensive-watch-collection\/\">Bege e cinza<\/a>: Tatum desfilou com sua cole\u00e7\u00e3o de rel\u00f3gios para o <em>Altos tempos<\/em>.<\/li>\n<\/ul>\n<p>Tatum mostrou acima e na noite de segunda-feira que o simples pode ser melhor. O frio pode ser fresco. Voc\u00ea n\u00e3o precisa <a href=\"https:\/\/www.tiktok.com\/@nba\/video\/7442958510545030442\">ganhos loucos<\/a> para chamar a aten\u00e7\u00e3o. \u00c0s vezes voc\u00ea precisa dar um descanso. \u00c0s vezes voc\u00ea precisa proteger sua paz. Isso pode ter ajudado o Celtics a garantir a vit\u00f3ria contra o Miami Heat por 89-108.<\/p>\n<p>Ou isso, ou Tatum queria manter o <a href=\"https:\/\/www.boston.com\/sports\/b-side-sports\/2024\/12\/02\/happy-100th-bruins\/\">centen\u00e1rio<\/a> celebra\u00e7\u00e3o acontecendo.<\/p>\n<blockquote class=\"instagram-media\" data-instgrm-captioned=\"\" data-instgrm-permalink=\"https:\/\/www.instagram.com\/p\/DDDUd1BpPWo\/?utm_source=ig_embed&#038;utm_campaign=loading\" data-instgrm-version=\"14\" style=\" background:#FFF; border:0; border-radius:3px; box-shadow:0 0 1px 0 rgba(0,0,0,0.5),0 1px 10px 0 rgba(0,0,0,0.15); margin: 1px; max-width:540px; min-width:326px; padding:0; width:99.375%; width:-webkit-calc(100% - 2px); width:calc(100% - 2px);\"\/>\n<div class=\"m-block m-generic-cta\t m-generic-cta--post-content\t m-generic-cta--dark\t m-generic-cta--homepage\t m-generic-cta--email-signup\t\t m-generic-cta-block-style--default \tt-amp__generic-cta\"><\/p>\n<div class=\"m-generic-cta__wrap\">\n<div class=\"m-generic-cta__content\">\n<h3 class=\"m-generic-cta__title\">Inscreva-se para receber atualiza\u00e7\u00f5es do Celtics\ud83c\udfc0<\/h3>\n<p class=\"m-generic-cta__subtitle\">Receba as \u00faltimas not\u00edcias e an\u00e1lises em sua caixa de entrada durante a temporada de basquete.<\/p>\n<\/p><\/div>\n<\/p><\/div>\n<\/div><\/div>\n<p><script>\n\t\tvar consent=\"grant\";\n\t\t\/* The above code is parsing the JSON data from the local storage and storing it in a variable. *\/\n\t\t\t\t\tconst onetrustStorageConsent = JSON.parse(localStorage.getItem( 'consent_one_trust_bdc' ) );\n\t\t\tif ( ( onetrustStorageConsent !== null ) ) {\n\t\t\t\t\/* Checking to see if the user has consented to the use of cookies.\n\t\t\t\t* If they have not, it is deleting the cookie.\n\t\t\t\t* This will comment for now, until further notice.\n\t\t\t\t*\/\n\t\t\t\t\/\/if ( onetrustStorageConsent.C0002 === false ) {\n\t\t\t\t\/\/\tdocument.cookie=\"_fbp=;expires=Thu, 01 Jan 2010 00:00:00 UTC; path=\/; domain=.boston.com\";\n\t\t\t\t\/\/}\n\t\t\t\t\/* Checking if the user has given consent for the cookie C0002.\n\t\t\t\t* If the user has given consent, the variable consent will be set to 'grant'.\n\t\t\t\t* If the user has not given consent,the variable consent will be set to 'revoke'.\n\t\t\t\t* Documentation https:\/\/developers.facebook.com\/docs\/meta-pixel\/implementation\/gdpr\n\t\t\t\t*\/\n\t\t\t\tif ( onetrustStorageConsent.C0002 !== true ) {\n\t\t\t\t\tconsent=\"revoke\";\n\t\t\t\t}\n\t\t\t}\n\t\t\t\t!function(f,b,e,v,n,t,s)\n\t\t{if(f.fbq)return;n=f.fbq=function(){n.callMethod?\n\t\tn.callMethod.apply(n,arguments):n.queue.push(arguments)};\n\t\tif(!f._fbq)f._fbq=n;n.push=n;n.loaded=!0;n.version='2.0';\n\t\tn.queue=[];t=b.createElement(e);t.async=!0;\n\t\tt.src=v;s=b.getElementsByTagName(e)[0];\n\t\ts.parentNode.insertBefore(t,s)}(window, document,'script',\n\t\t'https:\/\/connect.facebook.net\/en_US\/fbevents.js');\n\t\tfbq('consent', consent);\n\t\tfbq('init', '989222871864976');\n\t\tfbq('track', 'PageView');\n\t<\/script><script type=\"module\">\n\t\tvar consent=\"grant\";\n\t\t\/* The above code is parsing the JSON data from the local storage and storing it in a variable. *\/\n\t\t\tconst onetrustStorageConsent = JSON.parse(localStorage.getItem( 'consent_one_trust_bdc' ) );\n\t\t\t\/* Checking to see if the user has consented to the use of cookies.\n\t\t\t* If they have not, it is deleting the cookie.\n\t\t\t* This will comment for now, until further notice.\n\t\t\t*\/\n\t\t\t\/\/if ( onetrustStorageConsent.C0002 === false ) {\n\t\t\t\/\/\tdocument.cookie=\"_fbp=;expires=Thu, 01 Jan 2010 00:00:00 UTC; path=\/; domain=.boston.com\";\n\t\t\t\/\/}\n\t\t\t\/* Checking if the user has given consent for the cookie C0002.\n\t\t\t* If the user has given consent, the variable consent will be set to 'grant'.\n\t\t\t* If the user has not given consent,the variable consent will be set to 'revoke'.\n\t\t\t* Documentation https:\/\/developers.facebook.com\/docs\/meta-pixel\/implementation\/gdpr\n\t\t\t*\/\n\t\t\tif ( ( onetrustStorageConsent !== null ) && (onetrustStorageConsent.C0002 !== true ) ) {\n\t\t\t\tconsent=\"revoke\";\n\t\t\t}\n\t\t\t\t!function(f,b,e,v,n,t,s){if(f.fbq)return;n=f.fbq=function()\n\t\t{n.callMethod? n.callMethod.apply(n,arguments):n.queue.push(arguments)}\n\t\t;if(!f._fbq)f._fbq=n;\n\t\tn.push=n;n.loaded=!0;n.version='2.0';n.queue=[];t=b.createElement(e);t.async=!0;\n\t\tt.src=v;s=b.getElementsByTagName(e)[0];s.parentNode.insertBefore(t,s)}(window,\n\t\tdocument,'script','https:\/\/connect.facebook.net\/en_US\/fbevents.js');\n\t\tfbq('consent', consent);\n\t\tfbq('init', '813236348753005');\n\t\tfbq('track', \"PageView\");\n\t<\/script><script async src=\"\/\/www.instagram.com\/embed.js\"><\/script><script async src=\"\/\/www.tiktok.com\/embed.js\"><\/script><br \/>\n<br \/><br \/>\n<br \/><a href=\"https:\/\/www.boston.com\/sports\/boston-celtics\/2024\/12\/02\/jayson-tatum-combined-cozy-comfort-and-upscale-streetwear-for-tunnel-fashion-look\/\">Source link <\/a><\/p>","protected":false},"excerpt":{"rendered":"<p>Celtas Estilo sensato para uma vit\u00f3ria sensata contra o Miami Heat ap\u00f3s uma derrota em Cleveland. O atacante do Celtics, Jayson Tatum, durante o jogo de segunda \u00e0 noite. Foto&hellip;<\/p>","protected":false},"author":1,"featured_media":69755,"comment_status":"closed","ping_status":"open","sticky":false,"template":"","format":"standard","meta":{"content-type":"","footnotes":""},"categories":[1],"tags":[],"class_list":["post-69754","post","type-post","status-publish","format-standard","has-post-thumbnail","hentry","category-uncategorized"],"_links":{"self":[{"href":"https:\/\/tvbrazilusa.com\/pt\/wp-json\/wp\/v2\/posts\/69754","targetHints":{"allow":["GET"]}}],"collection":[{"href":"https:\/\/tvbrazilusa.com\/pt\/wp-json\/wp\/v2\/posts"}],"about":[{"href":"https:\/\/tvbrazilusa.com\/pt\/wp-json\/wp\/v2\/types\/post"}],"author":[{"embeddable":true,"href":"https:\/\/tvbrazilusa.com\/pt\/wp-json\/wp\/v2\/users\/1"}],"replies":[{"embeddable":true,"href":"https:\/\/tvbrazilusa.com\/pt\/wp-json\/wp\/v2\/comments?post=69754"}],"version-history":[{"count":1,"href":"https:\/\/tvbrazilusa.com\/pt\/wp-json\/wp\/v2\/posts\/69754\/revisions"}],"predecessor-version":[{"id":69756,"href":"https:\/\/tvbrazilusa.com\/pt\/wp-json\/wp\/v2\/posts\/69754\/revisions\/69756"}],"wp:featuredmedia":[{"embeddable":true,"href":"https:\/\/tvbrazilusa.com\/pt\/wp-json\/wp\/v2\/media\/69755"}],"wp:attachment":[{"href":"https:\/\/tvbrazilusa.com\/pt\/wp-json\/wp\/v2\/media?parent=69754"}],"wp:term":[{"taxonomy":"category","embeddable":true,"href":"https:\/\/tvbrazilusa.com\/pt\/wp-json\/wp\/v2\/categories?post=69754"},{"taxonomy":"post_tag","embeddable":true,"href":"https:\/\/tvbrazilusa.com\/pt\/wp-json\/wp\/v2\/tags?post=69754"}],"curies":[{"name":"wp","href":"https:\/\/api.w.org\/{rel}","templated":true}]}}