{"id":69769,"date":"2024-12-03T10:01:35","date_gmt":"2024-12-03T10:01:35","guid":{"rendered":"https:\/\/tvbrazilusa.com\/2024\/12\/03\/lula-promete-ajudar-gramado-em-evento-de-natal-apos-as-enchentes-mas-nao-cumpre-sua-palavra-diz-organizacao\/"},"modified":"2024-12-03T10:01:39","modified_gmt":"2024-12-03T10:01:39","slug":"lula-promete-ajudar-gramado-em-evento-de-natal-apos-as-enchentes-mas-nao-cumpre-sua-palavra-diz-organizacao","status":"publish","type":"post","link":"https:\/\/tvbrazilusa.com\/pt\/2024\/12\/03\/lula-promete-ajudar-gramado-em-evento-de-natal-apos-as-enchentes-mas-nao-cumpre-sua-palavra-diz-organizacao\/","title":{"rendered":"Lula promete ajudar gramado em evento de Natal, ap\u00f3s as enchentes, mas n\u00e3o cumpre sua palavra. diz organiza\u00e7\u00e3o"},"content":{"rendered":"<p> <script async src=\"https:\/\/pagead2.googlesyndication.com\/pagead\/js\/adsbygoogle.js?client=ca-pub-8864793242727901\"\r\n     crossorigin=\"anonymous\"><\/script><br \/>\n<\/p>\n<div id=\"taboola-read-more\" style=\"display:block; width:100%\">\n<p>Tr\u00eas situa\u00e7\u00f5es envolvendo o\u00a0<strong>Governo Federal, Minist\u00e9rio do Turismo, Petrobras e o Natal Luz<\/strong>\u00a0provocam grande indigna\u00e7\u00e3o nos bastidores do maior evento de Natal do pa\u00eds, e nos gestores dos eventos p\u00fablicos de Gramado.\n<\/p>\n<p>Conforme apurou a coluna, havia uma conversa do Minist\u00e9rio do Turismo no sentido de a pasta apoiar os eventos p\u00fablicos de Gramado, como forma de incentivar a retomada ap\u00f3s as enchentes que assolaram o Rio Grande do Sul e provocaram a paralisa\u00e7\u00e3o do Turismo ga\u00facho, e gramadense, por cerca de seis meses.<\/p>\n<p>Ocorre que, nenhum valor foi aportando para o Natal Luz, maior evento de Natal do pa\u00eds. \u201c<em>O MTur (Minist\u00e9rio do Turismo) n\u00e3o aportou nenhum e recurso no Natal Luz. Houve v\u00e1rias tratativas em fun\u00e7\u00e3o da recupera\u00e7\u00e3o do Estado e retomada dos eventos e turismo depois da calamidade no Estado. Infelizmente nenhum valor foi aportado<\/em>\u201c, informou ao\u00a0<strong>Acontece Gramado\u00a0<\/strong>a presidente da Gramadotur,\u00a0<strong>Rosa Helena Volk.<\/strong>\n<\/p>\n<p>Rosa tamb\u00e9m confirma que nenhum evento p\u00fablico de Gramado foi selecionado pela Lei Rouanet e pelo edital da Petrobras. \u201c<em>N\u00e3o fomos selecionados com nenhum projeto da Rouanet Emergencial. E, o edital da Petrobras, tamb\u00e9m n\u00e3o contemplou nenhum evento de Gramado<\/em>\u201c, lamentou a gestora dos eventos p\u00fablicos da cidade.\n<\/p>\n<p>Neste ano, a Petrobras e o Minist\u00e9rio da Cultura lan\u00e7aram edital para destinar cerca de\u00a0<strong>R$ 250 milh\u00f5es para projetos culturais via leis Rouanet e do Audiovisual.<\/strong>\n<\/p>\n<p>O edital previa aportar recursos em espa\u00e7os e institui\u00e7\u00f5es art\u00edstico-culturais e de mem\u00f3ria, grupos e coletivos art\u00edsticos est\u00e1veis, produ\u00e7\u00e3o e distribui\u00e7\u00e3o de longas-metragens, distribui\u00e7\u00e3o de longas-metragens em cinema, desenvolvimento do audiovisual e da cultura digital, circuitos de espet\u00e1culos art\u00edsticos, circuitos de exposi\u00e7\u00f5es de arte, festivais e mostras e festas populares.\n<\/p>\n<p>O fato de, nem o<strong>\u00a0Festival de Cinema<\/strong><strong>de Gramado<\/strong>, principal evento de apoio e incentivo ao Cinema Nacional, estar entre os contemplados gerou muita revolta em Gramado.\n<\/p>\n<h2 id=\"h-alem-da-falta-de-apoio-a-gafe-nas-redes-sociais\" class=\"wp-block-heading\">Al\u00e9m da falta de apoio, a gafe nas redes sociais<\/h2>\n<p>Para completar o pacote de frustra\u00e7\u00f5es com o Governo Federal, uma postagem nas redes sociais foi o estopim para deteriorar ainda mais a rela\u00e7\u00e3o dos gestores gramadenses com o Minist\u00e9rio do Turismo.\n<\/p>\n<p>Em um post de 27 de novembro no perfil oficial do Minist\u00e9rio do Turismo, a pasta divulga o Natal como impulso para a retomada econ\u00f4mica do Rio Grande do Sul. \u201c<em>Milh\u00f5es de visitantes s\u00e3o esperados para apreciar as decora\u00e7\u00f5es natalinas pelo estado<\/em>\u201c, diz a postagem incluindo ainda fotos e datas dos eventos:\u00a0<strong>Sonho de Natal de Canela, Magia do Natal de Nova Petr\u00f3polis e Natal da Esperan\u00e7a de Bento Gon\u00e7alves.<\/strong>\n<\/p>\n<p>Para surpresa de todos, o\u00a0<strong>Natal Luz (maior e mais importante evento de Natal do Brasil)<\/strong>, n\u00e3o foi sequer citado o que gerou grande revolta nos bastidores. Veja a seguir o post publicado:\n<\/p>\n<\/p>\n<p>Fonte: Acontece Gramado              <\/p>\n<\/div>\n<p><br \/>\n<br \/><a href=\"https:\/\/diariodobrasilnoticias.com.br\/noticia\/lula-promete-ajudar-gramado-em-evento-de-natal-apos-as-enchentes-mas-nao-cumpre-sua-palavra-diz-organizacao-674ed6cf8ce36\">Source link <\/a><\/p>","protected":false},"excerpt":{"rendered":"<p>Tr\u00eas situa\u00e7\u00f5es envolvendo o\u00a0Governo Federal, Minist\u00e9rio do Turismo, Petrobras e o Natal Luz\u00a0provocam grande indigna\u00e7\u00e3o nos bastidores do maior evento de Natal do pa\u00eds, e nos gestores dos eventos p\u00fablicos&hellip;<\/p>","protected":false},"author":1,"featured_media":69770,"comment_status":"closed","ping_status":"open","sticky":false,"template":"","format":"standard","meta":{"content-type":"","footnotes":""},"categories":[16],"tags":[123,2448,5313,1267],"class_list":["post-69769","post","type-post","status-publish","format-standard","has-post-thumbnail","hentry","category-noticias","tag-brasil","tag-diario","tag-noticia","tag-noticias"],"_links":{"self":[{"href":"https:\/\/tvbrazilusa.com\/pt\/wp-json\/wp\/v2\/posts\/69769","targetHints":{"allow":["GET"]}}],"collection":[{"href":"https:\/\/tvbrazilusa.com\/pt\/wp-json\/wp\/v2\/posts"}],"about":[{"href":"https:\/\/tvbrazilusa.com\/pt\/wp-json\/wp\/v2\/types\/post"}],"author":[{"embeddable":true,"href":"https:\/\/tvbrazilusa.com\/pt\/wp-json\/wp\/v2\/users\/1"}],"replies":[{"embeddable":true,"href":"https:\/\/tvbrazilusa.com\/pt\/wp-json\/wp\/v2\/comments?post=69769"}],"version-history":[{"count":1,"href":"https:\/\/tvbrazilusa.com\/pt\/wp-json\/wp\/v2\/posts\/69769\/revisions"}],"predecessor-version":[{"id":69771,"href":"https:\/\/tvbrazilusa.com\/pt\/wp-json\/wp\/v2\/posts\/69769\/revisions\/69771"}],"wp:featuredmedia":[{"embeddable":true,"href":"https:\/\/tvbrazilusa.com\/pt\/wp-json\/wp\/v2\/media\/69770"}],"wp:attachment":[{"href":"https:\/\/tvbrazilusa.com\/pt\/wp-json\/wp\/v2\/media?parent=69769"}],"wp:term":[{"taxonomy":"category","embeddable":true,"href":"https:\/\/tvbrazilusa.com\/pt\/wp-json\/wp\/v2\/categories?post=69769"},{"taxonomy":"post_tag","embeddable":true,"href":"https:\/\/tvbrazilusa.com\/pt\/wp-json\/wp\/v2\/tags?post=69769"}],"curies":[{"name":"wp","href":"https:\/\/api.w.org\/{rel}","templated":true}]}}