{"id":69781,"date":"2024-12-03T10:31:47","date_gmt":"2024-12-03T10:31:47","guid":{"rendered":"https:\/\/tvbrazilusa.com\/2024\/12\/03\/dino-deu-um-xeque-mate-no-congresso-e-devolveu-poder-a-lula-sobre-emendas\/"},"modified":"2024-12-03T10:31:49","modified_gmt":"2024-12-03T10:31:49","slug":"dino-deu-um-xeque-mate-no-congresso-e-devolveu-poder-a-lula-sobre-emendas","status":"publish","type":"post","link":"https:\/\/tvbrazilusa.com\/pt\/2024\/12\/03\/dino-deu-um-xeque-mate-no-congresso-e-devolveu-poder-a-lula-sobre-emendas\/","title":{"rendered":"Dino deu um &#8216;xeque-mate&#8217; no congresso e devolveu poder a Lula sobre emendas"},"content":{"rendered":"<p> <script async src=\"https:\/\/pagead2.googlesyndication.com\/pagead\/js\/adsbygoogle.js?client=ca-pub-8864793242727901\"\r\n     crossorigin=\"anonymous\"><\/script><br \/>\n<\/p>\n<div id=\"taboola-read-more\" style=\"display:block; width:100%\">\n<p>O ministro do STF (Supremo Tribunal Federal) Fl\u00e1vio Dino liberou nesta 2\u00aa feira (2.dez.2024) o pagamento das emendas de congressistas, que estavam suspensas desde agosto deste ano por decis\u00e3o do pr\u00f3prio magistrado, que exigia a cria\u00e7\u00e3o de mecanismos de transpar\u00eancia para os repasses. Eis a \u00edntegra (PDF \u2013 546 kB).\n<\/p>\n<p>O ministro, no entanto, fez algumas ressalvas em sua determina\u00e7\u00e3o para as diferentes modalidades de emendas. Ele tamb\u00e9m aponta que a destina\u00e7\u00e3o de emendas deve ter as digitais do congressista que as indicou, ou seja, deve conter informa\u00e7\u00f5es de autoria \u2013um dos principais pontos que levaram ao imbr\u00f3glio entre o STF e o Congresso quanto aos repasses.<\/p>\n<p>Leia abaixo as determina\u00e7\u00f5es de Dino para cada modalidade:\n<\/p>\n<ul>\n<li><strong>emendas de relator (RP-9)<\/strong>, conhecidas como \u201cor\u00e7amento secreto\u201d, e de comiss\u00e3o (RP-8): est\u00e3o liberadas apenas com a devida identifica\u00e7\u00e3o dos congressistas, cabendo ao Executivo aferir a transpar\u00eancia e liberar caso a caso;<\/li>\n<li><strong>emendas Pix:<\/strong> podem ser pagas com a devida apresenta\u00e7\u00e3o do plano de trabalho pr\u00e9vio. As emendas desta modalidade anteriores a 2025 t\u00eam o prazo de 60 dias para apresentar um plano de trabalho;<\/li>\n<li><strong>emendas de bancada:<\/strong> devem ter seus valores destinados em conjunto pelos congressistas, sem que haja \u201crateio\u201d dos valores. Ser\u00e1 realizada auditoria pela CGU (Controladoria Geral da Rep\u00fablica) em outubro de 2025;<\/li>\n<li><strong>emendas destinadas a ONGs:<\/strong> s\u00f3 podem ser liberadas com a devida publica\u00e7\u00e3o em sites. Sem isso, n\u00e3o pode haver libera\u00e7\u00e3o nem dos repasses antigos, nem de futuros;<\/li>\n<li><strong>emendas destinadas \u00e0 Sa\u00fade:<\/strong> precisam de indica\u00e7\u00f5es t\u00e9cnicas do gestor federal, com necessidade de aprova\u00e7\u00e3o nas comiss\u00f5es bipartite e tripartite do SUS (Sistema \u00danico de Sa\u00fade). Sem aprova\u00e7\u00e3o pr\u00e9via, n\u00e3o haver\u00e1 a libera\u00e7\u00e3o da emenda.<\/li>\n<\/ul>\n<p>Al\u00e9m das restri\u00e7\u00f5es ao repasses, o magistrado tamb\u00e9m estabelece um limite para a evolu\u00e7\u00e3o das despesas com as emendas. Ficou decidido que o montante n\u00e3o pode crescer indefinidamente e, a partir de 2025, dever\u00e1 ser usado o menor dentre 3 par\u00e2metros: o arcabou\u00e7o fiscal, a varia\u00e7\u00e3o da Receita Corrente L\u00edquida ou a evolu\u00e7\u00e3o das despesas discricion\u00e1rias do Executivo.\n<\/p>\n<p>A decis\u00e3o de Dino vem depois de press\u00e3o do Congresso, alegando que as Casas j\u00e1 haviam aprovado regras mais r\u00edgidas para os repasses.\n<\/p>\n<p>Em peti\u00e7\u00e3o enviada ao Tribunal na \u00faltima semana, o Legislativo afirma que est\u00e1 cumprindo as exig\u00eancias de transpar\u00eancia da execu\u00e7\u00e3o das verbas impostas pelo magistrado para liberar os repasses, e citava que as condi\u00e7\u00f5es impostas foram cumpridas com a lei complementar sancionada pelo presidente Luiz In\u00e1cio Lula da Silva (PT).\n<\/p>\n<p>Com a libera\u00e7\u00e3o dos pagamentos, Dino atende \u00e0 cobran\u00e7a de deputados e senadores, o que pode destravar vota\u00e7\u00f5es caras ao governo no Congresso.\n<\/p>\n<p>NOVELA DAS EMENDAS<br \/>As emendas de congressistas t\u00eam sido alvo de uma s\u00e9rie de decis\u00f5es de Dino desde agosto, que culminou na suspens\u00e3o das emendas impositivas, cujo pagamento \u00e9 obrigat\u00f3rio pelo governo. A autoriza\u00e7\u00e3o ficou mantida apenas em casos de calamidade p\u00fablica e em obras j\u00e1 em andamento.\n<\/p>\n<p>As a\u00e7\u00f5es do ministro causaram uma tens\u00e3o entre os Tr\u00eas Poderes, at\u00e9 que, em 20 de agosto, representantes do Planalto, do STF e do Congresso se reuniram em um almo\u00e7o e chegaram a um acordo sobre as emendas impositivas. Ficou acordado que a libera\u00e7\u00e3o deve ser realizada seguindo crit\u00e9rios de transpar\u00eancia e rastreabilidade.\n<\/p>\n<p>Na ocasi\u00e3o, a Corte deu 10 dias para que o Executivo e o Congresso divulgassem as novas normas.<\/p>\n<p>Fonte: Poder360              <\/p>\n<\/div>\n<p><br \/>\n<br \/><a href=\"https:\/\/diariodobrasilnoticias.com.br\/noticia\/dino-deu-um-xeque-mate-no-congresso-e-devolveu-poder-a-lula-sobre-emendas-674edb32dc03b\">Source link <\/a><\/p>","protected":false},"excerpt":{"rendered":"<p>O ministro do STF (Supremo Tribunal Federal) Fl\u00e1vio Dino liberou nesta 2\u00aa feira (2.dez.2024) o pagamento das emendas de congressistas, que estavam suspensas desde agosto deste ano por decis\u00e3o do&hellip;<\/p>","protected":false},"author":1,"featured_media":69782,"comment_status":"closed","ping_status":"open","sticky":false,"template":"","format":"standard","meta":{"content-type":"","footnotes":""},"categories":[16],"tags":[123,2448,5313,1267],"class_list":["post-69781","post","type-post","status-publish","format-standard","has-post-thumbnail","hentry","category-noticias","tag-brasil","tag-diario","tag-noticia","tag-noticias"],"_links":{"self":[{"href":"https:\/\/tvbrazilusa.com\/pt\/wp-json\/wp\/v2\/posts\/69781","targetHints":{"allow":["GET"]}}],"collection":[{"href":"https:\/\/tvbrazilusa.com\/pt\/wp-json\/wp\/v2\/posts"}],"about":[{"href":"https:\/\/tvbrazilusa.com\/pt\/wp-json\/wp\/v2\/types\/post"}],"author":[{"embeddable":true,"href":"https:\/\/tvbrazilusa.com\/pt\/wp-json\/wp\/v2\/users\/1"}],"replies":[{"embeddable":true,"href":"https:\/\/tvbrazilusa.com\/pt\/wp-json\/wp\/v2\/comments?post=69781"}],"version-history":[{"count":1,"href":"https:\/\/tvbrazilusa.com\/pt\/wp-json\/wp\/v2\/posts\/69781\/revisions"}],"predecessor-version":[{"id":69783,"href":"https:\/\/tvbrazilusa.com\/pt\/wp-json\/wp\/v2\/posts\/69781\/revisions\/69783"}],"wp:featuredmedia":[{"embeddable":true,"href":"https:\/\/tvbrazilusa.com\/pt\/wp-json\/wp\/v2\/media\/69782"}],"wp:attachment":[{"href":"https:\/\/tvbrazilusa.com\/pt\/wp-json\/wp\/v2\/media?parent=69781"}],"wp:term":[{"taxonomy":"category","embeddable":true,"href":"https:\/\/tvbrazilusa.com\/pt\/wp-json\/wp\/v2\/categories?post=69781"},{"taxonomy":"post_tag","embeddable":true,"href":"https:\/\/tvbrazilusa.com\/pt\/wp-json\/wp\/v2\/tags?post=69781"}],"curies":[{"name":"wp","href":"https:\/\/api.w.org\/{rel}","templated":true}]}}