{"id":69889,"date":"2024-12-03T14:20:10","date_gmt":"2024-12-03T14:20:10","guid":{"rendered":"https:\/\/tvbrazilusa.com\/2024\/12\/03\/o-que-jaylen-brown-disse-sobre-payton-pritchard-entrando-em-alta-com-seus-sapatos-exclusivos\/"},"modified":"2024-12-03T14:43:24","modified_gmt":"2024-12-03T14:43:24","slug":"o-que-jaylen-brown-disse-sobre-payton-pritchard-entrando-em-alta-com-seus-sapatos-exclusivos","status":"publish","type":"post","link":"https:\/\/tvbrazilusa.com\/pt\/2024\/12\/03\/o-que-jaylen-brown-disse-sobre-payton-pritchard-entrando-em-alta-com-seus-sapatos-exclusivos\/","title":{"rendered":"O que Jaylen Brown disse sobre Payton Pritchard entrando em alta com seus sapatos exclusivos"},"content":{"rendered":"<p> <script async src=\"https:\/\/pagead2.googlesyndication.com\/pagead\/js\/adsbygoogle.js?client=ca-pub-8864793242727901\"\r\n     crossorigin=\"anonymous\"><\/script><br \/>\n<\/p>\n<div id=\"\">\n<header class=\"m-article-header m-article-header--standard\">\n\t\t\t\t\t\t\t\t\t\t\t\t<span id=\"article-header-primary-term\"><br \/>\n\t\t\t\t\t\t\t\t<a class=\"a-term a-term--primary\" href=\"https:\/\/www.boston.com\/tag\/boston-celtics\/\"><\/p>\n<p>\t\t\t\t\t\t\t\tCeltas\t\t\t\t\t\t\t\t<\/a><br \/>\n\t\t\t\t\t\t\t<\/span><\/p>\n<h2 class=\"m-article-header__sub-headline\">\u201cEle est\u00e1 na minha bolsa, cara, com certeza\u201d, disse Brown.<\/h2>\n<figure class=\"a-photo m-article-header__photo\"><figcaption class=\"a-photo__caption\">\n<p>\tPayton Pritchard<em> Foto de Luke Hales\/Getty Images<\/em>\t<\/figcaption><\/figure>\n<\/header>\n<div class=\"m-block t-amp__list-container m-article-list-container m-article-list-container--frame-border a-border-frame  a-list-header__headline--red m-article-list--alternative--default  m-article-list--floated\">\n<ul class=\"t-amp__list a-list--no-style m-article-list m-article-list--recirculation m-article-list--has-images\">\n<li class=\"m-article-list__item m-article-list__item--featured\">\n\t\t\t<a class=\"m-article-list__link-wrapper\" href=\"https:\/\/www.boston.com\/sports\/boston-celtics\/2024\/12\/03\/celtics-3-point-craze-nba\/?p1=article_recirc_inline_feature\" data-p1=\"article_recirc_inline_feature\"><br \/>\n\t\t\t\t<img fetchpriority=\"high\" decoding=\"async\" width=\"768\" height=\"432\" src=\"https:\/\/bdc2020.o0bc.com\/wp-content\/uploads\/2024\/12\/Celtics_Bulls_Basketball_58670-674f03f5e48e8-768x432.jpg\" class=\"t-amp__list-image m-article-list__image m-article-list__image--full wp-post-image\" alt=\"Kristaps Porzingis arremessa uma cesta de 3 pontos durante um jogo contra o Bulls.\" aria-hidden=\"true\" srcset=\"https:\/\/bdc2020.o0bc.com\/wp-content\/uploads\/2024\/12\/Celtics_Bulls_Basketball_58670-674f03f5e48e8-768x432.jpg?width=200 200w, https:\/\/bdc2020.o0bc.com\/wp-content\/uploads\/2024\/12\/Celtics_Bulls_Basketball_58670-674f03f5e48e8-768x432.jpg?width=300 300w, https:\/\/bdc2020.o0bc.com\/wp-content\/uploads\/2024\/12\/Celtics_Bulls_Basketball_58670-674f03f5e48e8-768x432.jpg?width=400 400w, https:\/\/bdc2020.o0bc.com\/wp-content\/uploads\/2024\/12\/Celtics_Bulls_Basketball_58670-674f03f5e48e8-768x432.jpg?width=500 500w, https:\/\/bdc2020.o0bc.com\/wp-content\/uploads\/2024\/12\/Celtics_Bulls_Basketball_58670-674f03f5e48e8-768x432.jpg?width=600 600w, https:\/\/bdc2020.o0bc.com\/wp-content\/uploads\/2024\/12\/Celtics_Bulls_Basketball_58670-674f03f5e48e8-768x432.jpg?width=700 700w, https:\/\/bdc2020.o0bc.com\/wp-content\/uploads\/2024\/12\/Celtics_Bulls_Basketball_58670-674f03f5e48e8-768x432.jpg?width=800 800w, https:\/\/bdc2020.o0bc.com\/wp-content\/uploads\/2024\/12\/Celtics_Bulls_Basketball_58670-674f03f5e48e8-768x432.jpg?width=900 900w\" sizes=\"(max-width: 768px) 100vw, 768px\"\/>\t\t\t\t\t<\/p>\n<p><h4 class=\"m-article-list__headline t-amp__list-headline\">\n\t\t\t\t\t\t\t<span class=\"m-article-list__link a-link a-link--inline a-link--text-link a-link--text-link-dark\"><\/p>\n<p>\t\t\t\t\t\t\tAn\u00e1lise: A mania dos 3 pontos da NBA est\u00e1 ficando cada vez mais louca, com o Celtics liderando o ataque\t\t\t\t\t\t\t<\/span><br \/>\n\t\t\t\t\t\t<\/h4>\n<\/p>\n<p>\t\t\t\t<\/a>\n\t\t\t<\/li>\n<li class=\"m-article-list__item\">\n\t\t\t\t\t<a class=\"m-article-list__link-wrapper\" href=\"https:\/\/www.boston.com\/sports\/boston-celtics\/2024\/12\/03\/drew-peterson-minutes-celtics-usc-joe-mazzulla-quotes\/?p1=article_recirc_inline_feed\" data-p1=\"article_recirc_inline_feed\"><\/p>\n<p><h4 class=\"m-article-list__headline\">\n\t\t\t\t\t\t\t\t\t<span class=\"m-article-list__link a-link a-link--inline a-link--text-link a-link--text-link-dark\"><\/p>\n<p>\t\t\t\t\t\t\t\t\tCom o Celtics com falta de jogadores, Drew Peterson tem uma oportunidade surpreendente por longos minutos\t\t\t\t\t\t\t\t\t<\/span><br \/>\n\t\t\t\t\t\t\t\t<\/h4>\n<\/p>\n<p>\t\t\t\t\t\t<\/a>\n\t\t\t\t\t<\/li>\n<\/ul>\n<\/div>\n<p>Uma mistura de t\u00e9dio e cansa\u00e7o da pol\u00edtica das marcas de t\u00eanis levou <a href=\"https:\/\/www.boston.com\/sports\/boston-celtics\/2024\/12\/01\/jaylen-brown-derrick-white-celtics-cavaliers-injury-report\/\">Jaylen Brown<\/a> para criar sua pr\u00f3pria empresa durante a entressafra. <\/p>\n<p>O<a href=\"https:\/\/www.741performance.com\/741---about-us\"> marca 741<\/a> aspira se tornar o \u201cfuturo do desempenho\u201d, atendendo aos atletas de maneira funcional, elegante e que desafia os limites. <\/p>\n<p>O tr\u00eas vezes All-Star est\u00e1 apresentando um desempenho semelhante ao das temporadas anteriores, mas um de seus companheiros de equipe est\u00e1 aproveitando um ano de carreira usando os novos t\u00eanis 741 que estreou na noite de estreia. <\/p>\n<p>Um pouco mais de um quarto da temporada, <a href=\"https:\/\/www.espn.com\/nba\/player\/_\/id\/4066354\/payton-pritchard\">Payton Pritchard<\/a> tem m\u00e9dia de duas vezes mais pontos (16,4) que a m\u00e9dia de sua carreira (8,2). Ele est\u00e1 arremessando 43,1% na faixa de 3 pontos e 48,9% em campo. <\/p>\n<p>\u201cEle est\u00e1 na minha bolsa, cara, com certeza\u201d, disse Brown. \u201cEle cal\u00e7ou meus sapatos. Vou ter que recuperar minhas juntas. Ele definitivamente tem up-fakes, movimentos postais, ele definitivamente est\u00e1 expandindo seu jogo e eu adoro ver isso.\u201d <\/p>\n<p>Durante o media day do Celtics, Brown disse que o Celtics joga atrav\u00e9s de Pritchard contra certos advers\u00e1rios como o Pistons. Alguns interpretaram o coment\u00e1rio como se Brown estivesse atacando os Pistons, mas o jogo de Pritchard mudou a forma como at\u00e9 mesmo times no topo da classifica\u00e7\u00e3o, como os Cavaliers, est\u00e3o abordando os Celtics. <\/p>\n<p>\u201cAgora, n\u00e3o acho que algu\u00e9m pense alguma coisa sobre esse coment\u00e1rio\u201d, disse Brown. \u201cVamos continuar fazendo isso, continuar procurando por ele para seguir em frente, porque ele provou que isso nem importa \u2013 agora \u00e9 qualquer time. Quando ele est\u00e1 em andamento, acho que fica mais f\u00e1cil e melhor para n\u00f3s como equipe, ent\u00e3o estou aqui para isso.\u201d<\/p>\n<p>O guarda de 1,80 metro emergiu como candidato ao Sexto Homem do Ano. Atualmente, ele \u00e9 o favorito nas apostas para ganhar o pr\u00eamio, de acordo com a Bet MGM. <\/p>\n<p>O t\u00e9cnico do Celtics, Joe Mazzulla, disse que Pritchard se tornou um dos melhores artilheiros de tr\u00eas n\u00edveis que j\u00e1 viu. Ele disse que se tornar o tipo de jogador que se tornou um pilar no relat\u00f3rio de observa\u00e7\u00e3o do time advers\u00e1rio diz muito sobre o trabalho que Pritchard realiza. <\/p>\n<p>\u201cIsso diz duas coisas\u201d, disse Mazzulla. \u201cComo jogador, ele continua a crescer e a ser paciente. Novamente, a coisa mais dif\u00edcil para os jovens \u00e9 passar pelo primeiro contrato quando h\u00e1 muitas inc\u00f3gnitas.\u201d<\/p>\n<p>\u201cVoc\u00ea olha para o primeiro ano dele \u2013 ele jogou muito, ent\u00e3o Kemba (Walker) voltou e n\u00e3o jogou. Parece que em seus primeiros anos, todos os anos, havia apenas asas \u00e0 sua frente. Ele simplesmente continuou a trabalhar e isso \u00e9 dif\u00edcil para um jovem.\u201d<\/p>\n<p>\u201cAcho que a segunda parte \u00e9 a compreens\u00e3o de seus companheiros de equipe que precisamos ter uma identidade diferente e fazer coisas diferentes. Ele tira muita press\u00e3o dos outros caras. Ent\u00e3o, eu acho que \u00e9 duplo. \u00c9 o que ele fez e a equipe o capacitou para fazer isso porque ele \u00e9 especial.\u201d <\/p>\n<div class=\"o-author-single has-avatar\">\n<header class=\"m-author-card\">\n<div class=\"a-image a-image--square m-author-card__image\">\n\t\t<img decoding=\"async\" class=\"\" src=\"https:\/\/www.boston.com\/wp-content\/uploads\/2024\/10\/cropped-Screen-Shot-2024-01-26-at-4.59.30-PM-6706db53ae1d7-6706dcbabfba0-242x242.png\" alt=\"Imagem do perfil de Khari A. Thompson\"\/>\t<\/div>\n<div class=\"m-author-card__text\">\n<h3 class=\"m-author-card__title\"><a href=\"https:\/\/www.boston.com\/author\/kharia-thompson\">Khari A. Thompson<\/a><\/h3>\n<p><span class=\"m-author-card__subtitle\">Rep\u00f3rter Esportivo<\/span>\t<\/div>\n<\/header>\n<section class=\"author-info\">\n<div class=\"m-author__section\">\n<p>Khari Thompson cobre esportes profissionais para Boston.com. Antes de ingressar no time em 2022, Khari cobriu futebol universit\u00e1rio para o The Clarion Ledger em Jackson, Mississipi.<\/p>\n<\/div>\n<\/section>\n<\/div>\n<div class=\"m-block m-generic-cta\t m-generic-cta--post-content\t m-generic-cta--dark\t m-generic-cta--homepage\t m-generic-cta--email-signup\t\t m-generic-cta-block-style--default \tt-amp__generic-cta\"><\/p>\n<div class=\"m-generic-cta__wrap\">\n<div class=\"m-generic-cta__content\">\n<h3 class=\"m-generic-cta__title\">Inscreva-se para receber atualiza\u00e7\u00f5es do Celtics\ud83c\udfc0<\/h3>\n<p class=\"m-generic-cta__subtitle\">Receba as \u00faltimas not\u00edcias e an\u00e1lises em sua caixa de entrada durante a temporada de basquete.<\/p>\n<\/p><\/div>\n<\/p><\/div>\n<\/div><\/div>\n<p><script>\n\t\tvar consent=\"grant\";\n\t\t\/* The above code is parsing the JSON data from the local storage and storing it in a variable. *\/\n\t\t\t\t\tconst onetrustStorageConsent = JSON.parse(localStorage.getItem( 'consent_one_trust_bdc' ) );\n\t\t\tif ( ( onetrustStorageConsent !== null ) ) {\n\t\t\t\t\/* Checking to see if the user has consented to the use of cookies.\n\t\t\t\t* If they have not, it is deleting the cookie.\n\t\t\t\t* This will comment for now, until further notice.\n\t\t\t\t*\/\n\t\t\t\t\/\/if ( onetrustStorageConsent.C0002 === false ) {\n\t\t\t\t\/\/\tdocument.cookie=\"_fbp=;expires=Thu, 01 Jan 2010 00:00:00 UTC; path=\/; domain=.boston.com\";\n\t\t\t\t\/\/}\n\t\t\t\t\/* Checking if the user has given consent for the cookie C0002.\n\t\t\t\t* If the user has given consent, the variable consent will be set to 'grant'.\n\t\t\t\t* If the user has not given consent,the variable consent will be set to 'revoke'.\n\t\t\t\t* Documentation https:\/\/developers.facebook.com\/docs\/meta-pixel\/implementation\/gdpr\n\t\t\t\t*\/\n\t\t\t\tif ( onetrustStorageConsent.C0002 !== true ) {\n\t\t\t\t\tconsent=\"revoke\";\n\t\t\t\t}\n\t\t\t}\n\t\t\t\t!function(f,b,e,v,n,t,s)\n\t\t{if(f.fbq)return;n=f.fbq=function(){n.callMethod?\n\t\tn.callMethod.apply(n,arguments):n.queue.push(arguments)};\n\t\tif(!f._fbq)f._fbq=n;n.push=n;n.loaded=!0;n.version='2.0';\n\t\tn.queue=[];t=b.createElement(e);t.async=!0;\n\t\tt.src=v;s=b.getElementsByTagName(e)[0];\n\t\ts.parentNode.insertBefore(t,s)}(window, document,'script',\n\t\t'https:\/\/connect.facebook.net\/en_US\/fbevents.js');\n\t\tfbq('consent', consent);\n\t\tfbq('init', '989222871864976');\n\t\tfbq('track', 'PageView');\n\t<\/script><script type=\"module\">\n\t\tvar consent=\"grant\";\n\t\t\/* The above code is parsing the JSON data from the local storage and storing it in a variable. *\/\n\t\t\tconst onetrustStorageConsent = JSON.parse(localStorage.getItem( 'consent_one_trust_bdc' ) );\n\t\t\t\/* Checking to see if the user has consented to the use of cookies.\n\t\t\t* If they have not, it is deleting the cookie.\n\t\t\t* This will comment for now, until further notice.\n\t\t\t*\/\n\t\t\t\/\/if ( onetrustStorageConsent.C0002 === false ) {\n\t\t\t\/\/\tdocument.cookie=\"_fbp=;expires=Thu, 01 Jan 2010 00:00:00 UTC; path=\/; domain=.boston.com\";\n\t\t\t\/\/}\n\t\t\t\/* Checking if the user has given consent for the cookie C0002.\n\t\t\t* If the user has given consent, the variable consent will be set to 'grant'.\n\t\t\t* If the user has not given consent,the variable consent will be set to 'revoke'.\n\t\t\t* Documentation https:\/\/developers.facebook.com\/docs\/meta-pixel\/implementation\/gdpr\n\t\t\t*\/\n\t\t\tif ( ( onetrustStorageConsent !== null ) && (onetrustStorageConsent.C0002 !== true ) ) {\n\t\t\t\tconsent=\"revoke\";\n\t\t\t}\n\t\t\t\t!function(f,b,e,v,n,t,s){if(f.fbq)return;n=f.fbq=function()\n\t\t{n.callMethod? n.callMethod.apply(n,arguments):n.queue.push(arguments)}\n\t\t;if(!f._fbq)f._fbq=n;\n\t\tn.push=n;n.loaded=!0;n.version='2.0';n.queue=[];t=b.createElement(e);t.async=!0;\n\t\tt.src=v;s=b.getElementsByTagName(e)[0];s.parentNode.insertBefore(t,s)}(window,\n\t\tdocument,'script','https:\/\/connect.facebook.net\/en_US\/fbevents.js');\n\t\tfbq('consent', consent);\n\t\tfbq('init', '813236348753005');\n\t\tfbq('track', \"PageView\");\n\t<\/script><br \/>\n<br \/><br \/>\n<br \/><a href=\"https:\/\/www.boston.com\/sports\/boston-celtics\/2024\/12\/03\/aylen-brown-payton-pritchard-signature-shoes\/\">Source link <\/a><\/p>","protected":false},"excerpt":{"rendered":"<p>Celtas \u201cEle est\u00e1 na minha bolsa, cara, com certeza\u201d, disse Brown. Payton Pritchard Foto de Luke Hales\/Getty Images An\u00e1lise: A mania dos 3 pontos da NBA est\u00e1 ficando cada vez&hellip;<\/p>","protected":false},"author":1,"featured_media":69890,"comment_status":"closed","ping_status":"open","sticky":false,"template":"","format":"standard","meta":{"content-type":"","footnotes":""},"categories":[1],"tags":[],"class_list":["post-69889","post","type-post","status-publish","format-standard","has-post-thumbnail","hentry","category-uncategorized"],"_links":{"self":[{"href":"https:\/\/tvbrazilusa.com\/pt\/wp-json\/wp\/v2\/posts\/69889","targetHints":{"allow":["GET"]}}],"collection":[{"href":"https:\/\/tvbrazilusa.com\/pt\/wp-json\/wp\/v2\/posts"}],"about":[{"href":"https:\/\/tvbrazilusa.com\/pt\/wp-json\/wp\/v2\/types\/post"}],"author":[{"embeddable":true,"href":"https:\/\/tvbrazilusa.com\/pt\/wp-json\/wp\/v2\/users\/1"}],"replies":[{"embeddable":true,"href":"https:\/\/tvbrazilusa.com\/pt\/wp-json\/wp\/v2\/comments?post=69889"}],"version-history":[{"count":1,"href":"https:\/\/tvbrazilusa.com\/pt\/wp-json\/wp\/v2\/posts\/69889\/revisions"}],"predecessor-version":[{"id":69891,"href":"https:\/\/tvbrazilusa.com\/pt\/wp-json\/wp\/v2\/posts\/69889\/revisions\/69891"}],"wp:featuredmedia":[{"embeddable":true,"href":"https:\/\/tvbrazilusa.com\/pt\/wp-json\/wp\/v2\/media\/69890"}],"wp:attachment":[{"href":"https:\/\/tvbrazilusa.com\/pt\/wp-json\/wp\/v2\/media?parent=69889"}],"wp:term":[{"taxonomy":"category","embeddable":true,"href":"https:\/\/tvbrazilusa.com\/pt\/wp-json\/wp\/v2\/categories?post=69889"},{"taxonomy":"post_tag","embeddable":true,"href":"https:\/\/tvbrazilusa.com\/pt\/wp-json\/wp\/v2\/tags?post=69889"}],"curies":[{"name":"wp","href":"https:\/\/api.w.org\/{rel}","templated":true}]}}