{"id":69910,"date":"2024-12-03T15:18:41","date_gmt":"2024-12-03T15:18:41","guid":{"rendered":"https:\/\/tvbrazilusa.com\/2024\/12\/03\/funcionarios-da-receita-federal-morrem-em-acidente\/"},"modified":"2024-12-03T15:18:43","modified_gmt":"2024-12-03T15:18:43","slug":"funcionarios-da-receita-federal-morrem-em-acidente","status":"publish","type":"post","link":"https:\/\/tvbrazilusa.com\/pt\/2024\/12\/03\/funcionarios-da-receita-federal-morrem-em-acidente\/","title":{"rendered":"Funcion\u00e1rios da Receita Federal morrem em acidente"},"content":{"rendered":"<p> <script async src=\"https:\/\/pagead2.googlesyndication.com\/pagead\/js\/adsbygoogle.js?client=ca-pub-8864793242727901\"\r\n     crossorigin=\"anonymous\"><\/script><br \/>\n<\/p>\n<div>\n<figure class=\"post-image\">\n<\/figure>\n<p>            <span style=\"font-size: 12px\">Foto: Divulga\u00e7\u00e3o \/ Concencion\u00e1ria Triunfo Concebra<\/span><\/p>\n<p>            <!-- end metas --><br \/>\n            <!-- ADS --><\/p>\n<div id=\"taboola-read-more\" style=\"display:block; width:100%\">\n<p>Tr\u00eas funcion\u00e1rios da Receita Federal morreram durante um acidente ocorrido enquanto viajavam com um ve\u00edculo da institui\u00e7\u00e3o, nesta segunda-feira (2), na rodovia BR-060, no munic\u00edpio de Alex\u00e2nia, em Goi\u00e1s. Segundo a concession\u00e1ria que administra a via, o ve\u00edculo em que eles viajavam invadiu a pista contr\u00e1ria e bateu de frente com um caminh\u00e3o.\n<\/p>\n<p>As v\u00edtimas s\u00e3o: Antonio Jos\u00e9 de Ara\u00fajo Filho, Gilmar de Lima Neto e Walter Watanabe. Os tr\u00eas estavam numa caminhonete da Receita Federal.<\/p>\n<p>Segundo a concession\u00e1ria Triunfo Concebra, respons\u00e1vel pela rodovia, \u00e0s 14h17 o ve\u00edculo trafegava pelo km 29 quando perdeu o controle, invadiu a pista contr\u00e1ria e bateu em um caminh\u00e3o. O motorista do caminh\u00e3o n\u00e3o se feriu.\n<\/p>\n<p>Dois ocupantes da caminhonete morreram na hora: o motorista e o passageiro do banco da frente. A terceira v\u00edtima foi encaminhada ao Hospital Estadual de An\u00e1polis, mas chegou morta.\n<\/p>\n<p>Atuaram no socorro \u00e0s v\u00edtimas agentes da concession\u00e1ria, Servi\u00e7o de Atendimento M\u00f3vel de Urg\u00eancia (Samu), Pol\u00edcia Rodovi\u00e1ria Federal e Pol\u00edcia Civil de Goi\u00e1s.\n<\/p>\n<p>A Receita Federal publicou nota de pesar lamentando a morte de seus funcion\u00e1rios. O Sindicato Nacional dos Analistas-Tribut\u00e1rios da Receita Federal do Brasil (Sindireceita) tamb\u00e9m divulgou nota expressando \u201csolidariedade aos familiares, amigos e colegas de trabalho\u201d.\n<\/p>\n<p>*AE<\/p>\n<p>Fonte: Pleno News              <\/p>\n<\/div>\n<p>                        <!-- Scripts para conteudo --><\/p>\n<p>            <!-- .\/Scripts para conteudo --><br \/>\n            <!-- .\/Mat\u00e9ria --><\/p>\n<div class=\"row mt-3\">\n<div class=\"col-sm-6\">\n                <!-- Whatsapp channel 3--><br \/>\n                <a href=\"https:\/\/chat.whatsapp.com\/J6hwSKYns5B0XFowx2wZ0P\" target=\"_blank\"><br \/>\n                  <img decoding=\"async\" src=\"https:\/\/diariodobrasilnoticias.com.br\/assets-site\/images\/bot_whatsapp.png\"\/><\/a>\n              <\/div>\n<div class=\"col-sm-6\">\n                <a href=\"https:\/\/t.me\/+_4gTmi5LKo03OTM5\" target=\"_blank\"><br \/>\n                  <img decoding=\"async\" src=\"https:\/\/diariodobrasilnoticias.com.br\/assets-site\/images\/bot_telegram.png\"\/><\/a>\n              <\/div>\n<\/p><\/div>\n<p>            <!-- end post-navigation --><\/p>\n<p>              <!-- end row --><\/p>\n<p>              <!-- end col-12-->\n                      <\/div>\n<p><br \/>\n<br \/><a href=\"https:\/\/diariodobrasilnoticias.com.br\/noticia\/funcionarios-da-receita-federal-morrem-em-acidente-674f01797866c\">Source link <\/a><\/p>","protected":false},"excerpt":{"rendered":"<p>Foto: Divulga\u00e7\u00e3o \/ Concencion\u00e1ria Triunfo Concebra Tr\u00eas funcion\u00e1rios da Receita Federal morreram durante um acidente ocorrido enquanto viajavam com um ve\u00edculo da institui\u00e7\u00e3o, nesta segunda-feira (2), na rodovia BR-060, no&hellip;<\/p>","protected":false},"author":1,"featured_media":69911,"comment_status":"closed","ping_status":"open","sticky":false,"template":"","format":"standard","meta":{"content-type":"","footnotes":""},"categories":[16],"tags":[123,2448,5313,1267],"class_list":["post-69910","post","type-post","status-publish","format-standard","has-post-thumbnail","hentry","category-noticias","tag-brasil","tag-diario","tag-noticia","tag-noticias"],"_links":{"self":[{"href":"https:\/\/tvbrazilusa.com\/pt\/wp-json\/wp\/v2\/posts\/69910","targetHints":{"allow":["GET"]}}],"collection":[{"href":"https:\/\/tvbrazilusa.com\/pt\/wp-json\/wp\/v2\/posts"}],"about":[{"href":"https:\/\/tvbrazilusa.com\/pt\/wp-json\/wp\/v2\/types\/post"}],"author":[{"embeddable":true,"href":"https:\/\/tvbrazilusa.com\/pt\/wp-json\/wp\/v2\/users\/1"}],"replies":[{"embeddable":true,"href":"https:\/\/tvbrazilusa.com\/pt\/wp-json\/wp\/v2\/comments?post=69910"}],"version-history":[{"count":1,"href":"https:\/\/tvbrazilusa.com\/pt\/wp-json\/wp\/v2\/posts\/69910\/revisions"}],"predecessor-version":[{"id":69912,"href":"https:\/\/tvbrazilusa.com\/pt\/wp-json\/wp\/v2\/posts\/69910\/revisions\/69912"}],"wp:featuredmedia":[{"embeddable":true,"href":"https:\/\/tvbrazilusa.com\/pt\/wp-json\/wp\/v2\/media\/69911"}],"wp:attachment":[{"href":"https:\/\/tvbrazilusa.com\/pt\/wp-json\/wp\/v2\/media?parent=69910"}],"wp:term":[{"taxonomy":"category","embeddable":true,"href":"https:\/\/tvbrazilusa.com\/pt\/wp-json\/wp\/v2\/categories?post=69910"},{"taxonomy":"post_tag","embeddable":true,"href":"https:\/\/tvbrazilusa.com\/pt\/wp-json\/wp\/v2\/tags?post=69910"}],"curies":[{"name":"wp","href":"https:\/\/api.w.org\/{rel}","templated":true}]}}