{"id":69916,"date":"2024-12-03T15:21:46","date_gmt":"2024-12-03T15:21:46","guid":{"rendered":"https:\/\/tvbrazilusa.com\/2024\/12\/03\/nao-ha-nada-que-eu-possa-fazer-sobre-isso-bill-belichick-expos-suas-ideias-sobre-os-3-10-patriots\/"},"modified":"2024-12-03T15:24:06","modified_gmt":"2024-12-03T15:24:06","slug":"nao-ha-nada-que-eu-possa-fazer-sobre-isso-bill-belichick-expos-suas-ideias-sobre-os-3-10-patriots","status":"publish","type":"post","link":"https:\/\/tvbrazilusa.com\/pt\/2024\/12\/03\/nao-ha-nada-que-eu-possa-fazer-sobre-isso-bill-belichick-expos-suas-ideias-sobre-os-3-10-patriots\/","title":{"rendered":"\u2018N\u00e3o h\u00e1 nada que eu possa fazer sobre isso\u2019: Bill Belichick exp\u00f4s suas id\u00e9ias sobre os 3-10 Patriots"},"content":{"rendered":"<p> <script async src=\"https:\/\/pagead2.googlesyndication.com\/pagead\/js\/adsbygoogle.js?client=ca-pub-8864793242727901\"\r\n     crossorigin=\"anonymous\"><\/script><br \/>\n<\/p>\n<div id=\"\">\n<header class=\"m-article-header m-article-header--standard\">\n\t\t\t\t\t\t\t\t\t\t\t\t<span id=\"article-header-primary-term\"><br \/>\n\t\t\t\t\t\t\t\t<a class=\"a-term a-term--primary\" href=\"https:\/\/www.boston.com\/tag\/morning-sports-update\/\"><\/p>\n<p>\t\t\t\t\t\t\t\tAtualiza\u00e7\u00e3o esportiva matinal\t\t\t\t\t\t\t\t<\/a><br \/>\n\t\t\t\t\t\t\t<\/span><\/p>\n<h2 class=\"m-article-header__sub-headline\">Belichick disse que seu ex-time n\u00e3o &#8220;fez o suficiente para vencer muitos jogos em qualquer n\u00edvel&#8221;.<\/h2>\n<figure class=\"a-photo m-article-header__photo\"><figcaption class=\"a-photo__caption\">\n<p>\tBill Belichick quando ainda era t\u00e9cnico do Patriots durante a temporada de 2021.<em> AP Foto\/Steven Senne<\/em>\t<\/figcaption><\/figure>\n<\/header>\n<p><strong>Bill Belichick opinou sobre o estado dos Patriots<\/strong>: Ap\u00f3s mais uma derrota dif\u00edcil e de um placar, <a href=\"https:\/\/www.boston.com\/tag\/new-england-patriots\/?p1=header_subnav\">Patriotas<\/a> os f\u00e3s ficaram se perguntando uma pergunta inevit\u00e1vel: como isso seria diferente se Bill Belichick ainda fosse o t\u00e9cnico principal?<\/p>\n<p>\u00c9 verdade que in\u00fameras decis\u00f5es \u2013 incluindo potencialmente a de selecionar Drake Maye na primeira rodada do draft de 2024 \u2013 poderiam ter sido diferentes com Belichick. Isso claramente teria mudado toda a din\u00e2mica da temporada atual, tornando imposs\u00edvel comparar totalmente uma equipe de Belichick x Jerod Mayo.<\/p>\n<p>No entanto, quando questionado sobre a itera\u00e7\u00e3o dos Patriots de seu sucessor, Belichick fez uma avalia\u00e7\u00e3o contundente. Falando sobre o \u201c<a href=\"https:\/\/www.siriusxm.com\/player\/episode-audio\/entity\/dc7f226d-b573-2303-4278-a59bc0b80419\">Vamos!<\/a>No epis\u00f3dio do podcast lan\u00e7ado na segunda-feira, ele respondeu \u00e0 pergunta do co-apresentador Jim Gray sobre a Nova Inglaterra ter apenas tr\u00eas vit\u00f3rias (com um recorde de 3-10).<\/p>\n<p>&#8220;Sim, [the Patriots] simplesmente n\u00e3o fiz o suficiente para vencer muitos jogos em qualquer n\u00edvel\u201d, disse Belichick. \u201cEles tiveram problemas na defesa. Uma das \u00faltimas equipes classificadas no ataque, sen\u00e3o a \u00faltima colocada. Perdeu alguns gols importantes e algumas jogadas de chute tamb\u00e9m. Ent\u00e3o eu diria que todas as tr\u00eas \u00e1reas do jogo n\u00e3o foram boas o suficiente para vencer. <\/p>\n<p>\u201cE eles ainda t\u00eam alguns jogos restantes contra o Buffalo, certo?\u201d ele continuou. \u201cEles t\u00eam uma semana de folga esta semana, ent\u00e3o talvez possam resolver algumas coisas, mas tem sido um ano bastante inconsistente. S\u00f3 n\u00e3o fui capaz de fazer o suficiente para vencer quando precisava.\u201d<\/p>\n<p>Gray acompanhou, perguntando se Belichick se sentia mal pelos jogadores do time atual, visto que muitos deles t\u00eam liga\u00e7\u00f5es diretas com a comiss\u00e3o t\u00e9cnica anterior.<\/p>\n<p>\u201cMuitos desses caras jogaram para voc\u00ea. Voc\u00ea sente por eles nesta situa\u00e7\u00e3o? perguntou Gray. &#8220;Ou voc\u00ea apenas mudou de cabe\u00e7a?&#8221;<\/p>\n<p>\u201cN\u00e3o, tem muita gente l\u00e1 que, voc\u00ea sabe, [are] muito perto\u201d, respondeu Belichick. \u201cMuitos deles que eu trouxe para l\u00e1, principalmente defensivamente. Quase todos esses jogadores foram recontratados e quase todos os jogadores com habilidade ofensiva tamb\u00e9m. Ent\u00e3o \u00e9 dif\u00edcil v\u00ea-los passando por esse tipo de temporada. <\/p>\n<p>\u201cN\u00e3o h\u00e1 nada que eu possa fazer sobre isso, quero dizer, apenas sentar e assistir\u201d, acrescentou. \u201cMas, claro, sim, me sinto mal por muitos desses caras, especialmente pelos defensores. Eu sei que esses caras trabalham duro. Eles s\u00e3o dur\u00f5es, se importam e investem muito nisso. Mas \u00e9 a Liga Nacional de Futebol. \u00c9 muito competitivo. \u00c9 preciso encontrar uma maneira de enfrentar a concorr\u00eancia e isso \u00e9 um desafio para todas as equipes.\u201d<\/p>\n<p><strong>Curiosidades<\/strong>: Depois de Bill Belichick, qual t\u00e9cnico do Patriots teve mais vit\u00f3rias na carreira com o time desde a fus\u00e3o AFL-NFL em 1970?<\/p>\n<p>(Resposta na parte inferior).<\/p>\n<p>Dica: foi inclu\u00eddo no Hall da Fama do Futebol Profissional como jogador.<\/p>\n<p><strong>Pontua\u00e7\u00f5es e hor\u00e1rios<\/strong>: <\/p>\n<p>Os Celtics derrotaram o Heat <a href=\"https:\/\/www.boston.com\/sports\/boston-celtics\/2024\/12\/02\/payton-pritchard-talks-trash-helps-lead-the-celtics-to-big-win-over-heat-6-takeaways\/\">108-89<\/a> na segunda-feira. Jaylen Brown liderou o Boston com 29 pontos.<\/p>\n<p>Os Bruins recebem os Red Wings hoje \u00e0 noite \u00e0s 19h<\/p>\n<p><strong>Mais de Boston.com<\/strong>: <\/p>\n<p><strong>Conversa sobre as Olimp\u00edadas de Nate Ebner com Bill Belichick<\/strong>: O ex-\u00e1s das equipes especiais do Patriots teve que criar coragem para perguntar a Belichick sobre sua ida \u00e0s Olimp\u00edadas de 2016.<\/p>\n<figure class=\"wp-block-embed is-type-video is-provider-youtube wp-block-embed-youtube wp-embed-aspect-16-9 wp-has-aspect-ratio\">\n<p>\n<iframe title=\"Nate Ebner Was Nervous To Ask Bill Belichick This...\" width=\"1170\" height=\"658\" src=\"https:\/\/www.youtube.com\/embed\/TGKT6b7cO7Q?feature=oembed\" frameborder=\"0\" allow=\"accelerometer; autoplay; clipboard-write; encrypted-media; gyroscope; picture-in-picture; web-share\" referrerpolicy=\"strict-origin-when-cross-origin\" allowfullscreen><\/iframe>\n<\/p>\n<\/figure>\n<p><strong>Neste dia<\/strong>: Em 2007, os Patriots prolongaram a temporada perfeita gra\u00e7as a uma fuga dram\u00e1tica de Baltimore. Em um jogo que teve algumas circunst\u00e2ncias selvagens \u2013 incluindo o famoso odiador de Bill Belichick, Don Shula <a href=\"https:\/\/www.boston.com\/sports\/new-england-patriots\/2019\/11\/01\/patriots-ravens-2007-don-shula\/\">torcendo ativamente contra a Nova Inglaterra<\/a> enquanto fazia uma participa\u00e7\u00e3o especial na cabine de imprensa da ESPN \u2013 os Patriots surgiram com um <a href=\"https:\/\/www.pro-football-reference.com\/boxscores\/200712030rav.htm?__hstc=205977932.eef378d9d4e54ea277eeced25bd93398.1723553005180.1733144710694.1733234183084.33&#038;__hssc=205977932.3.1733234183084&#038;__hsfp=336580338\">27-24<\/a> ganhar.<\/p>\n<figure class=\"wp-block-image size-full\"><img loading=\"lazy\" decoding=\"async\" width=\"1576\" height=\"2560\" src=\"https:\/\/bdc2020.o0bc.com\/wp-content\/uploads\/2024\/12\/2007_Patriots_Ravens-674f111cafa2a-scaled.jpg\" alt=\"Patriotas Ravens 2007\" class=\"wp-image-32438499\" srcset=\"https:\/\/bdc2020.o0bc.com\/wp-content\/uploads\/2024\/12\/2007_Patriots_Ravens-674f111cafa2a-scaled.jpg?width=200 200w, https:\/\/bdc2020.o0bc.com\/wp-content\/uploads\/2024\/12\/2007_Patriots_Ravens-674f111cafa2a-scaled.jpg?width=300 300w, https:\/\/bdc2020.o0bc.com\/wp-content\/uploads\/2024\/12\/2007_Patriots_Ravens-674f111cafa2a-scaled.jpg?width=400 400w, https:\/\/bdc2020.o0bc.com\/wp-content\/uploads\/2024\/12\/2007_Patriots_Ravens-674f111cafa2a-scaled.jpg?width=500 500w, https:\/\/bdc2020.o0bc.com\/wp-content\/uploads\/2024\/12\/2007_Patriots_Ravens-674f111cafa2a-scaled.jpg?width=600 600w, https:\/\/bdc2020.o0bc.com\/wp-content\/uploads\/2024\/12\/2007_Patriots_Ravens-674f111cafa2a-scaled.jpg?width=700 700w, https:\/\/bdc2020.o0bc.com\/wp-content\/uploads\/2024\/12\/2007_Patriots_Ravens-674f111cafa2a-scaled.jpg?width=800 800w, https:\/\/bdc2020.o0bc.com\/wp-content\/uploads\/2024\/12\/2007_Patriots_Ravens-674f111cafa2a-scaled.jpg?width=900 900w\" sizes=\"auto, (max-width: 1576px) 100vw, 1576px\"\/><\/figure>\n<p><strong>Destaque di\u00e1rio<\/strong>: Timberwolves ala Terrance Shannon Jr. com uma enterrada violenta na vit\u00f3ria sobre o Lakers.<\/p>\n<figure class=\"wp-block-embed is-type-rich is-provider-twitter wp-block-embed-twitter\"\/>\n<p><em>Resposta trivial: Raymond Berry<\/em><\/p>\n<div class=\"o-author-single no-avatar\">\n<header class=\"m-author-card\">\n<\/header>\n<section class=\"author-info\">\n<div class=\"m-author__section\">\n<p>Hayden Bird \u00e9 redator de esportes do Boston.com, onde trabalha desde 2016. Ele cobre todos os assuntos esportivos na Nova Inglaterra.<\/p>\n<\/div>\n<\/section>\n<\/div>\n<div class=\"m-block m-generic-cta\t m-generic-cta--post-content\t m-generic-cta--dark\t m-generic-cta--homepage\t m-generic-cta--email-signup\t\t m-generic-cta-block-style--default \tt-amp__generic-cta\"><\/p>\n<div class=\"m-generic-cta__wrap\">\n<div class=\"m-generic-cta__content\">\n<h3 class=\"m-generic-cta__title\">Inscreva-se para receber atualiza\u00e7\u00f5es do Patriots\ud83c\udfc8<\/h3>\n<p class=\"m-generic-cta__subtitle\">Receba as \u00faltimas not\u00edcias e an\u00e1lises em sua caixa de entrada durante a temporada de futebol.<\/p>\n<\/p><\/div>\n<\/p><\/div>\n<\/div><\/div>\n<p><script>\n\t\tvar consent=\"grant\";\n\t\t\/* The above code is parsing the JSON data from the local storage and storing it in a variable. *\/\n\t\t\t\t\tconst onetrustStorageConsent = JSON.parse(localStorage.getItem( 'consent_one_trust_bdc' ) );\n\t\t\tif ( ( onetrustStorageConsent !== null ) ) {\n\t\t\t\t\/* Checking to see if the user has consented to the use of cookies.\n\t\t\t\t* If they have not, it is deleting the cookie.\n\t\t\t\t* This will comment for now, until further notice.\n\t\t\t\t*\/\n\t\t\t\t\/\/if ( onetrustStorageConsent.C0002 === false ) {\n\t\t\t\t\/\/\tdocument.cookie=\"_fbp=;expires=Thu, 01 Jan 2010 00:00:00 UTC; path=\/; domain=.boston.com\";\n\t\t\t\t\/\/}\n\t\t\t\t\/* Checking if the user has given consent for the cookie C0002.\n\t\t\t\t* If the user has given consent, the variable consent will be set to 'grant'.\n\t\t\t\t* If the user has not given consent,the variable consent will be set to 'revoke'.\n\t\t\t\t* Documentation https:\/\/developers.facebook.com\/docs\/meta-pixel\/implementation\/gdpr\n\t\t\t\t*\/\n\t\t\t\tif ( onetrustStorageConsent.C0002 !== true ) {\n\t\t\t\t\tconsent=\"revoke\";\n\t\t\t\t}\n\t\t\t}\n\t\t\t\t!function(f,b,e,v,n,t,s)\n\t\t{if(f.fbq)return;n=f.fbq=function(){n.callMethod?\n\t\tn.callMethod.apply(n,arguments):n.queue.push(arguments)};\n\t\tif(!f._fbq)f._fbq=n;n.push=n;n.loaded=!0;n.version='2.0';\n\t\tn.queue=[];t=b.createElement(e);t.async=!0;\n\t\tt.src=v;s=b.getElementsByTagName(e)[0];\n\t\ts.parentNode.insertBefore(t,s)}(window, document,'script',\n\t\t'https:\/\/connect.facebook.net\/en_US\/fbevents.js');\n\t\tfbq('consent', consent);\n\t\tfbq('init', '989222871864976');\n\t\tfbq('track', 'PageView');\n\t<\/script><script type=\"module\">\n\t\tvar consent=\"grant\";\n\t\t\/* The above code is parsing the JSON data from the local storage and storing it in a variable. *\/\n\t\t\tconst onetrustStorageConsent = JSON.parse(localStorage.getItem( 'consent_one_trust_bdc' ) );\n\t\t\t\/* Checking to see if the user has consented to the use of cookies.\n\t\t\t* If they have not, it is deleting the cookie.\n\t\t\t* This will comment for now, until further notice.\n\t\t\t*\/\n\t\t\t\/\/if ( onetrustStorageConsent.C0002 === false ) {\n\t\t\t\/\/\tdocument.cookie=\"_fbp=;expires=Thu, 01 Jan 2010 00:00:00 UTC; path=\/; domain=.boston.com\";\n\t\t\t\/\/}\n\t\t\t\/* Checking if the user has given consent for the cookie C0002.\n\t\t\t* If the user has given consent, the variable consent will be set to 'grant'.\n\t\t\t* If the user has not given consent,the variable consent will be set to 'revoke'.\n\t\t\t* Documentation https:\/\/developers.facebook.com\/docs\/meta-pixel\/implementation\/gdpr\n\t\t\t*\/\n\t\t\tif ( ( onetrustStorageConsent !== null ) && (onetrustStorageConsent.C0002 !== true ) ) {\n\t\t\t\tconsent=\"revoke\";\n\t\t\t}\n\t\t\t\t!function(f,b,e,v,n,t,s){if(f.fbq)return;n=f.fbq=function()\n\t\t{n.callMethod? n.callMethod.apply(n,arguments):n.queue.push(arguments)}\n\t\t;if(!f._fbq)f._fbq=n;\n\t\tn.push=n;n.loaded=!0;n.version='2.0';n.queue=[];t=b.createElement(e);t.async=!0;\n\t\tt.src=v;s=b.getElementsByTagName(e)[0];s.parentNode.insertBefore(t,s)}(window,\n\t\tdocument,'script','https:\/\/connect.facebook.net\/en_US\/fbevents.js');\n\t\tfbq('consent', consent);\n\t\tfbq('init', '813236348753005');\n\t\tfbq('track', \"PageView\");\n\t<\/script><br \/>\n<br \/><br \/>\n<br \/><a href=\"https:\/\/www.boston.com\/sports\/morning-sports-update\/2024\/12\/03\/bill-belichick-patriots-jerod-mayo-take\/\">Source link <\/a><\/p>","protected":false},"excerpt":{"rendered":"<p>Atualiza\u00e7\u00e3o esportiva matinal Belichick disse que seu ex-time n\u00e3o &#8220;fez o suficiente para vencer muitos jogos em qualquer n\u00edvel&#8221;. Bill Belichick quando ainda era t\u00e9cnico do Patriots durante a temporada&hellip;<\/p>","protected":false},"author":1,"featured_media":69917,"comment_status":"closed","ping_status":"open","sticky":false,"template":"","format":"standard","meta":{"content-type":"","footnotes":""},"categories":[1],"tags":[],"class_list":["post-69916","post","type-post","status-publish","format-standard","has-post-thumbnail","hentry","category-uncategorized"],"_links":{"self":[{"href":"https:\/\/tvbrazilusa.com\/pt\/wp-json\/wp\/v2\/posts\/69916","targetHints":{"allow":["GET"]}}],"collection":[{"href":"https:\/\/tvbrazilusa.com\/pt\/wp-json\/wp\/v2\/posts"}],"about":[{"href":"https:\/\/tvbrazilusa.com\/pt\/wp-json\/wp\/v2\/types\/post"}],"author":[{"embeddable":true,"href":"https:\/\/tvbrazilusa.com\/pt\/wp-json\/wp\/v2\/users\/1"}],"replies":[{"embeddable":true,"href":"https:\/\/tvbrazilusa.com\/pt\/wp-json\/wp\/v2\/comments?post=69916"}],"version-history":[{"count":1,"href":"https:\/\/tvbrazilusa.com\/pt\/wp-json\/wp\/v2\/posts\/69916\/revisions"}],"predecessor-version":[{"id":69918,"href":"https:\/\/tvbrazilusa.com\/pt\/wp-json\/wp\/v2\/posts\/69916\/revisions\/69918"}],"wp:featuredmedia":[{"embeddable":true,"href":"https:\/\/tvbrazilusa.com\/pt\/wp-json\/wp\/v2\/media\/69917"}],"wp:attachment":[{"href":"https:\/\/tvbrazilusa.com\/pt\/wp-json\/wp\/v2\/media?parent=69916"}],"wp:term":[{"taxonomy":"category","embeddable":true,"href":"https:\/\/tvbrazilusa.com\/pt\/wp-json\/wp\/v2\/categories?post=69916"},{"taxonomy":"post_tag","embeddable":true,"href":"https:\/\/tvbrazilusa.com\/pt\/wp-json\/wp\/v2\/tags?post=69916"}],"curies":[{"name":"wp","href":"https:\/\/api.w.org\/{rel}","templated":true}]}}