{"id":69932,"date":"2024-12-03T15:41:30","date_gmt":"2024-12-03T15:41:30","guid":{"rendered":"https:\/\/tvbrazilusa.com\/2024\/12\/03\/presidente-sul-coreano-declara-lei-marcial-acusando-oposicao-de-atividades-antiestatais\/"},"modified":"2024-12-03T15:47:38","modified_gmt":"2024-12-03T15:47:38","slug":"presidente-sul-coreano-declara-lei-marcial-acusando-oposicao-de-atividades-antiestatais","status":"publish","type":"post","link":"https:\/\/tvbrazilusa.com\/pt\/2024\/12\/03\/presidente-sul-coreano-declara-lei-marcial-acusando-oposicao-de-atividades-antiestatais\/","title":{"rendered":"Presidente sul-coreano declara lei marcial, acusando oposi\u00e7\u00e3o de atividades antiestatais"},"content":{"rendered":"<p> <script async src=\"https:\/\/pagead2.googlesyndication.com\/pagead\/js\/adsbygoogle.js?client=ca-pub-8864793242727901\"\r\n     crossorigin=\"anonymous\"><\/script><br \/>\n<\/p>\n<div id=\"\">\n<header class=\"m-article-header m-article-header--standard\">\n\t\t\t\t\t\t\t\t\t\t\t\t<span id=\"article-header-primary-term\"><br \/>\n\t\t\t\t\t\t\t\t<a class=\"a-term a-term--primary\" href=\"https:\/\/www.boston.com\/tag\/politics\/\"><\/p>\n<p>\t\t\t\t\t\t\t\tPol\u00edtica\t\t\t\t\t\t\t\t<\/a><br \/>\n\t\t\t\t\t\t\t<\/span><\/p>\n<h2 class=\"m-article-header__sub-headline\">A \u00faltima lei marcial anterior da Coreia do Sul foi em outubro de 1979.<\/h2>\n<figure class=\"a-photo m-article-header__photo\"><figcaption class=\"a-photo__caption\">\n<p>\tPessoas assistem a uma tela de TV mostrando o briefing televisionado do presidente sul-coreano Yoon Suk Yeol em um terminal de \u00f4nibus em Seul, Coreia do Sul, ter\u00e7a-feira, 3 de dezembro de 2024. <em> Foto AP\/Ahn Young-joon<\/em>\t<\/figcaption><\/figure>\n<div class=\"m-article-header__meta\">\n<div class=\"m-article-header__byline\">\n<p class=\"m-article-header__author\">\n<p>\t\t\t\t\t\t\t\tPor Associated Press\t\t\t\t\t\t\t<\/p>\n<p>\t\t\t\t\t\t\t\t\t\t\t\t\t\t\t<time class=\"m-article-header__date\"><\/p>\n<p>\t\t\t\t\t\t\t\t\t3 de dezembro de 2024 | 10h41\t\t\t\t\t\t\t\t<\/time><\/p><\/div>\n<\/p><\/div>\n<\/header>\n<p>SEUL, Coreia do Sul (AP) \u2013 O presidente sul-coreano, Yoon Suk Yeol, declarou lei marcial na ter\u00e7a-feira, prometendo eliminar as for\u00e7as \u201canti-estado\u201d enquanto luta contra uma oposi\u00e7\u00e3o que controla o parlamento do pa\u00eds e que ele acusa de simpatizar com a Coreia do Norte comunista.<\/p>\n<p>A surpreendente medida remonta a uma era de l\u00edderes autorit\u00e1rios que o pa\u00eds n\u00e3o via desde a d\u00e9cada de 1980, e foi imediatamente denunciada pela oposi\u00e7\u00e3o e pelo l\u00edder do pr\u00f3prio partido conservador de Yoon.<\/p>\n<p>Ap\u00f3s o an\u00fancio de Yoon, os militares da Coreia do Sul proclamaram que o parlamento e outras reuni\u00f5es pol\u00edticas que pudessem causar \u201cconfus\u00e3o social\u201d seriam suspensas, de acordo com a ag\u00eancia de not\u00edcias Yonhap, financiada pelo governo.<\/p>\n<p>Os militares tamb\u00e9m disseram que os m\u00e9dicos em greve do pa\u00eds deveriam retornar ao trabalho dentro de 48 horas, disse Yonhap. Milhares de m\u00e9dicos est\u00e3o em greve h\u00e1 meses devido aos planos do governo para expandir o n\u00famero de estudantes nas escolas de medicina.<\/p>\n<p>N\u00e3o ficou imediatamente claro quanto tempo a declara\u00e7\u00e3o da lei marcial de Yoon poderia durar. Segundo a lei sul-coreana, a lei marcial pode ser levantada com uma vota\u00e7\u00e3o majorit\u00e1ria no parlamento, onde o Partido Democrata, da oposi\u00e7\u00e3o, det\u00e9m a maioria. Imagens de TV mostraram policiais bloqueando a entrada da Assembleia Nacional.<\/p>\n<p>O l\u00edder do conservador Partido do Poder Popular de Yoon, Han Dong-hoon, classificou a decis\u00e3o de impor a lei marcial como \u201cerrada\u201d e prometeu \u201cacabar com o povo\u201d. O l\u00edder da oposi\u00e7\u00e3o Lee Jae-myung, que perdeu por pouco para Yoon nas elei\u00e7\u00f5es presidenciais de 2022, chamou o an\u00fancio de Yoon de \u201cilegal e inconstitucional\u201d.<\/p>\n<p>Yoon disse durante um discurso na televis\u00e3o que a lei marcial ajudaria a \u201creconstruir e proteger\u201d o pa\u00eds de \u201ccair nas profundezas da ru\u00edna nacional\u201d. Ele disse que iria \u201cerradicar as for\u00e7as pr\u00f3-Norte-Coreanas e proteger a ordem democr\u00e1tica constitucional\u201d.<\/p>\n<p>\u201cEliminarei as for\u00e7as antiestatais o mais r\u00e1pido poss\u00edvel e normalizarei o pa\u00eds\u201d, disse ele, ao mesmo tempo que pedia ao povo que acreditasse nele e tolerasse \u201calguns inconvenientes\u201d.<\/p>\n<p>Yoon \u2013 cujo \u00edndice de aprova\u00e7\u00e3o caiu nos \u00faltimos meses \u2013 tem lutado para impor a sua agenda contra um parlamento controlado pela oposi\u00e7\u00e3o desde que assumiu o cargo em 2022.<\/p>\n<p>O partido de Yoon est\u00e1 num impasse com a oposi\u00e7\u00e3o liberal sobre o projeto de lei or\u00e7amental do pr\u00f3ximo ano. A oposi\u00e7\u00e3o tamb\u00e9m tem tentado aprovar mo\u00e7\u00f5es para impeachment de tr\u00eas importantes procuradores, incluindo o chefe do Gabinete do Procurador do Distrito Central de Seul, no que os conservadores chamaram de vingan\u00e7a contra as suas investiga\u00e7\u00f5es criminais de Lee, que tem sido visto como o favorito para a pr\u00f3xima elei\u00e7\u00e3o presidencial em 2027 nas pesquisas de opini\u00e3o.<\/p>\n<p>Yoon tamb\u00e9m tem rejeitado apelos para investiga\u00e7\u00f5es independentes sobre esc\u00e2ndalos envolvendo a sua esposa e altos funcion\u00e1rios, atraindo repreens\u00f5es r\u00e1pidas e fortes dos seus rivais pol\u00edticos. O Partido Democrata convocou uma reuni\u00e3o de emerg\u00eancia de seus legisladores ap\u00f3s o an\u00fancio de Yoon.<\/p>\n<p>A medida de Yoon \u00e9 a primeira declara\u00e7\u00e3o de lei marcial desde a democratiza\u00e7\u00e3o do pa\u00eds em 1987. A \u00faltima lei marcial anterior do pa\u00eds foi em outubro de 1979.<\/p>\n<div class=\"m-block m-generic-cta\t m-generic-cta--post-content\t m-generic-cta--dark\t m-generic-cta--homepage\t m-generic-cta--email-signup\t\t m-generic-cta-block-style--default \tt-amp__generic-cta\"><\/p>\n<div class=\"m-generic-cta__wrap\">\n<div class=\"m-generic-cta__content\">\n<h3 class=\"m-generic-cta__title\">Alertas extras de not\u00edcias<\/h3>\n<p class=\"m-generic-cta__subtitle\">Receba as \u00faltimas atualiza\u00e7\u00f5es conforme elas acontecem.<\/p>\n<\/p><\/div>\n<\/p><\/div>\n<\/div><\/div>\n<p><script>\n\t\tvar consent=\"grant\";\n\t\t\/* The above code is parsing the JSON data from the local storage and storing it in a variable. *\/\n\t\t\t\t\tconst onetrustStorageConsent = JSON.parse(localStorage.getItem( 'consent_one_trust_bdc' ) );\n\t\t\tif ( ( onetrustStorageConsent !== null ) ) {\n\t\t\t\t\/* Checking to see if the user has consented to the use of cookies.\n\t\t\t\t* If they have not, it is deleting the cookie.\n\t\t\t\t* This will comment for now, until further notice.\n\t\t\t\t*\/\n\t\t\t\t\/\/if ( onetrustStorageConsent.C0002 === false ) {\n\t\t\t\t\/\/\tdocument.cookie=\"_fbp=;expires=Thu, 01 Jan 2010 00:00:00 UTC; path=\/; domain=.boston.com\";\n\t\t\t\t\/\/}\n\t\t\t\t\/* Checking if the user has given consent for the cookie C0002.\n\t\t\t\t* If the user has given consent, the variable consent will be set to 'grant'.\n\t\t\t\t* If the user has not given consent,the variable consent will be set to 'revoke'.\n\t\t\t\t* Documentation https:\/\/developers.facebook.com\/docs\/meta-pixel\/implementation\/gdpr\n\t\t\t\t*\/\n\t\t\t\tif ( onetrustStorageConsent.C0002 !== true ) {\n\t\t\t\t\tconsent=\"revoke\";\n\t\t\t\t}\n\t\t\t}\n\t\t\t\t!function(f,b,e,v,n,t,s)\n\t\t{if(f.fbq)return;n=f.fbq=function(){n.callMethod?\n\t\tn.callMethod.apply(n,arguments):n.queue.push(arguments)};\n\t\tif(!f._fbq)f._fbq=n;n.push=n;n.loaded=!0;n.version='2.0';\n\t\tn.queue=[];t=b.createElement(e);t.async=!0;\n\t\tt.src=v;s=b.getElementsByTagName(e)[0];\n\t\ts.parentNode.insertBefore(t,s)}(window, document,'script',\n\t\t'https:\/\/connect.facebook.net\/en_US\/fbevents.js');\n\t\tfbq('consent', consent);\n\t\tfbq('init', '989222871864976');\n\t\tfbq('track', 'PageView');\n\t<\/script><script type=\"module\">\n\t\tvar consent=\"grant\";\n\t\t\/* The above code is parsing the JSON data from the local storage and storing it in a variable. *\/\n\t\t\tconst onetrustStorageConsent = JSON.parse(localStorage.getItem( 'consent_one_trust_bdc' ) );\n\t\t\t\/* Checking to see if the user has consented to the use of cookies.\n\t\t\t* If they have not, it is deleting the cookie.\n\t\t\t* This will comment for now, until further notice.\n\t\t\t*\/\n\t\t\t\/\/if ( onetrustStorageConsent.C0002 === false ) {\n\t\t\t\/\/\tdocument.cookie=\"_fbp=;expires=Thu, 01 Jan 2010 00:00:00 UTC; path=\/; domain=.boston.com\";\n\t\t\t\/\/}\n\t\t\t\/* Checking if the user has given consent for the cookie C0002.\n\t\t\t* If the user has given consent, the variable consent will be set to 'grant'.\n\t\t\t* If the user has not given consent,the variable consent will be set to 'revoke'.\n\t\t\t* Documentation https:\/\/developers.facebook.com\/docs\/meta-pixel\/implementation\/gdpr\n\t\t\t*\/\n\t\t\tif ( ( onetrustStorageConsent !== null ) && (onetrustStorageConsent.C0002 !== true ) ) {\n\t\t\t\tconsent=\"revoke\";\n\t\t\t}\n\t\t\t\t!function(f,b,e,v,n,t,s){if(f.fbq)return;n=f.fbq=function()\n\t\t{n.callMethod? n.callMethod.apply(n,arguments):n.queue.push(arguments)}\n\t\t;if(!f._fbq)f._fbq=n;\n\t\tn.push=n;n.loaded=!0;n.version='2.0';n.queue=[];t=b.createElement(e);t.async=!0;\n\t\tt.src=v;s=b.getElementsByTagName(e)[0];s.parentNode.insertBefore(t,s)}(window,\n\t\tdocument,'script','https:\/\/connect.facebook.net\/en_US\/fbevents.js');\n\t\tfbq('consent', consent);\n\t\tfbq('init', '813236348753005');\n\t\tfbq('track', \"PageView\");\n\t<\/script><br \/>\n<br \/><br \/>\n<br \/><a href=\"https:\/\/www.boston.com\/news\/politics\/2024\/12\/03\/south-korean-president-martial-law-accusing-opposition-anti-state-activity\/\">Source link <\/a><\/p>","protected":false},"excerpt":{"rendered":"<p>Pol\u00edtica A \u00faltima lei marcial anterior da Coreia do Sul foi em outubro de 1979. Pessoas assistem a uma tela de TV mostrando o briefing televisionado do presidente sul-coreano Yoon&hellip;<\/p>","protected":false},"author":1,"featured_media":69933,"comment_status":"closed","ping_status":"open","sticky":false,"template":"","format":"standard","meta":{"content-type":"","footnotes":""},"categories":[1],"tags":[],"class_list":["post-69932","post","type-post","status-publish","format-standard","has-post-thumbnail","hentry","category-uncategorized"],"_links":{"self":[{"href":"https:\/\/tvbrazilusa.com\/pt\/wp-json\/wp\/v2\/posts\/69932","targetHints":{"allow":["GET"]}}],"collection":[{"href":"https:\/\/tvbrazilusa.com\/pt\/wp-json\/wp\/v2\/posts"}],"about":[{"href":"https:\/\/tvbrazilusa.com\/pt\/wp-json\/wp\/v2\/types\/post"}],"author":[{"embeddable":true,"href":"https:\/\/tvbrazilusa.com\/pt\/wp-json\/wp\/v2\/users\/1"}],"replies":[{"embeddable":true,"href":"https:\/\/tvbrazilusa.com\/pt\/wp-json\/wp\/v2\/comments?post=69932"}],"version-history":[{"count":1,"href":"https:\/\/tvbrazilusa.com\/pt\/wp-json\/wp\/v2\/posts\/69932\/revisions"}],"predecessor-version":[{"id":69934,"href":"https:\/\/tvbrazilusa.com\/pt\/wp-json\/wp\/v2\/posts\/69932\/revisions\/69934"}],"wp:featuredmedia":[{"embeddable":true,"href":"https:\/\/tvbrazilusa.com\/pt\/wp-json\/wp\/v2\/media\/69933"}],"wp:attachment":[{"href":"https:\/\/tvbrazilusa.com\/pt\/wp-json\/wp\/v2\/media?parent=69932"}],"wp:term":[{"taxonomy":"category","embeddable":true,"href":"https:\/\/tvbrazilusa.com\/pt\/wp-json\/wp\/v2\/categories?post=69932"},{"taxonomy":"post_tag","embeddable":true,"href":"https:\/\/tvbrazilusa.com\/pt\/wp-json\/wp\/v2\/tags?post=69932"}],"curies":[{"name":"wp","href":"https:\/\/api.w.org\/{rel}","templated":true}]}}