{"id":69976,"date":"2024-12-03T16:47:57","date_gmt":"2024-12-03T16:47:57","guid":{"rendered":"https:\/\/tvbrazilusa.com\/2024\/12\/03\/defesa-de-martins-destaca-nova-contradicao-da-pf\/"},"modified":"2024-12-03T16:47:59","modified_gmt":"2024-12-03T16:47:59","slug":"defesa-de-martins-destaca-nova-contradicao-da-pf","status":"publish","type":"post","link":"https:\/\/tvbrazilusa.com\/pt\/2024\/12\/03\/defesa-de-martins-destaca-nova-contradicao-da-pf\/","title":{"rendered":"Defesa de Martins destaca nova contradi\u00e7\u00e3o da PF"},"content":{"rendered":"<p> <script async src=\"https:\/\/pagead2.googlesyndication.com\/pagead\/js\/adsbygoogle.js?client=ca-pub-8864793242727901\"\r\n     crossorigin=\"anonymous\"><\/script><br \/>\n<\/p>\n<div id=\"taboola-read-more\" style=\"display:block; width:100%\">\n<p>A defesa de Filipe Martins apontou, nesta ter\u00e7a-feira, 3, uma nova contradi\u00e7\u00e3o da Pol\u00edcia Federal (PF).\n<\/p>\n<p>Conforme os advogados do ex-assessor da Presid\u00eancia para Assuntos Internacionais, um discurso feito para o ent\u00e3o presidente Jair Bolsonaro, e que teria sido escrito por Martins, \u201ccontraria frontalmente todas as acusa\u00e7\u00f5es que, h\u00e1 quase um ano, v\u00eam sendo lan\u00e7adas contra Filipe\u201d.<\/p>\n<p>De acordo com ve\u00edculos de imprensa, o documento apreendido em fevereiro deste ano, durante a Opera\u00e7\u00e3o Tempus Veritatis, seria para contestar o resultado das elei\u00e7\u00f5es de 2022. Para a defesa de Martins, contudo, a carta o inocenta.\n<\/p>\n<p>\u201cO texto, de forma clara e inequ\u00edvoca, rejeita qualquer insinua\u00e7\u00e3o sobre um \u2018golpe\u2019 e reafirma que a elei\u00e7\u00e3o, ainda que prejudicada por irregularidades, n\u00e3o seria contestada\u201d, informaram os advogados de Martins \u00e0 coluna. \u201cO trecho mais emblem\u00e1tico do discurso declara: \u2018Mesmo considerando essa elei\u00e7\u00e3o ileg\u00edtima, n\u00e3o irei contest\u00e1-la. Meu amor pelo pa\u00eds e pelo povo brasileiro est\u00e1 acima de tudo. Seguirei firme em meu compromisso com nossa na\u00e7\u00e3o e lutarei desde o primeiro dia contra um governo que considero ileg\u00edtimo e sem condi\u00e7\u00f5es morais de governar o nosso pa\u00eds\u2019.\u201d\n<\/p>\n<p>Omiss\u00e3o em relat\u00f3rio que indiciou Filipe Martins\n<\/p>\n<p>Al\u00e9m disso, segundo a defesa de Martins, o discurso n\u00e3o foi inclu\u00eddo no relat\u00f3rio final que indiciou o ex-assessor. \u201cIsso levanta uma quest\u00e3o ser\u00edssima: estaria a PF selecionando provas, de forma parcial, omitindo documentos que inocentam um investigado, enquanto promove acusa\u00e7\u00f5es sem fundamentos s\u00f3lidos?\u201d, interpelaram os advogados. \u201cEsse grave ind\u00edcio de m\u00e1-f\u00e9 precisa ser esclarecido com urg\u00eancia e, se necess\u00e1rio, investigado pelas autoridades competentes.\u201d\n<\/p>\n<h3 class=\"wp-block-heading\">Primeira contradi\u00e7\u00e3o<\/h3>\n<p>Na semana passada, com a\u00a0<strong><a href=\"https:\/\/revistaoeste.com\/politica\/alexandre-de-moraes-levanta-sigilo-de-relatorio-sobre-golpe\/\">divulga\u00e7\u00e3o do relat\u00f3rio da PF sobre um suposto plano de golpe de Estado,<\/a><\/strong>\u00a0a corpora\u00e7\u00e3o se contradisse a respeito da \u201cviagem\u201d do ex-assessor a Orlando, em dezembro de 2022.\n<\/p>\n<p>A PF informou, agora, que Martins \u201cforjou uma poss\u00edvel sa\u00edda do Brasil\u201d. \u201cO conjunto de elementos probat\u00f3rios reunidos ao longo de todo per\u00edodo investigativo demonstraram que Filipe Martins forjou uma poss\u00edvel sa\u00edda do Brasil no final do ano de 2022 com o objetivo de dificultar sua eventual localiza\u00e7\u00e3o e consequente aplica\u00e7\u00e3o da lei penal\u201d, informou a PF, no relat\u00f3rio. \u201cA semelhan\u00e7a de outros investigados, que adotaram estrat\u00e9gia de sair do pa\u00eds ap\u00f3s n\u00e3o conseguirem \u00eaxito na tentativa de subvers\u00e3o do regime democr\u00e1tico, o investigado adotou diversos recursos para ludibriar poss\u00edveis investiga\u00e7\u00f5es quanto ao seu paradeiro.\u201d\n<\/p>\n<p>\u00a0<\/p>\n<p><strong><a href=\"https:\/\/revistaoeste.com\/politica\/policia-federal-prende-ex-assessores-de-bolsonaro\/\">Ao prender Martins em fevereiro deste ano, por\u00e9m, a PF afirmou que o ex-assessor viajou aos Estados Unidos<\/a><\/strong>\u00a0em uma comitiva com Bolsonaro. Ao longo dos meses,\u00a0<strong>Oeste<\/strong>\u00a0tem revelado provas de que Martins n\u00e3o saiu do Brasil no per\u00edodo dito inicialmente pela PF. Entre as evid\u00eancias, est\u00e3o bilhetes de passagens a\u00e9reas, comprovantes da Uber e at\u00e9 um documento do governo dos Estados Unidos. Martins ficou preso durante seis meses.\n<\/p>\n<h4 class=\"wp-block-heading\">Leia o posicionamento completo da defesa<\/h4>\n<p><em>\u201cA defesa de Filipe Martins vem a p\u00fablico expressar seu contentamento pelo fato de que, ainda que n\u00e3o por iniciativa de seus detratores, mas pela for\u00e7a ineg\u00e1vel da verdade, o fr\u00e1gil \u2018castelo de cartas\u2019 constru\u00eddo com mentiras e suposi\u00e7\u00f5es infundadas contra seu cliente come\u00e7a, finalmente, a ruir.<\/em>\n<\/p>\n<p><em>Conforme amplamente noticiado pela imprensa, a PF identificou um discurso elaborado para o ent\u00e3o presidente Jair Bolsonaro, logo ap\u00f3s as elei\u00e7\u00f5es de 2022. De acordo com a an\u00e1lise de metadados, a autoria do texto foi atribu\u00edda a Filipe Martins. O conte\u00fado do discurso, agora revelado, contraria frontalmente todas as acusa\u00e7\u00f5es que h\u00e1 quase um ano v\u00eam sendo lan\u00e7adas contra Filipe.<\/em>\n<\/p>\n<p><em>O texto, de forma clara e inequ\u00edvoca, rejeita qualquer insinua\u00e7\u00e3o sobre um \u2018golpe\u2019 e reafirma que a elei\u00e7\u00e3o, ainda que prejudicada por irregularidades, n\u00e3o seria contestada. O trecho mais emblem\u00e1tico do discurso declara:<\/em>\n<\/p>\n<p><em>\u2018Mesmo considerando essa elei\u00e7\u00e3o ileg\u00edtima, n\u00e3o irei contest\u00e1-la. Meu amor pelo pa\u00eds e pelo povo brasileiro est\u00e1 acima de tudo. Seguirei firme em meu compromisso com nossa na\u00e7\u00e3o e lutarei desde o primeiro dia contra um governo que considero ileg\u00edtimo e sem condi\u00e7\u00f5es morais de governar o nosso pa\u00eds\u2019.<\/em>\n<\/p>\n<p><em>\u00c9 evidente que o discurso, embora duro e marcado por uma forte ret\u00f3rica pol\u00edtica pr\u00f3pria de quem se preparava para liderar a oposi\u00e7\u00e3o ao futuro governo, nada tem de golpista. O discurso, ali\u00e1s, \u00e9 bem menos agressivo do que outras manifesta\u00e7\u00f5es pol\u00edticas da hist\u00f3ria recente, como aquelas promovidas pelo pr\u00f3prio PT de Lula contra Collor, Itamar Franco, FHC, Temer e Bolsonaro.<\/em>\n<\/p>\n<p><em>O ponto mais relevante, contudo, \u00e9 inequ\u00edvoco e insofism\u00e1vel: n\u00e3o se trata, de forma alguma, de um chamado a golpe de Estado, mas precisamente do oposto; do an\u00fancio de que n\u00e3o havia inten\u00e7\u00e3o de contestar o resultado eleitoral e do compromisso de oferecer oposi\u00e7\u00e3o ao futuro governo desde o primeiro dia.<\/em>\n<\/p>\n<p><em>Com essa nova evid\u00eancia, a pr\u00f3pria PF implode as bases de seu indiciamento anterior, ao apontar Filipe Martins como autor de um documento cujo teor refuta categoricamente as acusa\u00e7\u00f5es lan\u00e7adas contra ele. Estranhamente, contudo, o referido discurso n\u00e3o foi inclu\u00eddo no relat\u00f3rio final que indiciou Filipe. Isso levanta uma quest\u00e3o ser\u00edssima: estaria a Pol\u00edcia Federal selecionando provas de forma parcial, omitindo documentos que inocentam um investigado, enquanto promove acusa\u00e7\u00f5es sem fundamentos s\u00f3lidos? Esse grave ind\u00edcio de m\u00e1-f\u00e9 precisa ser esclarecido com urg\u00eancia e, se necess\u00e1rio, investigado pelas autoridades competentes.<\/em>\n<\/p>\n<p><em>Esse fato \u00e9 ainda mais grave por n\u00e3o ser a primeira vez que os delegados respons\u00e1veis pelo inqu\u00e9rito apresentam vers\u00f5es contradit\u00f3rias nas acusa\u00e7\u00f5es contra Filipe Martins. Recordamos, a esse respeito, a grav\u00edssima inconsist\u00eancia em torno da alega\u00e7\u00e3o que embasou a pris\u00e3o preventiva de nosso cliente, mantida de forma ilegal e abusiva por mais de seis meses.<\/em>\n<\/p>\n<p><em>No relat\u00f3rio inicial, a autoridade policial afirmou que Filipe teria realizado uma viagem aos Estados Unidos em 30 de dezembro de 2022, sem deixar qualquer registro dessa movimenta\u00e7\u00e3o. Contudo, ao ser comprovado de forma irrefut\u00e1vel que tal viagem jamais ocorreu, a Pol\u00edcia Federal alterou sua narrativa. Passou, ent\u00e3o, a alegar que Filipe, antes acusado de viajar sem deixar registros, teria, na verdade,\u00a0<\/em>\u2018<em>simulado registros\u2019 com o prop\u00f3sito de induzir a PF a acreditar que ele havia deixado o pa\u00eds.<\/em>\n<\/p>\n<p><em>Essas vers\u00f5es conflitantes n\u00e3o apenas desconstroem a credibilidade das acusa\u00e7\u00f5es, mas tamb\u00e9m exp\u00f5em um preocupante padr\u00e3o de inconsist\u00eancias e arbitrariedades ao longo da investiga\u00e7\u00e3o, em claro preju\u00edzo aos direitos e \u00e0 dignidade de Filipe Martins, que h\u00e1 dez meses, tem sido alvo de restri\u00e7\u00f5es descabidas e infundadas, numa viola\u00e7\u00e3o flagrante de seus direitos fundamentais e inalien\u00e1veis.<\/em>\n<\/p>\n<p><em>A defesa reitera sua confian\u00e7a de que, com a verdade vindo \u00e0 tona, as acusa\u00e7\u00f5es ser\u00e3o arquivadas pela Procuradoria-Geral da Rep\u00fablica e de que Filipe Martins ser\u00e1 plenamente inocentado. O documento agora revelado \u00e9 uma prova incontest\u00e1vel de sua inoc\u00eancia, e esperamos que nenhum novo abuso seja cometido em nome de narrativas sem lastro na realidade. A verdade, como sempre, prevalecer\u00e1\u201d.<\/em><\/p>\n<p>Fonte: Revista Oeste              <\/p>\n<\/div>\n<p><br \/>\n<br \/><a href=\"https:\/\/diariodobrasilnoticias.com.br\/noticia\/defesa-de-martins-destaca-nova-contradicao-da-pf-674f172d247bc\">Source link <\/a><\/p>","protected":false},"excerpt":{"rendered":"<p>A defesa de Filipe Martins apontou, nesta ter\u00e7a-feira, 3, uma nova contradi\u00e7\u00e3o da Pol\u00edcia Federal (PF). Conforme os advogados do ex-assessor da Presid\u00eancia para Assuntos Internacionais, um discurso feito para&hellip;<\/p>","protected":false},"author":1,"featured_media":69977,"comment_status":"closed","ping_status":"open","sticky":false,"template":"","format":"standard","meta":{"content-type":"","footnotes":""},"categories":[16],"tags":[123,2448,5313,1267],"class_list":["post-69976","post","type-post","status-publish","format-standard","has-post-thumbnail","hentry","category-noticias","tag-brasil","tag-diario","tag-noticia","tag-noticias"],"_links":{"self":[{"href":"https:\/\/tvbrazilusa.com\/pt\/wp-json\/wp\/v2\/posts\/69976","targetHints":{"allow":["GET"]}}],"collection":[{"href":"https:\/\/tvbrazilusa.com\/pt\/wp-json\/wp\/v2\/posts"}],"about":[{"href":"https:\/\/tvbrazilusa.com\/pt\/wp-json\/wp\/v2\/types\/post"}],"author":[{"embeddable":true,"href":"https:\/\/tvbrazilusa.com\/pt\/wp-json\/wp\/v2\/users\/1"}],"replies":[{"embeddable":true,"href":"https:\/\/tvbrazilusa.com\/pt\/wp-json\/wp\/v2\/comments?post=69976"}],"version-history":[{"count":1,"href":"https:\/\/tvbrazilusa.com\/pt\/wp-json\/wp\/v2\/posts\/69976\/revisions"}],"predecessor-version":[{"id":69978,"href":"https:\/\/tvbrazilusa.com\/pt\/wp-json\/wp\/v2\/posts\/69976\/revisions\/69978"}],"wp:featuredmedia":[{"embeddable":true,"href":"https:\/\/tvbrazilusa.com\/pt\/wp-json\/wp\/v2\/media\/69977"}],"wp:attachment":[{"href":"https:\/\/tvbrazilusa.com\/pt\/wp-json\/wp\/v2\/media?parent=69976"}],"wp:term":[{"taxonomy":"category","embeddable":true,"href":"https:\/\/tvbrazilusa.com\/pt\/wp-json\/wp\/v2\/categories?post=69976"},{"taxonomy":"post_tag","embeddable":true,"href":"https:\/\/tvbrazilusa.com\/pt\/wp-json\/wp\/v2\/tags?post=69976"}],"curies":[{"name":"wp","href":"https:\/\/api.w.org\/{rel}","templated":true}]}}