{"id":69979,"date":"2024-12-03T16:42:42","date_gmt":"2024-12-03T16:42:42","guid":{"rendered":"https:\/\/tvbrazilusa.com\/2024\/12\/03\/soldado-americano-israelense-mantido-refem-em-gaza-foi-morto-em-7-de-outubro-diz-israel-wsvn-7news-noticias-de-miami-clima-esportes-fort-lauderdale\/"},"modified":"2024-12-03T16:52:18","modified_gmt":"2024-12-03T16:52:18","slug":"soldado-americano-israelense-mantido-refem-em-gaza-foi-morto-em-7-de-outubro-diz-israel-wsvn-7news-noticias-de-miami-clima-esportes-fort-lauderdale","status":"publish","type":"post","link":"https:\/\/tvbrazilusa.com\/pt\/2024\/12\/03\/soldado-americano-israelense-mantido-refem-em-gaza-foi-morto-em-7-de-outubro-diz-israel-wsvn-7news-noticias-de-miami-clima-esportes-fort-lauderdale\/","title":{"rendered":"Soldado americano-israelense mantido ref\u00e9m em Gaza foi &#8216;morto em 7 de outubro&#8217;, diz Israel &#8211; WSVN 7News | Not\u00edcias de Miami, clima, esportes | Fort Lauderdale"},"content":{"rendered":"<p> <script async src=\"https:\/\/pagead2.googlesyndication.com\/pagead\/js\/adsbygoogle.js?client=ca-pub-8864793242727901\"\r\n     crossorigin=\"anonymous\"><\/script><br \/>\n<\/p>\n<div itemprop=\"articleBody\">\n<p><strong>(CNN) &#8211; <\/strong>Os militares israelenses disseram na segunda-feira que Omer Maxim Neutra, um cidad\u00e3o americano-israelense que anteriormente se acreditava estar vivo e mantido como ref\u00e9m em Gaza, foi morto durante o ataque liderado pelo Hamas em 7 de outubro de 2023.<\/p>\n<p>Neutra, de 21 anos, serviu como comandante de pelot\u00e3o de tanques nas For\u00e7as de Defesa de Israel (IDF) durante o ataque, disse a IDF, acrescentando que o corpo de Neutra ainda est\u00e1 mantido como ref\u00e9m em Gaza. N\u00e3o est\u00e1 claro o que levou a IDF a fazer o an\u00fancio. Em casos anteriores, quando um ref\u00e9m foi declarado morto, a descoberta baseou-se em novas informa\u00e7\u00f5es e provas.<\/p>\n<p>\u201cOmer adorava esportes, jogando futebol, basquete e v\u00f4lei, e serviu como capit\u00e3o dos times esportivos de sua escola\u201d, disse o F\u00f3rum de Ref\u00e9ns e Fam\u00edlias Desaparecidas em um comunicado. \u201cA fam\u00edlia e os amigos o descreveram como uma pessoa calorosa, otimista e atenciosa que &#8216;ilumina a sala no momento em que entra&#8217;\u201d.<\/p>\n<p>O ministro das Rela\u00e7\u00f5es Exteriores de Israel, Israel Katz, disse em um comunicado que Neutra \u201ccaiu em uma batalha her\u00f3ica perto de Nir Oz em 7 de outubro\u201d. Nir Oz, um pequeno kibutz perto de Gaza, no sul de Israel, foi uma das comunidades mais afectadas pelos ataques terroristas de 7 de Outubro, com um em cada quatro residentes assassinado ou raptado.<\/p>\n<p>Os pais de Neutra, Ronen e Orna Neutra, conversaram com a CNN na semana passada, descrevendo a dor de ter que comemorar o segundo Dia de A\u00e7\u00e3o de Gra\u00e7as sem o filho \u00e0 mesa.<\/p>\n<p>Acreditando que Omer estava vivo, disseram esperar que o cessar-fogo entre Israel e o Hezbollah no L\u00edbano pudesse servir como um \u201cmomento para reorientar\u201d a garantia da sua liberta\u00e7\u00e3o.<\/p>\n<p>\u201cVimos que a aten\u00e7\u00e3o tanto em Israel como em todo o mundo foi desviada da guerra em Gaza para a guerra no L\u00edbano nos \u00faltimos quatro ou cinco meses, e isso era uma preocupa\u00e7\u00e3o para n\u00f3s\u201d, disse Ronen Neutra. \u201cMas, ao mesmo tempo, estamos desapontados por n\u00e3o ter sido combinado com um acordo de ref\u00e9ns, que \u00e9 realmente o elemento mais urgente neste momento. Consideramos que \u00e9 uma oportunidade perdida.\u201d<\/p>\n<p>Neutra foi um dos sete cidad\u00e3os americanos detidos em Gaza. Quatro, incluindo Neutra, foram declarados mortos.<\/p>\n<p>O presidente dos EUA, Joe Biden, disse em comunicado na segunda-feira que ele e a primeira-dama Jill Biden ficaram \u201cdevastados e indignados\u201d ap\u00f3s o an\u00fancio da morte de Neutra.<\/p>\n<p>\u201cH\u00e1 menos de um m\u00eas, a m\u00e3e e o pai de Omer juntaram-se a mim na Casa Branca para compartilhar a dor que suportaram enquanto oravam pelo retorno seguro de seu filho \u2013 dor que nenhum pai deveria conhecer\u201d, escreveu Biden no comunicado.<\/p>\n<p>\u201cDurante esta hora sombria \u2013 enquanto a nossa na\u00e7\u00e3o se junta aos pais, irm\u00e3o e fam\u00edlia de Omer no luto por esta perda tr\u00e1gica \u2013 rezamos para encontrar for\u00e7a e resili\u00eancia. E a todas as fam\u00edlias dos que ainda s\u00e3o mantidos como ref\u00e9ns: n\u00f3s vemos voc\u00eas. Estamos com voc\u00ea. E n\u00e3o vou parar de trabalhar para trazer seus entes queridos de volta para casa, onde pertencem\u201d, acrescentou o presidente.<\/p>\n<h2 class=\"wp-block-heading\">Not\u00edcias &#8216;devastadoras&#8217;<\/h2>\n<p>O an\u00fancio da morte de Neutra provocou uma onda de pesar por parte das autoridades israelenses. O primeiro-ministro Benjamin Netanyahu chamou-o de \u201cuma pessoa de grandes valores, rico em talentos e um sionista em todas as fibras do seu ser\u201d.<\/p>\n<p>O presidente de Israel, Isaac Herzog, que se encontrou com a fam\u00edlia de Neutra em diversas ocasi\u00f5es, descreveu a not\u00edcia da sua morte como \u201cdevastadora\u201d.<\/p>\n<p>\u201cOmer nasceu e foi criado nos Estados Unidos e escolheu (vir) para Israel e alistar-se nas FDI para defender o nosso povo\u201d, disse Herzog.<\/p>\n<p>A not\u00edcia da morte de Neutra surgiu poucos dias depois de o Hamas ter divulgado um v\u00eddeo de Edan Alexander, um dos tr\u00eas ref\u00e9ns israelo-americanos que se acredita ainda estar vivo em Gaza.<\/p>\n<p>O v\u00eddeo de propaganda foi divulgado no s\u00e1bado. Mostra Alexander, de 20 anos, que parece estar sob coa\u00e7\u00e3o, afirmando que est\u00e1 mantido em cativeiro h\u00e1 mais de 420 dias e implorando ao primeiro-ministro de Israel, Benjamin Netanyahu, e ao presidente eleito dos EUA, Donald Trump, por sua liberta\u00e7\u00e3o. Segunda-feira marcou 423 dias desde o in\u00edcio da guerra entre Israel e o Hamas.<\/p>\n<p>Falando diante de milhares de pessoas em um com\u00edcio no s\u00e1bado \u00e0 noite na \u201cPra\u00e7a dos Ref\u00e9ns\u201d em Tel Aviv, a m\u00e3e de Alexander, Yael Alexander, disse que estava \u201cabalada com o v\u00eddeo\u201d.<\/p>\n<p>Ela disse \u00e0 multid\u00e3o que foi contatada pelo l\u00edder israelense ap\u00f3s a divulga\u00e7\u00e3o do v\u00eddeo.<\/p>\n<p>\u201cMeu Edan, meu amor, estamos com muitas saudades de voc\u00ea. Quero dizer-lhe que, na sequ\u00eancia do seu pedido, h\u00e1 cerca de uma hora, o primeiro-ministro Benjamin Netanyahu telefonou-me. Ele fortaleceu-me e garantiu-me que agora, depois do acordo no L\u00edbano, as condi\u00e7\u00f5es est\u00e3o reunidas para vos libertar e trazer para casa\u201d, disse ela.<\/p>\n<p>Segundo as autoridades israelitas, o Hamas mant\u00e9m 101 ref\u00e9ns em Gaza \u2013 97 feitos em 7 de outubro de 2023 e outros quatro que foram raptados antes disso. Pelo menos 37 dos ref\u00e9ns foram agora confirmados como mortos por Israel. Os ref\u00e9ns incluem 13 mulheres e duas crian\u00e7as menores de cinco anos, segundo as autoridades.<\/p>\n<p><em>The-CNN-Wire\u2122 e \u00a9 2024 Cable News Network, Inc., uma empresa da Time Warner. Todos os direitos reservados.<\/em><\/p>\n<div class=\"wp-block-newsletter\">\n\t<strong class=\"wp-block-newsletter__title\">Cadastre-se em nosso boletim informativo para receber as \u00faltimas not\u00edcias diretamente na sua caixa de entrada<\/strong><\/p>\n<\/div><\/div>\n<p><br \/>\n<br \/><a href=\"https:\/\/wsvn.com\/news\/us-world\/american-israeli-soldier-held-hostage-in-gaza-was-killed-on-october-7-israel-says\/\">Source link <\/a><\/p>","protected":false},"excerpt":{"rendered":"<p>(CNN) &#8211; Os militares israelenses disseram na segunda-feira que Omer Maxim Neutra, um cidad\u00e3o americano-israelense que anteriormente se acreditava estar vivo e mantido como ref\u00e9m em Gaza, foi morto durante&hellip;<\/p>","protected":false},"author":1,"featured_media":69980,"comment_status":"closed","ping_status":"open","sticky":false,"template":"","format":"standard","meta":{"content-type":"","footnotes":""},"categories":[1],"tags":[],"class_list":["post-69979","post","type-post","status-publish","format-standard","has-post-thumbnail","hentry","category-uncategorized"],"_links":{"self":[{"href":"https:\/\/tvbrazilusa.com\/pt\/wp-json\/wp\/v2\/posts\/69979","targetHints":{"allow":["GET"]}}],"collection":[{"href":"https:\/\/tvbrazilusa.com\/pt\/wp-json\/wp\/v2\/posts"}],"about":[{"href":"https:\/\/tvbrazilusa.com\/pt\/wp-json\/wp\/v2\/types\/post"}],"author":[{"embeddable":true,"href":"https:\/\/tvbrazilusa.com\/pt\/wp-json\/wp\/v2\/users\/1"}],"replies":[{"embeddable":true,"href":"https:\/\/tvbrazilusa.com\/pt\/wp-json\/wp\/v2\/comments?post=69979"}],"version-history":[{"count":1,"href":"https:\/\/tvbrazilusa.com\/pt\/wp-json\/wp\/v2\/posts\/69979\/revisions"}],"predecessor-version":[{"id":69981,"href":"https:\/\/tvbrazilusa.com\/pt\/wp-json\/wp\/v2\/posts\/69979\/revisions\/69981"}],"wp:featuredmedia":[{"embeddable":true,"href":"https:\/\/tvbrazilusa.com\/pt\/wp-json\/wp\/v2\/media\/69980"}],"wp:attachment":[{"href":"https:\/\/tvbrazilusa.com\/pt\/wp-json\/wp\/v2\/media?parent=69979"}],"wp:term":[{"taxonomy":"category","embeddable":true,"href":"https:\/\/tvbrazilusa.com\/pt\/wp-json\/wp\/v2\/categories?post=69979"},{"taxonomy":"post_tag","embeddable":true,"href":"https:\/\/tvbrazilusa.com\/pt\/wp-json\/wp\/v2\/tags?post=69979"}],"curies":[{"name":"wp","href":"https:\/\/api.w.org\/{rel}","templated":true}]}}