{"id":70020,"date":"2024-12-03T17:54:44","date_gmt":"2024-12-03T17:54:44","guid":{"rendered":"https:\/\/tvbrazilusa.com\/2024\/12\/03\/apos-decisao-de-dino-sobre-emendas-deputados-ameacam-reagir-ao-stf\/"},"modified":"2024-12-03T17:54:45","modified_gmt":"2024-12-03T17:54:45","slug":"apos-decisao-de-dino-sobre-emendas-deputados-ameacam-reagir-ao-stf","status":"publish","type":"post","link":"https:\/\/tvbrazilusa.com\/pt\/2024\/12\/03\/apos-decisao-de-dino-sobre-emendas-deputados-ameacam-reagir-ao-stf\/","title":{"rendered":"Ap\u00f3s decis\u00e3o de Dino sobre emendas, deputados amea\u00e7am reagir ao STF"},"content":{"rendered":"<p> <script async src=\"https:\/\/pagead2.googlesyndication.com\/pagead\/js\/adsbygoogle.js?client=ca-pub-8864793242727901\"\r\n     crossorigin=\"anonymous\"><\/script><br \/>\n<\/p>\n<div id=\"taboola-read-more\" style=\"display:block; width:100%\">\n<p>Deputados integrantes do chamado Centr\u00e3o n\u00e3o ficaram satisfeitos com as limita\u00e7\u00f5es impostas pelo ministro Fl\u00e1vio Dino, do STF, na decis\u00e3o que liberou o pagamento das emendas parlamentares \u2013 principalmente as de comiss\u00e3o e as de transfer\u00eancia especial.\n<\/p>\n<p>Conforme apurou O Antagonista, deputados de siglas como PSD, Uni\u00e3o Brasil, PP e MDB v\u00e3o pressionar o presidente da C\u00e2mara, Arthur Lira (PP-AL), a dar uma resposta ao STF e solicitar que algumas das regras impostas por Dino sejam flexibilizadas.<\/p>\n<p>Outra corrente parlamentar defende que C\u00e2mara e Senado apresentem a\u00e7\u00f5es questionando a decis\u00e3o de Dino, por meio de um embargo de declara\u00e7\u00e3o \u2013 a\u00e7\u00e3o em que se pede esclarecimentos sobre determinada decis\u00e3o judicial. Apesar disso, essa peti\u00e7\u00e3o n\u00e3o tem car\u00e1ter infringente \u2013 ou seja, n\u00e3o seria o suficiente para se reverter a decis\u00e3o do Supremo.\n<\/p>\n<p>Deputados integrantes do chamado Centr\u00e3o n\u00e3o ficaram satisfeitos com as limita\u00e7\u00f5es impostas pelo ministro Fl\u00e1vio Dino, do STF, na decis\u00e3o que liberou o pagamento das emendas parlamentares \u2013 principalmente as de comiss\u00e3o e as de transfer\u00eancia especial.\n<\/p>\n<p>Conforme apurou O Antagonista, deputados de siglas como PSD, Uni\u00e3o Brasil, PP e MDB v\u00e3o pressionar o presidente da C\u00e2mara, Arthur Lira (PP-AL), a dar uma resposta ao STF e solicitar que algumas das regras impostas por Dino sejam flexibilizadas.\n<\/p>\n<p>Outra corrente parlamentar defende que C\u00e2mara e Senado apresentem a\u00e7\u00f5es questionando a decis\u00e3o de Dino, por meio de um embargo de declara\u00e7\u00e3o \u2013 a\u00e7\u00e3o em que se pede esclarecimentos sobre determinada decis\u00e3o judicial. Apesar disso, essa peti\u00e7\u00e3o n\u00e3o tem car\u00e1ter infringente \u2013 ou seja, n\u00e3o seria o suficiente para se reverter a decis\u00e3o do Supremo.\n<\/p>\n<p>Assim, outra t\u00e1tica que pode ser desenhada na reuni\u00e3o de l\u00edderes que ser\u00e1 realizada no in\u00edcio da tarde desta ter\u00e7a-feira, na resid\u00eancia oficial da Presid\u00eancia da C\u00e2mara, \u00e9 o esvaziamento de trechos da PEC que limita os gastos p\u00fablicos. Deputados afirmam, nos bastidores, que a decis\u00e3o de Dino tem as \u201cdigitais\u201d do Pal\u00e1cio do Planalto \u2013 principalmente pelo fato do magistrado ter sido ministro da Justi\u00e7a de Lula e at\u00e9 hoje \u00e9 considerado pr\u00f3ximo do presidente da Rep\u00fablica.\n<\/p>\n<p>Outra possibilidade \u00e9 que o rito de tramita\u00e7\u00e3o da PEC n\u00e3o seja acelerado: ou seja, dessa forma ela iria ser votada no ano que vem.\n<\/p>\n<p>A Comiss\u00e3o Mista de Or\u00e7amento tamb\u00e9m j\u00e1 interrompeu seus trabalhos nesta semana. Os integrantes do colegiado prometem se reunir apenas ap\u00f3s esse encontro pluripartid\u00e1rio na resid\u00eancia de Lira.\n<\/p>\n<p>Como mostramos, o STF referendou a decis\u00e3o de Dino sobre as emendas parlamentares e reafirmou as regras impostas pelo ministro. Pela decis\u00e3o de Dino, as emendas pix \u2013 as de transfer\u00eancia especial \u2013 devem ser liberadas apenas mediante a apresenta\u00e7\u00e3o de um plano de trabalho; sobre as emendas de comiss\u00e3o, o ministro estabeleceu que deve constar em ata o autor da emenda sugerida pelo colegiado. Com a medida, Dino pretende proibir a indica\u00e7\u00e3o da emenda pelos l\u00edderes partid\u00e1rios.\n<\/p>\n<p>Ainda pela manifesta\u00e7\u00e3o de Dino, o valor das emendas pode crescer apenas dentro de um destes tr\u00eas crit\u00e9rios: aumento das despesas n\u00e3o obrigat\u00f3rias do Executivo; limite da varia\u00e7\u00e3o do teto do arcabou\u00e7o fiscal e eleva\u00e7\u00e3o da receita corrente l\u00edquida. Ainda assim, pela decis\u00e3o, o Congresso deve optar pelo fator que tenha o menor percentual de reajuste destes tr\u00eas.\n<\/p>\n<p>Na vis\u00e3o de deputados e senadores, Dino avan\u00e7ou em rela\u00e7\u00e3o ao acordo feito entre o Congresso e o Poder Judici\u00e1rio. Agora, pelo visto, pode sobrar at\u00e9 para o Pal\u00e1cio do Planalto.<\/p>\n<p>Fonte: O antagonista              <\/p>\n<\/div>\n<p><br \/>\n<br \/><a href=\"https:\/\/diariodobrasilnoticias.com.br\/noticia\/apos-decisao-de-dino-sobre-emendas-deputados-ameacam-reagir-ao-stf-674f1e83b090a\">Source link <\/a><\/p>","protected":false},"excerpt":{"rendered":"<p>Deputados integrantes do chamado Centr\u00e3o n\u00e3o ficaram satisfeitos com as limita\u00e7\u00f5es impostas pelo ministro Fl\u00e1vio Dino, do STF, na decis\u00e3o que liberou o pagamento das emendas parlamentares \u2013 principalmente as&hellip;<\/p>","protected":false},"author":1,"featured_media":70021,"comment_status":"closed","ping_status":"open","sticky":false,"template":"","format":"standard","meta":{"content-type":"","footnotes":""},"categories":[16],"tags":[123,2448,5313,1267],"class_list":["post-70020","post","type-post","status-publish","format-standard","has-post-thumbnail","hentry","category-noticias","tag-brasil","tag-diario","tag-noticia","tag-noticias"],"_links":{"self":[{"href":"https:\/\/tvbrazilusa.com\/pt\/wp-json\/wp\/v2\/posts\/70020","targetHints":{"allow":["GET"]}}],"collection":[{"href":"https:\/\/tvbrazilusa.com\/pt\/wp-json\/wp\/v2\/posts"}],"about":[{"href":"https:\/\/tvbrazilusa.com\/pt\/wp-json\/wp\/v2\/types\/post"}],"author":[{"embeddable":true,"href":"https:\/\/tvbrazilusa.com\/pt\/wp-json\/wp\/v2\/users\/1"}],"replies":[{"embeddable":true,"href":"https:\/\/tvbrazilusa.com\/pt\/wp-json\/wp\/v2\/comments?post=70020"}],"version-history":[{"count":1,"href":"https:\/\/tvbrazilusa.com\/pt\/wp-json\/wp\/v2\/posts\/70020\/revisions"}],"predecessor-version":[{"id":70022,"href":"https:\/\/tvbrazilusa.com\/pt\/wp-json\/wp\/v2\/posts\/70020\/revisions\/70022"}],"wp:featuredmedia":[{"embeddable":true,"href":"https:\/\/tvbrazilusa.com\/pt\/wp-json\/wp\/v2\/media\/70021"}],"wp:attachment":[{"href":"https:\/\/tvbrazilusa.com\/pt\/wp-json\/wp\/v2\/media?parent=70020"}],"wp:term":[{"taxonomy":"category","embeddable":true,"href":"https:\/\/tvbrazilusa.com\/pt\/wp-json\/wp\/v2\/categories?post=70020"},{"taxonomy":"post_tag","embeddable":true,"href":"https:\/\/tvbrazilusa.com\/pt\/wp-json\/wp\/v2\/tags?post=70020"}],"curies":[{"name":"wp","href":"https:\/\/api.w.org\/{rel}","templated":true}]}}