{"id":70034,"date":"2024-12-03T18:12:45","date_gmt":"2024-12-03T18:12:45","guid":{"rendered":"https:\/\/tvbrazilusa.com\/2024\/12\/03\/pm-aposentado-atira-contra-criancas-veja-video\/"},"modified":"2024-12-03T18:12:47","modified_gmt":"2024-12-03T18:12:47","slug":"pm-aposentado-atira-contra-criancas-veja-video","status":"publish","type":"post","link":"https:\/\/tvbrazilusa.com\/pt\/2024\/12\/03\/pm-aposentado-atira-contra-criancas-veja-video\/","title":{"rendered":"PM aposentado atira contra crian\u00e7as; VEJA V\u00cdDEO"},"content":{"rendered":"<p> <script async src=\"https:\/\/pagead2.googlesyndication.com\/pagead\/js\/adsbygoogle.js?client=ca-pub-8864793242727901\"\r\n     crossorigin=\"anonymous\"><\/script><br \/>\n<\/p>\n<div>\n<figure class=\"post-image\">\n<\/figure>\n<p>            <span style=\"font-size: 12px\">Reprodu\u00e7\u00e3o\/ X<\/span><\/p>\n<p>            <!-- end metas --><br \/>\n            <!-- ADS --><\/p>\n<div id=\"taboola-read-more\" style=\"display:block; width:100%\">\n<p>Um homem, posteriormente identificado como sendo um policial militar aposentado, est\u00e1 sendo investigado ap\u00f3s amea\u00e7ar e disparar contra um grupo de crian\u00e7as em Itanha\u00e9m, no litoral de S\u00e3o Paulo. O caso aconteceu no s\u00e1bado (30\/11) e o suspeito foi ouvido pela autoridade policial nesta segunda-feira (2\/12).\n<\/p>\n<p>Em v\u00eddeo que est\u00e1 circulando nas redes sociais, \u00e9 poss\u00edvel ver o momento em que um carro passa com a seta ligada e uma das crian\u00e7as grita: \u201cDesliga a seta\u201d. Em seguida, o homem da r\u00e9 no ve\u00edculo, assustando o grupo de jovens, que se levanta e deixa o local (veja abaixo). O PM, ent\u00e3o, sai do autom\u00f3vel e atira na dire\u00e7\u00e3o das crian\u00e7as.<\/p>\n<p>Veja:\n<\/p>\n<p>A Secretaria da Seguran\u00e7a P\u00fablica (SSP) informou que ningu\u00e9m ficou ferido. Um homem de 61 anos compareceu \u00e0 unidade policial informando sobre o caso.\n<\/p>\n<p>Segundo a pasta, o PM aposentado compareceu \u00e0 unidade policial e apresentou sua arma, que foi apreendida para per\u00edcia. O caso foi registrado no 3\u00ba DP de Itanha\u00e9m.\n<\/p>\n<\/p><\/div>\n<p>                        <!-- Scripts para conteudo --><\/p>\n<p>            <!-- .\/Scripts para conteudo --><br \/>\n            <!-- .\/Mat\u00e9ria --><\/p>\n<div class=\"row mt-3\">\n<div class=\"col-sm-6\">\n                <!-- Whatsapp channel 3--><br \/>\n                <a href=\"https:\/\/chat.whatsapp.com\/J6hwSKYns5B0XFowx2wZ0P\" target=\"_blank\"><br \/>\n                  <img decoding=\"async\" src=\"https:\/\/diariodobrasilnoticias.com.br\/assets-site\/images\/bot_whatsapp.png\"\/><\/a>\n              <\/div>\n<div class=\"col-sm-6\">\n                <a href=\"https:\/\/t.me\/+_4gTmi5LKo03OTM5\" target=\"_blank\"><br \/>\n                  <img decoding=\"async\" src=\"https:\/\/diariodobrasilnoticias.com.br\/assets-site\/images\/bot_telegram.png\"\/><\/a>\n              <\/div>\n<\/p><\/div>\n<p>            <!-- end post-navigation --><\/p>\n<p>              <!-- end row --><\/p>\n<p>              <!-- end col-12-->\n                      <\/div>\n<p><br \/>\n<br \/><a href=\"https:\/\/diariodobrasilnoticias.com.br\/noticia\/pm-aposentado-atira-contra-criancas-veja-video-674f264608be8\">Source link <\/a><\/p>","protected":false},"excerpt":{"rendered":"<p>Reprodu\u00e7\u00e3o\/ X Um homem, posteriormente identificado como sendo um policial militar aposentado, est\u00e1 sendo investigado ap\u00f3s amea\u00e7ar e disparar contra um grupo de crian\u00e7as em Itanha\u00e9m, no litoral de S\u00e3o&hellip;<\/p>","protected":false},"author":1,"featured_media":70035,"comment_status":"closed","ping_status":"open","sticky":false,"template":"","format":"standard","meta":{"content-type":"","footnotes":""},"categories":[16],"tags":[123,2448,5313,1267],"class_list":["post-70034","post","type-post","status-publish","format-standard","has-post-thumbnail","hentry","category-noticias","tag-brasil","tag-diario","tag-noticia","tag-noticias"],"_links":{"self":[{"href":"https:\/\/tvbrazilusa.com\/pt\/wp-json\/wp\/v2\/posts\/70034","targetHints":{"allow":["GET"]}}],"collection":[{"href":"https:\/\/tvbrazilusa.com\/pt\/wp-json\/wp\/v2\/posts"}],"about":[{"href":"https:\/\/tvbrazilusa.com\/pt\/wp-json\/wp\/v2\/types\/post"}],"author":[{"embeddable":true,"href":"https:\/\/tvbrazilusa.com\/pt\/wp-json\/wp\/v2\/users\/1"}],"replies":[{"embeddable":true,"href":"https:\/\/tvbrazilusa.com\/pt\/wp-json\/wp\/v2\/comments?post=70034"}],"version-history":[{"count":1,"href":"https:\/\/tvbrazilusa.com\/pt\/wp-json\/wp\/v2\/posts\/70034\/revisions"}],"predecessor-version":[{"id":70036,"href":"https:\/\/tvbrazilusa.com\/pt\/wp-json\/wp\/v2\/posts\/70034\/revisions\/70036"}],"wp:featuredmedia":[{"embeddable":true,"href":"https:\/\/tvbrazilusa.com\/pt\/wp-json\/wp\/v2\/media\/70035"}],"wp:attachment":[{"href":"https:\/\/tvbrazilusa.com\/pt\/wp-json\/wp\/v2\/media?parent=70034"}],"wp:term":[{"taxonomy":"category","embeddable":true,"href":"https:\/\/tvbrazilusa.com\/pt\/wp-json\/wp\/v2\/categories?post=70034"},{"taxonomy":"post_tag","embeddable":true,"href":"https:\/\/tvbrazilusa.com\/pt\/wp-json\/wp\/v2\/tags?post=70034"}],"curies":[{"name":"wp","href":"https:\/\/api.w.org\/{rel}","templated":true}]}}