{"id":70045,"date":"2024-12-03T17:59:32","date_gmt":"2024-12-03T17:59:32","guid":{"rendered":"https:\/\/tvbrazilusa.com\/2024\/12\/03\/caso-de-arma-de-hunter-biden-arquivado-apos-amplo-perdao-do-presidente-joe-biden-wsvn-7news-noticias-de-miami-clima-esportes-fort-lauderdale\/"},"modified":"2024-12-03T18:30:03","modified_gmt":"2024-12-03T18:30:03","slug":"caso-de-arma-de-hunter-biden-arquivado-apos-amplo-perdao-do-presidente-joe-biden-wsvn-7news-noticias-de-miami-clima-esportes-fort-lauderdale","status":"publish","type":"post","link":"https:\/\/tvbrazilusa.com\/pt\/2024\/12\/03\/caso-de-arma-de-hunter-biden-arquivado-apos-amplo-perdao-do-presidente-joe-biden-wsvn-7news-noticias-de-miami-clima-esportes-fort-lauderdale\/","title":{"rendered":"Caso de arma de Hunter Biden arquivado ap\u00f3s amplo perd\u00e3o do presidente Joe Biden &#8211; WSVN 7News | Not\u00edcias de Miami, clima, esportes | Fort Lauderdale"},"content":{"rendered":"<p> <script async src=\"https:\/\/pagead2.googlesyndication.com\/pagead\/js\/adsbygoogle.js?client=ca-pub-8864793242727901\"\r\n     crossorigin=\"anonymous\"><\/script><br \/>\n<\/p>\n<div itemprop=\"articleBody\">\n<p>WASHINGTON (AP) \u2013 Um juiz federal <a href=\"https:\/\/wsvn.com\/news\/politics\/president-joe-bidens-son-hunter-biden-is-convicted-of-all-3-felonies-in-federal-gun-trial\/\" data-type=\"link\" data-id=\"https:\/\/wsvn.com\/news\/politics\/president-joe-bidens-son-hunter-biden-is-convicted-of-all-3-felonies-in-federal-gun-trial\/\" target=\"_blank\" rel=\"noreferrer noopener\">rejeitou o caso da arma<\/a> contra Hunter Biden na ter\u00e7a-feira ap\u00f3s o presidente Joe Biden <a href=\"https:\/\/wsvn.com\/news\/politics\/bidens-broken-promise-on-pardoning-his-son-hunter-is-raising-new-questions-about-his-legacy\/\" data-type=\"link\" data-id=\"https:\/\/wsvn.com\/news\/politics\/bidens-broken-promise-on-pardoning-his-son-hunter-is-raising-new-questions-about-his-legacy\/\" target=\"_blank\" rel=\"noreferrer noopener\">emitiu um perd\u00e3o abrangente<\/a> para seu filho.<\/p>\n<p>A ju\u00edza distrital dos EUA, Maryellen Noreika, encerrou o caso uma semana antes da senten\u00e7a de Hunter Biden. Ele poderia ter enfrentado at\u00e9 25 anos de pris\u00e3o, embora, como r\u00e9u prim\u00e1rio, provavelmente teria recebido muito menos pena ou evitado totalmente a pris\u00e3o.<\/p>\n<p>Os promotores se opuseram ao arquivamento do caso, argumentando em documentos judiciais que um perd\u00e3o n\u00e3o deveria encerrar o caso \u201ccomo se nunca tivesse ocorrido\u201d. Hunter Biden foi condenado por tr\u00eas crimes depois de mentir em um formul\u00e1rio federal para comprar uma arma em Delaware, dizendo que n\u00e3o era usu\u00e1rio de drogas em 2018, per\u00edodo em que reconheceu ser viciado.<\/p>\n<p>O procurador especial do Departamento de Justi\u00e7a tamb\u00e9m se op\u00f5e ao arquivamento de um caso aberto na Calif\u00f3rnia depois que ele n\u00e3o pagou US$ 1,4 milh\u00e3o em impostos. Um juiz federal de Los Angeles ainda n\u00e3o decidiu o caso.<\/p>\n<p>A decis\u00e3o de domingo do presidente de voltar atr\u00e1s em promessas anteriores e conceder a seu filho um perd\u00e3o federal geral pelas a\u00e7\u00f5es dos \u00faltimos 11 anos gerou um alvoro\u00e7o pol\u00edtico em Washington, atraindo cr\u00edticas de muitos democratas e tamb\u00e9m de republicanos e amea\u00e7ando obscurecer o legado de Biden enquanto ele se prepara para deixar o cargo em 20 de janeiro.<\/p>\n<p>Hunter Biden deveria originalmente ter fechado um acordo judicial com os promotores no ano passado que o teria poupado da pris\u00e3o, mas o acordo desmoronou depois que Noreika questionou aspectos incomuns dele.<\/p>\n<p><em>Direitos autorais 2024 da Associated Press. Todos os direitos reservados. Este material n\u00e3o pode ser publicado, transmitido, reescrito ou redistribu\u00eddo.<\/em><\/p>\n<div class=\"wp-block-newsletter\">\n\t<strong class=\"wp-block-newsletter__title\">Cadastre-se em nosso boletim informativo para receber as \u00faltimas not\u00edcias diretamente na sua caixa de entrada<\/strong><\/p>\n<\/div><\/div>\n<p><br \/>\n<br \/><a href=\"https:\/\/wsvn.com\/news\/politics\/hunter-biden-gun-case-dismissed-after-president-joe-bidens-sweeping-pardon\/\">Source link <\/a><\/p>","protected":false},"excerpt":{"rendered":"<p>WASHINGTON (AP) \u2013 Um juiz federal rejeitou o caso da arma contra Hunter Biden na ter\u00e7a-feira ap\u00f3s o presidente Joe Biden emitiu um perd\u00e3o abrangente para seu filho. A ju\u00edza&hellip;<\/p>","protected":false},"author":1,"featured_media":70046,"comment_status":"closed","ping_status":"open","sticky":false,"template":"","format":"standard","meta":{"content-type":"","footnotes":""},"categories":[1],"tags":[],"class_list":["post-70045","post","type-post","status-publish","format-standard","has-post-thumbnail","hentry","category-uncategorized"],"_links":{"self":[{"href":"https:\/\/tvbrazilusa.com\/pt\/wp-json\/wp\/v2\/posts\/70045","targetHints":{"allow":["GET"]}}],"collection":[{"href":"https:\/\/tvbrazilusa.com\/pt\/wp-json\/wp\/v2\/posts"}],"about":[{"href":"https:\/\/tvbrazilusa.com\/pt\/wp-json\/wp\/v2\/types\/post"}],"author":[{"embeddable":true,"href":"https:\/\/tvbrazilusa.com\/pt\/wp-json\/wp\/v2\/users\/1"}],"replies":[{"embeddable":true,"href":"https:\/\/tvbrazilusa.com\/pt\/wp-json\/wp\/v2\/comments?post=70045"}],"version-history":[{"count":1,"href":"https:\/\/tvbrazilusa.com\/pt\/wp-json\/wp\/v2\/posts\/70045\/revisions"}],"predecessor-version":[{"id":70047,"href":"https:\/\/tvbrazilusa.com\/pt\/wp-json\/wp\/v2\/posts\/70045\/revisions\/70047"}],"wp:featuredmedia":[{"embeddable":true,"href":"https:\/\/tvbrazilusa.com\/pt\/wp-json\/wp\/v2\/media\/70046"}],"wp:attachment":[{"href":"https:\/\/tvbrazilusa.com\/pt\/wp-json\/wp\/v2\/media?parent=70045"}],"wp:term":[{"taxonomy":"category","embeddable":true,"href":"https:\/\/tvbrazilusa.com\/pt\/wp-json\/wp\/v2\/categories?post=70045"},{"taxonomy":"post_tag","embeddable":true,"href":"https:\/\/tvbrazilusa.com\/pt\/wp-json\/wp\/v2\/tags?post=70045"}],"curies":[{"name":"wp","href":"https:\/\/api.w.org\/{rel}","templated":true}]}}