{"id":70048,"date":"2024-12-03T18:25:11","date_gmt":"2024-12-03T18:25:11","guid":{"rendered":"https:\/\/tvbrazilusa.com\/2024\/12\/03\/familia-de-massachusetts-que-filmou-discurso-racista-no-aeroporto-espera-identificar-a-mulher-e-prestar-queixa\/"},"modified":"2024-12-03T18:31:09","modified_gmt":"2024-12-03T18:31:09","slug":"familia-de-massachusetts-que-filmou-discurso-racista-no-aeroporto-espera-identificar-a-mulher-e-prestar-queixa","status":"publish","type":"post","link":"https:\/\/tvbrazilusa.com\/pt\/2024\/12\/03\/familia-de-massachusetts-que-filmou-discurso-racista-no-aeroporto-espera-identificar-a-mulher-e-prestar-queixa\/","title":{"rendered":"Fam\u00edlia de Massachusetts que filmou discurso racista no aeroporto espera identificar a mulher e prestar queixa"},"content":{"rendered":"<p> <script async src=\"https:\/\/pagead2.googlesyndication.com\/pagead\/js\/adsbygoogle.js?client=ca-pub-8864793242727901\"\r\n     crossorigin=\"anonymous\"><\/script><br \/>\n<\/p>\n<div id=\"\">\n<header class=\"m-article-header m-article-header--standard\">\n\t\t\t\t\t\t\t\t\t\t\t\t<span id=\"article-header-primary-term\"><br \/>\n\t\t\t\t\t\t\t\t<a class=\"a-term a-term--primary\" href=\"https:\/\/www.boston.com\/tag\/local-news\/\"><\/p>\n<p>\t\t\t\t\t\t\t\tNot\u00edcias locais\t\t\t\t\t\t\t\t<\/a><br \/>\n\t\t\t\t\t\t\t<\/span><\/p>\n<h2 class=\"m-article-header__sub-headline\">A mulher n\u00e3o identificada foi filmada mostrando os dedos m\u00e9dios e lan\u00e7ando insultos ao fot\u00f3grafo Pervez Taufiq e sua fam\u00edlia. <\/h2>\n<figure class=\"a-photo m-article-header__photo\"><figcaption class=\"a-photo__caption\">\n<p>\tOs viajantes sentam-se no terminal internacional perto dos avi\u00f5es estacionados nos port\u00f5es do Aeroporto Internacional de Los Angeles (LAX) em agosto.<em> M\u00e1rio Tama\/Getty<\/em>\t<\/figcaption><\/figure>\n<\/header>\n<p>Uma fam\u00edlia de Massachusetts diz que foi submetida ao discurso racista de um companheiro de viagem ap\u00f3s <a href=\"https:\/\/www.boston.com\/tag\/flights\/\" target=\"_blank\" rel=\"noreferrer noopener\">v\u00f4o<\/a> em Los Angeles no m\u00eas passado &#8211; uma alterca\u00e7\u00e3o perturbadora capturada em um <a href=\"https:\/\/www.instagram.com\/p\/DCvmyM-R0MP\/\" target=\"_blank\" rel=\"noreferrer noopener\">v\u00eddeo agora viral<\/a>. <\/p>\n<p>\u201cMeu sangue est\u00e1 fervendo agora\u201d, disse Pervez Taufiq no clipe de 24 de novembro, em grande parte gravado enquanto ele e sua fam\u00edlia estavam sentados em um \u00f4nibus de transfer\u00eancia ap\u00f3s o voo. No v\u00eddeo, uma mulher n\u00e3o identificada pode ser vista mostrando o dedo m\u00e9dio e lan\u00e7ando insultos \u00e0 fam\u00edlia de Taufiq. <\/p>\n<p>\u201cSua fam\u00edlia \u00e9 da \u00cdndia\u201d, disse ela. \u201cVoc\u00ea n\u00e3o tem respeito. Voc\u00ea n\u00e3o tem regras. Voc\u00ea acha que pode pressionar todo mundo \u2013 empurre, empurre, empurre.\u201d<\/p>\n<p>Mais tarde no clipe, ela pegou o celular e prometeu \u201cgravar a porra do seu tandoori a **\u201d. A mulher tamb\u00e9m acusou Taufiq de ser racista com ela, proclamando-se americana. <\/p>\n<p>\u201cN\u00f3s tamb\u00e9m\u201d, respondeu Taufiq, um fot\u00f3grafo de casamento sofisticado e fundador da banda Living Syndication, de Boston. De acordo com seu <a href=\"https:\/\/www.linkedin.com\/in\/perveztaufiq\/\" target=\"_blank\" rel=\"noreferrer noopener\">LinkedIn<\/a>ele mora em Dracut.<\/p>\n<p>O v\u00eddeo do encontro de Taufiq acumulou dezenas de milhares de visualiza\u00e7\u00f5es nas redes sociais.<\/p>\n<p>\u201cMortificado por termos acabado de passar por isso\u201d, escreveu ele na legenda. \u201cEssa senhora estava assediando nosso filho no voo, sem nosso conhecimento, perguntando se ele era indiano e fazendo coment\u00e1rios. Quando pousamos em Los Angeles e pegamos o \u00f4nibus de transfer\u00eancia, ela disse ao nosso filho para &#8216;calar a boca&#8217;, eu disse a ela que ela n\u00e3o tinha o direito de falar com meu filho dessa maneira e o marido dela ficou na minha cara tentando me dizer n\u00e3o falar com sua esposa.<\/p>\n<p>Ele disse que sua fam\u00edlia teve a chance de sair do \u00f4nibus, mas recusou. <\/p>\n<p>\u201cEstou grato que a United Airlines a tirou do \u00f4nibus e alguns outros passageiros nos defenderam\u201d, escreveu Taufiq. \u201cDeslumbrado, esse tipo de pessoa ainda existe. Como fot\u00f3grafos, vimos muita coisa\u2026 mas poder\u00edamos ter passado sem esta.\u201d <\/p>\n<p>Num coment\u00e1rio no Instagram postado abaixo do v\u00eddeo, a esposa de Taufiq, Nicole, disse que o \u00f4nibus foi \u201cconsumido por um sil\u00eancio arrepiante\u201d durante o discurso da mulher.<\/p>\n<p>\u201cN\u00e3o foi apenas o ato de racismo que doeu; foi a apatia da multid\u00e3o, a aceita\u00e7\u00e3o passiva que parecia uma aprova\u00e7\u00e3o silenciosa\u201d, escreveu ela. \u201cMeu marido e eu nos sentimos incrivelmente sozinhos. O sil\u00eancio da maioria, de pessoas que poderiam ter escolhido defender a dec\u00eancia, foi ensurdecedor.\u201d<\/p>\n<p>Ela agradeceu a um \u201cBom Samaritano\u201d mostrado no v\u00eddeo que veio em aux\u00edlio da fam\u00edlia. <\/p>\n<p>\u201cVoc\u00ea nos lembrou que mesmo uma voz pode fazer a diferen\u00e7a\u201d, escreveu Nicole Taufiq. \u201cPara todos os demais: seu sil\u00eancio foi doloroso e refor\u00e7ou as barreiras que lutamos tanto para quebrar. \u00c9 um lembrete de como \u00e9 crucial falar, agir e enfrentar o \u00f3dio, n\u00e3o importa o qu\u00e3o desconfort\u00e1vel possa parecer no momento.\u201d<\/p>\n<p>No clipe, Pervez Taufiq disse que a pol\u00edcia estava \u201ctentando prender\u201d a mulher. A Divis\u00e3o de Pol\u00edcia do Aeroporto de Los Angeles n\u00e3o respondeu a um pedido de coment\u00e1rio e n\u00e3o ficou imediatamente claro se a mulher foi levada sob cust\u00f3dia. <\/p>\n<p>Os Taufiqs disseram <a href=\"https:\/\/www.cbsnews.com\/boston\/news\/united-airlines-racist-rant-massachusetts-video\/\" target=\"_blank\" rel=\"noreferrer noopener\">WBZ<\/a> eles esperam identificar a mulher e prestar queixa.<\/p>\n<p>\u201cEu certamente adoraria se algu\u00e9m a encontrasse e que pud\u00e9ssemos apresentar queixa contra ela e, ent\u00e3o, realisticamente, que ela recebesse a mensagem muito alta de que ela \u00e9 uma de muito poucas e que h\u00e1 muito mais pessoas como n\u00f3s\u201d, disse Pervez Taufiq. o meio de comunica\u00e7\u00e3o.<\/p>\n<div class=\"o-author-single has-avatar\">\n<header class=\"m-author-card\">\n<div class=\"a-image a-image--square m-author-card__image\">\n\t\t<img decoding=\"async\" class=\"\" src=\"https:\/\/www.boston.com\/wp-content\/uploads\/2024\/10\/cropped-Patkin-Headshot-66fea67b66dd2-scaled-1-66fea6a1c6f25.jpg\" alt=\"Imagem do perfil de Abby Patkin\"\/>\t<\/div>\n<\/header>\n<section class=\"author-info\">\n<div class=\"m-author__section\">\n<p>Abby Patkin \u00e9 uma rep\u00f3rter de not\u00edcias gerais cujo trabalho aborda transporte p\u00fablico, crime, sa\u00fade e tudo mais.<\/p>\n<\/div>\n<\/section>\n<\/div>\n<div class=\"m-block m-generic-cta\t m-generic-cta--post-content\t m-generic-cta--dark\t m-generic-cta--homepage\t m-generic-cta--email-signup\t\t m-generic-cta-block-style--default \tt-amp__generic-cta\"><\/p>\n<div class=\"m-generic-cta__wrap\">\n<div class=\"m-generic-cta__content\">\n<h3 class=\"m-generic-cta__title\">Boston.com hoje<\/h3>\n<p class=\"m-generic-cta__subtitle\">Inscreva-se para receber as \u00faltimas manchetes em sua caixa de entrada todas as manh\u00e3s.<\/p>\n<\/p><\/div>\n<\/p><\/div>\n<\/div><\/div>\n<p><script>\n\t\tvar consent=\"grant\";\n\t\t\/* The above code is parsing the JSON data from the local storage and storing it in a variable. *\/\n\t\t\t\t\tconst onetrustStorageConsent = JSON.parse(localStorage.getItem( 'consent_one_trust_bdc' ) );\n\t\t\tif ( ( onetrustStorageConsent !== null ) ) {\n\t\t\t\t\/* Checking to see if the user has consented to the use of cookies.\n\t\t\t\t* If they have not, it is deleting the cookie.\n\t\t\t\t* This will comment for now, until further notice.\n\t\t\t\t*\/\n\t\t\t\t\/\/if ( onetrustStorageConsent.C0002 === false ) {\n\t\t\t\t\/\/\tdocument.cookie=\"_fbp=;expires=Thu, 01 Jan 2010 00:00:00 UTC; path=\/; domain=.boston.com\";\n\t\t\t\t\/\/}\n\t\t\t\t\/* Checking if the user has given consent for the cookie C0002.\n\t\t\t\t* If the user has given consent, the variable consent will be set to 'grant'.\n\t\t\t\t* If the user has not given consent,the variable consent will be set to 'revoke'.\n\t\t\t\t* Documentation https:\/\/developers.facebook.com\/docs\/meta-pixel\/implementation\/gdpr\n\t\t\t\t*\/\n\t\t\t\tif ( onetrustStorageConsent.C0002 !== true ) {\n\t\t\t\t\tconsent=\"revoke\";\n\t\t\t\t}\n\t\t\t}\n\t\t\t\t!function(f,b,e,v,n,t,s)\n\t\t{if(f.fbq)return;n=f.fbq=function(){n.callMethod?\n\t\tn.callMethod.apply(n,arguments):n.queue.push(arguments)};\n\t\tif(!f._fbq)f._fbq=n;n.push=n;n.loaded=!0;n.version='2.0';\n\t\tn.queue=[];t=b.createElement(e);t.async=!0;\n\t\tt.src=v;s=b.getElementsByTagName(e)[0];\n\t\ts.parentNode.insertBefore(t,s)}(window, document,'script',\n\t\t'https:\/\/connect.facebook.net\/en_US\/fbevents.js');\n\t\tfbq('consent', consent);\n\t\tfbq('init', '989222871864976');\n\t\tfbq('track', 'PageView');\n\t<\/script><script type=\"module\">\n\t\tvar consent=\"grant\";\n\t\t\/* The above code is parsing the JSON data from the local storage and storing it in a variable. *\/\n\t\t\tconst onetrustStorageConsent = JSON.parse(localStorage.getItem( 'consent_one_trust_bdc' ) );\n\t\t\t\/* Checking to see if the user has consented to the use of cookies.\n\t\t\t* If they have not, it is deleting the cookie.\n\t\t\t* This will comment for now, until further notice.\n\t\t\t*\/\n\t\t\t\/\/if ( onetrustStorageConsent.C0002 === false ) {\n\t\t\t\/\/\tdocument.cookie=\"_fbp=;expires=Thu, 01 Jan 2010 00:00:00 UTC; path=\/; domain=.boston.com\";\n\t\t\t\/\/}\n\t\t\t\/* Checking if the user has given consent for the cookie C0002.\n\t\t\t* If the user has given consent, the variable consent will be set to 'grant'.\n\t\t\t* If the user has not given consent,the variable consent will be set to 'revoke'.\n\t\t\t* Documentation https:\/\/developers.facebook.com\/docs\/meta-pixel\/implementation\/gdpr\n\t\t\t*\/\n\t\t\tif ( ( onetrustStorageConsent !== null ) && (onetrustStorageConsent.C0002 !== true ) ) {\n\t\t\t\tconsent=\"revoke\";\n\t\t\t}\n\t\t\t\t!function(f,b,e,v,n,t,s){if(f.fbq)return;n=f.fbq=function()\n\t\t{n.callMethod? n.callMethod.apply(n,arguments):n.queue.push(arguments)}\n\t\t;if(!f._fbq)f._fbq=n;\n\t\tn.push=n;n.loaded=!0;n.version='2.0';n.queue=[];t=b.createElement(e);t.async=!0;\n\t\tt.src=v;s=b.getElementsByTagName(e)[0];s.parentNode.insertBefore(t,s)}(window,\n\t\tdocument,'script','https:\/\/connect.facebook.net\/en_US\/fbevents.js');\n\t\tfbq('consent', consent);\n\t\tfbq('init', '813236348753005');\n\t\tfbq('track', \"PageView\");\n\t<\/script><script async src=\"\/\/www.instagram.com\/embed.js\"><\/script><br \/>\n<br \/><br \/>\n<br \/><a href=\"https:\/\/www.boston.com\/news\/local-news\/2024\/12\/03\/mass-family-filmed-racist-airport-rant-hopes-identify-woman-press-charges\/\">Source link <\/a><\/p>","protected":false},"excerpt":{"rendered":"<p>Not\u00edcias locais A mulher n\u00e3o identificada foi filmada mostrando os dedos m\u00e9dios e lan\u00e7ando insultos ao fot\u00f3grafo Pervez Taufiq e sua fam\u00edlia. Os viajantes sentam-se no terminal internacional perto dos&hellip;<\/p>","protected":false},"author":1,"featured_media":70049,"comment_status":"closed","ping_status":"open","sticky":false,"template":"","format":"standard","meta":{"content-type":"","footnotes":""},"categories":[1],"tags":[],"class_list":["post-70048","post","type-post","status-publish","format-standard","has-post-thumbnail","hentry","category-uncategorized"],"_links":{"self":[{"href":"https:\/\/tvbrazilusa.com\/pt\/wp-json\/wp\/v2\/posts\/70048","targetHints":{"allow":["GET"]}}],"collection":[{"href":"https:\/\/tvbrazilusa.com\/pt\/wp-json\/wp\/v2\/posts"}],"about":[{"href":"https:\/\/tvbrazilusa.com\/pt\/wp-json\/wp\/v2\/types\/post"}],"author":[{"embeddable":true,"href":"https:\/\/tvbrazilusa.com\/pt\/wp-json\/wp\/v2\/users\/1"}],"replies":[{"embeddable":true,"href":"https:\/\/tvbrazilusa.com\/pt\/wp-json\/wp\/v2\/comments?post=70048"}],"version-history":[{"count":1,"href":"https:\/\/tvbrazilusa.com\/pt\/wp-json\/wp\/v2\/posts\/70048\/revisions"}],"predecessor-version":[{"id":70050,"href":"https:\/\/tvbrazilusa.com\/pt\/wp-json\/wp\/v2\/posts\/70048\/revisions\/70050"}],"wp:featuredmedia":[{"embeddable":true,"href":"https:\/\/tvbrazilusa.com\/pt\/wp-json\/wp\/v2\/media\/70049"}],"wp:attachment":[{"href":"https:\/\/tvbrazilusa.com\/pt\/wp-json\/wp\/v2\/media?parent=70048"}],"wp:term":[{"taxonomy":"category","embeddable":true,"href":"https:\/\/tvbrazilusa.com\/pt\/wp-json\/wp\/v2\/categories?post=70048"},{"taxonomy":"post_tag","embeddable":true,"href":"https:\/\/tvbrazilusa.com\/pt\/wp-json\/wp\/v2\/tags?post=70048"}],"curies":[{"name":"wp","href":"https:\/\/api.w.org\/{rel}","templated":true}]}}