{"id":70060,"date":"2024-12-03T18:01:01","date_gmt":"2024-12-03T18:01:01","guid":{"rendered":"https:\/\/tvbrazilusa.com\/2024\/12\/03\/um-presidente-nao-pode-colocar-sua-propria-familia-acima-da-lei-por-que-os-leitores-discordam-da-decisao-de-biden-de-perdoar-seu-filho\/"},"modified":"2024-12-03T18:43:51","modified_gmt":"2024-12-03T18:43:51","slug":"um-presidente-nao-pode-colocar-sua-propria-familia-acima-da-lei-por-que-os-leitores-discordam-da-decisao-de-biden-de-perdoar-seu-filho","status":"publish","type":"post","link":"https:\/\/tvbrazilusa.com\/pt\/2024\/12\/03\/um-presidente-nao-pode-colocar-sua-propria-familia-acima-da-lei-por-que-os-leitores-discordam-da-decisao-de-biden-de-perdoar-seu-filho\/","title":{"rendered":"\u2018Um presidente n\u00e3o pode colocar sua pr\u00f3pria fam\u00edlia acima da lei\u2019: por que os leitores discordam da decis\u00e3o de Biden de perdoar seu filho"},"content":{"rendered":"<p> <script async src=\"https:\/\/pagead2.googlesyndication.com\/pagead\/js\/adsbygoogle.js?client=ca-pub-8864793242727901\"\r\n     crossorigin=\"anonymous\"><\/script><br \/>\n<\/p>\n<div id=\"\">\n<header class=\"m-article-header m-article-header--standard\">\n\t\t\t\t\t\t\t\t\t\t\t\t<span id=\"article-header-primary-term\"><br \/>\n\t\t\t\t\t\t\t\t<a class=\"a-term a-term--primary\" href=\"https:\/\/www.boston.com\/tag\/readers-say\/\"><\/p>\n<p>\t\t\t\t\t\t\t\tOs leitores dizem\t\t\t\t\t\t\t\t<\/a><br \/>\n\t\t\t\t\t\t\t<\/span><\/p>\n<h2 class=\"m-article-header__sub-headline\">Mais de 1.200 leitores responderam \u00e0 nossa enquete. \u00c9 por isso que muitos disseram que a decis\u00e3o do presidente Biden de perdoar seu filho, Hunter, foi \u201chip\u00f3crita\u201d.<\/h2>\n<figure class=\"a-photo m-article-header__photo\"><figcaption class=\"a-photo__caption\">\n<p>\tO presidente Joe Biden sai para falar no Rose Garden da Casa Branca em Washington, 26 de novembro de 2024.<em> (Foto AP\/Ben Curtis)<\/em>\t<\/figcaption><\/figure>\n<\/header>\n<p><a href=\"https:\/\/www.boston.com\/tag\/joe-biden\/\">Presidente Joe Biden<\/a> perdoou seu filho, Hunter Biden, no domingo, uma medida que muitos leitores do Boston.com chamaram de \u201chip\u00f3crita\u201d.<\/p>\n<p>Biden j\u00e1 havia declarado que n\u00e3o perdoaria seu filho, que enfrentava senten\u00e7a este m\u00eas por porte de arma e viola\u00e7\u00e3o de impostos. Mas, numa reviravolta no domingo, o presidente reverteu a sua posi\u00e7\u00e3o de longa data e concedeu um perd\u00e3o abrangente ao seu filho.<\/p>\n<p>O perd\u00e3o cobre as condena\u00e7\u00f5es de Hunter Biden em dois casos federais \u2013 um em Delaware e outro na Calif\u00f3rnia \u2013 e tamb\u00e9m se estende a quaisquer potenciais \u201cofensas contra os Estados Unidos\u201d que ele possa ter cometido ou nos quais esteve envolvido entre 1\u00ba de janeiro de 2014 e 1\u00ba de dezembro. , 2024. Os ju\u00edzes nos dois casos federais foram ambos nomeados pelo presidente Trump, e Hunter argumentou que foi alvo injustamente por ser filho do presidente.<\/p>\n<p>Quando <a href=\"http:\/\/boston.com\">perguntamos aos leitores do Boston.com<\/a> para pesar na segunda-feira, mais de 1.200 responderam \u00e0 nossa enquete. Sessenta e cinco por cento disseram discordar da decis\u00e3o do presidente de perdoar o filho, enquanto 35% concordaram. <\/p>\n<div class=\"gform_wrapper m-gforms-poll-block gravity-theme gform-theme--no-framework\">\n<div class=\"gpoll_container\">\n<div class=\"gpoll_field\">\n<div class=\"gpoll_field_label_container\">\n<p>O presidente Joe Biden perdoou seu filho, Hunter. Voc\u00ea concorda?<\/p>\n<\/div>\n<p><!-- .gpoll_choice_wrapper --><!-- .gpoll_choice_wrapper --><\/div>\n<p><!-- .gpoll_field --><\/div>\n<\/div>\n<p>Muitos leitores contra a decis\u00e3o do presidente Joe Biden argumentaram que ningu\u00e9m \u2013 nem mesmo o filho do presidente \u2013 est\u00e1 acima da lei, e Hunter n\u00e3o deveria ter sido perdoado.<\/p>\n<p>\u201cHunter foi condenado em um tribunal. Quer ele tenha sido alvo ou n\u00e3o dos republicanos no Congresso, uma condena\u00e7\u00e3o \u00e9 uma condena\u00e7\u00e3o\u201d, disse o leitor Chris V. de Medfield.<\/p>\n<p>Mas outros que concordaram com o perd\u00e3o disseram que Joe Biden estava certo em perdoar o seu filho, especialmente antes da pr\u00f3xima presid\u00eancia de Trump.<\/p>\n<p>\u201cEm circunst\u00e2ncias normais, [Biden] n\u00e3o deveria ter [pardoned Hunter]mas com uma nova administra\u00e7\u00e3o decidida a punir os inimigos pol\u00edticos, n\u00e3o estamos em circunst\u00e2ncias normais\u201d, disse o leitor Dave M. de Natick.<\/p>\n<p>Abaixo, os leitores compartilham por que acham que o presidente Joe Biden estava certo ou errado ao perdoar seu filho, Hunter.<\/p>\n<p><em>As respostas foram levemente editadas para fins gramaticais e de clareza.<\/em><\/p>\n<h2 class=\"wp-block-heading\" id=\"h-president-joe-biden-pardoned-his-son-hunter-do-you-agree-nbsp\"><strong>O presidente Joe Biden perdoou seu filho, Hunter. Voc\u00ea concorda? <\/strong><\/h2>\n<h3 class=\"wp-block-heading\" id=\"h-no-i-disagree\"><strong>N\u00e3o, eu discordo<\/strong><\/h3>\n<blockquote class=\"wp-block-quote is-layout-flow wp-block-quote-is-layout-flow\">\n<p>\u201cUm presidente n\u00e3o pode colocar a sua pr\u00f3pria fam\u00edlia acima da lei.\u201d \u2013 <em>David R., Lunenburg<\/em><\/p>\n<\/blockquote>\n<blockquote class=\"wp-block-quote is-layout-flow wp-block-quote-is-layout-flow\">\n<p>\u201cEstou chocado que um pai com poder para fazer isso perdoe seu filho? N\u00e3o. Isso significa que \u00e9 a coisa certa a fazer? Tamb\u00e9m n\u00e3o. Estou desapontado n\u00e3o s\u00f3 porque Biden mentiu repetidamente sobre o perd\u00e3o do seu filho, mas porque n\u00e3o pensou (ou n\u00e3o se importou) em como isto agora fortalece Trump. Suspeito que Trump conceder\u00e1 indultos abrangentes a pessoas question\u00e1veis \u200b\u200be, se os democratas reclamarem agora, ele poder\u00e1 apontar para a hipocrisia de Biden.\u201d \u2013 <em>Sara, Revere<\/em><\/p>\n<\/blockquote>\n<blockquote class=\"wp-block-quote is-layout-flow wp-block-quote-is-layout-flow\">\n<p>\u201cA f\u00e9 nos nossos sistemas pol\u00edticos est\u00e1 num ponto baixo. Temo que isto enfraque\u00e7a a nossa f\u00e9 no sistema e encoraje ainda mais Trump no futuro.\u201d \u2013 <em>Todd P., Brookline<\/em><\/p>\n<\/blockquote>\n<blockquote class=\"wp-block-quote is-layout-flow wp-block-quote-is-layout-flow\">\n<p>\u201cOs indultos presidenciais em geral deveriam ser reconsiderados e restringidos. N\u00e3o h\u00e1 melhor exemplo de ricos e poderosos que operam de acordo com o seu pr\u00f3prio conjunto de regras. Um perd\u00e3o \u201cdentro da fam\u00edlia\u201d \u00e9 absolutamente repugnante. Que precedente maravilhoso para abrir para o pr\u00f3ximo presidente.\u201d \u2013 <em>Tom, Revere<\/em><\/p>\n<\/blockquote>\n<blockquote class=\"wp-block-quote is-layout-flow wp-block-quote-is-layout-flow\">\n<p>\u201c\u00c9 uma vergonha completa para o povo americano. Seu filho violou as leis federais \u2013 ele n\u00e3o pagou seu imposto de renda, adquiriu uma arma quando estava sob o efeito de drogas, etc. Por que ele deveria ser ignorado por outros cidad\u00e3os que cumprem pena ou pagam multas? O presidente Biden renegou este acordo original com o p\u00fablico. N\u00e3o h\u00e1 honra ou confian\u00e7a na pol\u00edtica.\u201d \u2013 <em>Michela C., Norton<\/em><\/p>\n<\/blockquote>\n<blockquote class=\"wp-block-quote is-layout-flow wp-block-quote-is-layout-flow\">\n<p>\u201cHunter Biden se declarou culpado de evas\u00e3o fiscal. Ao conceder o perd\u00e3o, o presidente Biden est\u00e1 permitindo que Hunter n\u00e3o pague os impostos devidos. Isto vindo da pessoa que v\u00e1rias vezes sussurrou no microfone: &#8216;Pague sua parte justa&#8217;. Sinto que \u00e9 uma bofetada hip\u00f3crita ao contribuinte americano.\u201d \u2013 <em>Stephen V., Marblehead<\/em><\/p>\n<\/blockquote>\n<blockquote class=\"wp-block-quote is-layout-flow wp-block-quote-is-layout-flow\">\n<p>\u201cUma coisa \u00e9 perdoar Hunter pelas acusa\u00e7\u00f5es pelas quais ele se declarou culpado (ou seja, porte de arma e evas\u00e3o fiscal) \u2013 eu gostaria de pensar que a maioria dos pais faria o mesmo com rela\u00e7\u00e3o a essas acusa\u00e7\u00f5es. No entanto, conceder um perd\u00e3o geral desde 2014 \u00e9 demais e um completo abuso de poder. Que vergonha para Joe Biden por abusar de sua posi\u00e7\u00e3o ao sair pela porta.\u201d \u2013<em> Chris, Wakefield<\/em><\/p>\n<\/blockquote>\n<h3 class=\"wp-block-heading\" id=\"h-yes-i-agree\"><strong>Sim, eu concordo<\/strong><\/h3>\n<blockquote class=\"wp-block-quote is-layout-flow wp-block-quote-is-layout-flow\">\n<p>\u201cDurante a campanha, Trump prometeu retribui\u00e7\u00e3o aos &#8216;inimigos pol\u00edticos&#8217;. A administra\u00e7\u00e3o que ele est\u00e1 a montar parece estar pronta para cumprir essa promessa. Biden est\u00e1 protegendo os seus e eu faria o mesmo em um piscar de olhos.\u201d \u2013 <em>RC, Stoneham<\/em><\/p>\n<\/blockquote>\n<blockquote class=\"wp-block-quote is-layout-flow wp-block-quote-is-layout-flow\">\n<p>\u201cA persegui\u00e7\u00e3o de Hunter, em maior medida do que qualquer outra pessoa em suas circunst\u00e2ncias, considero que foi politicamente motivada e injusta. E no que diz respeito a Biden ter dito inicialmente que n\u00e3o perdoaria Hunter, essas circunst\u00e2ncias mudaram com Trump mostrando cada vez mais a pretendida vingan\u00e7a vingativa da sua segunda administra\u00e7\u00e3o.\u201d \u2013 <em>Hank D., Woburn<\/em><\/p>\n<\/blockquote>\n<blockquote class=\"wp-block-quote is-layout-flow wp-block-quote-is-layout-flow\">\n<p>\u201cQuem j\u00e1 sofreu depend\u00eancia ou tem algu\u00e9m na fam\u00edlia com depend\u00eancia sabe que essa foi a coisa certa a fazer \u2013 independentemente de o destinat\u00e1rio ser filho de Biden. Foi a coisa certa a fazer e todos merecem uma segunda chance, incluindo Hunter. Ele retomou sua vida. Vamos parar de insistir nisso e passar para o pr\u00f3ximo t\u00f3pico.\u201d \u2013 <em>Matthew C., Winchester<\/em><\/p>\n<\/blockquote>\n<blockquote class=\"wp-block-quote is-layout-flow wp-block-quote-is-layout-flow\">\n<p>\u201cEmbora n\u00e3o seja uma boa apar\u00eancia, \u00e9 feito rotineiramente por presidentes cessantes. Parece que parte da raz\u00e3o pela qual Hunter Biden foi processado, ou pelo menos processado com tanto zelo (tanto no tribunal como na opini\u00e3o p\u00fablica), foi porque ele \u00e9 filho do presidente. Al\u00e9m disso, acho que o fato de o presidente Trump perdoar seus supostos co-conspiradores \u00e9 muito mais um abuso do poder de perd\u00e3o do que um pai perdoar seu filho problem\u00e1tico.\u201d \u2013 <em>Steve, Dorchester<\/em><\/p>\n<\/blockquote>\n<blockquote class=\"wp-block-quote is-layout-flow wp-block-quote-is-layout-flow\">\n<p>\u201cEu disse, sim, concordo, porque \u00e9 claro que qualquer pai com capacidade de manter seu filho fora da pris\u00e3o deveria e faria isso. Dito isto, o perd\u00e3o do presidente Biden a Hunter depois de anos em que prometeu que n\u00e3o o faria, destruiu toda a credibilidade que lhe restava. Al\u00e9m disso, ele tira partido do manual de Trump, culpando-o pela persegui\u00e7\u00e3o pol\u00edtica, o que eliminou qualquer posi\u00e7\u00e3o moral que restava aos democratas.\u201d \u2013 <em>John M., Norte de Andover<\/em><\/p>\n<\/blockquote>\n<blockquote class=\"wp-block-quote is-layout-flow wp-block-quote-is-layout-flow\">\n<p>\u201cCom a chegada da nova administra\u00e7\u00e3o, este perd\u00e3o parecer\u00e1 totalmente inconsequente em compara\u00e7\u00e3o com o que est\u00e1 por vir. Os democratas s\u00e3o continuamente mantidos em padr\u00f5es mais elevados. O caminho de Biden tem sido dif\u00edcil e ele sacrificou muito; N\u00e3o o culpo por fazer algo por sua fam\u00edlia.\u201d \u2013 <em>Jen W., Southborough<\/em><\/p>\n<\/blockquote>\n<p><em>O Boston.com ocasionalmente interage com os leitores realizando enquetes e pesquisas informais. Estes resultados devem ser lidos como uma medida n\u00e3o cient\u00edfica da opini\u00e3o dos leitores.<\/em><\/p>\n<div class=\"o-author-single has-avatar\">\n<header class=\"m-author-card\">\n<div class=\"a-image a-image--square m-author-card__image\">\n\t\t<img decoding=\"async\" class=\"\" src=\"https:\/\/www.boston.com\/wp-content\/uploads\/2024\/10\/cropped-IMG_2875-671fb6f808237-671fb70325313.jpg\" alt=\"Imagem do perfil de Annie Jonas\"\/>\t<\/div>\n<\/header>\n<section class=\"author-info\">\n<div class=\"m-author__section\">\n<p>Annie Jonas \u00e9 redatora comunit\u00e1ria do Boston.com. Anteriormente, ela foi editora local na Patch e freelancer no Financial Times.<\/p>\n<\/div>\n<\/section>\n<\/div>\n<div class=\"m-block m-generic-cta\t m-generic-cta--post-content\t m-generic-cta--dark\t m-generic-cta--homepage\t m-generic-cta--email-signup\t\t m-generic-cta-block-style--default \tt-amp__generic-cta\"><\/p>\n<div class=\"m-generic-cta__wrap\">\n<div class=\"m-generic-cta__content\">\n<h3 class=\"m-generic-cta__title\">Boston.com hoje<\/h3>\n<p class=\"m-generic-cta__subtitle\">Inscreva-se para receber as \u00faltimas manchetes em sua caixa de entrada todas as manh\u00e3s.<\/p>\n<\/p><\/div>\n<\/p><\/div>\n<\/div><\/div>\n<p><script>\n\t\tvar consent=\"grant\";\n\t\t\/* The above code is parsing the JSON data from the local storage and storing it in a variable. *\/\n\t\t\t\t\tconst onetrustStorageConsent = JSON.parse(localStorage.getItem( 'consent_one_trust_bdc' ) );\n\t\t\tif ( ( onetrustStorageConsent !== null ) ) {\n\t\t\t\t\/* Checking to see if the user has consented to the use of cookies.\n\t\t\t\t* If they have not, it is deleting the cookie.\n\t\t\t\t* This will comment for now, until further notice.\n\t\t\t\t*\/\n\t\t\t\t\/\/if ( onetrustStorageConsent.C0002 === false ) {\n\t\t\t\t\/\/\tdocument.cookie=\"_fbp=;expires=Thu, 01 Jan 2010 00:00:00 UTC; path=\/; domain=.boston.com\";\n\t\t\t\t\/\/}\n\t\t\t\t\/* Checking if the user has given consent for the cookie C0002.\n\t\t\t\t* If the user has given consent, the variable consent will be set to 'grant'.\n\t\t\t\t* If the user has not given consent,the variable consent will be set to 'revoke'.\n\t\t\t\t* Documentation https:\/\/developers.facebook.com\/docs\/meta-pixel\/implementation\/gdpr\n\t\t\t\t*\/\n\t\t\t\tif ( onetrustStorageConsent.C0002 !== true ) {\n\t\t\t\t\tconsent=\"revoke\";\n\t\t\t\t}\n\t\t\t}\n\t\t\t\t!function(f,b,e,v,n,t,s)\n\t\t{if(f.fbq)return;n=f.fbq=function(){n.callMethod?\n\t\tn.callMethod.apply(n,arguments):n.queue.push(arguments)};\n\t\tif(!f._fbq)f._fbq=n;n.push=n;n.loaded=!0;n.version='2.0';\n\t\tn.queue=[];t=b.createElement(e);t.async=!0;\n\t\tt.src=v;s=b.getElementsByTagName(e)[0];\n\t\ts.parentNode.insertBefore(t,s)}(window, document,'script',\n\t\t'https:\/\/connect.facebook.net\/en_US\/fbevents.js');\n\t\tfbq('consent', consent);\n\t\tfbq('init', '989222871864976');\n\t\tfbq('track', 'PageView');\n\t<\/script><script type=\"module\">\n\t\tvar consent=\"grant\";\n\t\t\/* The above code is parsing the JSON data from the local storage and storing it in a variable. *\/\n\t\t\tconst onetrustStorageConsent = JSON.parse(localStorage.getItem( 'consent_one_trust_bdc' ) );\n\t\t\t\/* Checking to see if the user has consented to the use of cookies.\n\t\t\t* If they have not, it is deleting the cookie.\n\t\t\t* This will comment for now, until further notice.\n\t\t\t*\/\n\t\t\t\/\/if ( onetrustStorageConsent.C0002 === false ) {\n\t\t\t\/\/\tdocument.cookie=\"_fbp=;expires=Thu, 01 Jan 2010 00:00:00 UTC; path=\/; domain=.boston.com\";\n\t\t\t\/\/}\n\t\t\t\/* Checking if the user has given consent for the cookie C0002.\n\t\t\t* If the user has given consent, the variable consent will be set to 'grant'.\n\t\t\t* If the user has not given consent,the variable consent will be set to 'revoke'.\n\t\t\t* Documentation https:\/\/developers.facebook.com\/docs\/meta-pixel\/implementation\/gdpr\n\t\t\t*\/\n\t\t\tif ( ( onetrustStorageConsent !== null ) && (onetrustStorageConsent.C0002 !== true ) ) {\n\t\t\t\tconsent=\"revoke\";\n\t\t\t}\n\t\t\t\t!function(f,b,e,v,n,t,s){if(f.fbq)return;n=f.fbq=function()\n\t\t{n.callMethod? n.callMethod.apply(n,arguments):n.queue.push(arguments)}\n\t\t;if(!f._fbq)f._fbq=n;\n\t\tn.push=n;n.loaded=!0;n.version='2.0';n.queue=[];t=b.createElement(e);t.async=!0;\n\t\tt.src=v;s=b.getElementsByTagName(e)[0];s.parentNode.insertBefore(t,s)}(window,\n\t\tdocument,'script','https:\/\/connect.facebook.net\/en_US\/fbevents.js');\n\t\tfbq('consent', consent);\n\t\tfbq('init', '813236348753005');\n\t\tfbq('track', \"PageView\");\n\t<\/script><br \/>\n<br \/><br \/>\n<br \/><a href=\"https:\/\/www.boston.com\/community\/readers-say\/2024\/12\/03\/a-president-cant-put-his-own-family-above-the-law-why-readers-disagree-with-bidens-decision-to-pardon-his-son\/\">Source link <\/a><\/p>","protected":false},"excerpt":{"rendered":"<p>Os leitores dizem Mais de 1.200 leitores responderam \u00e0 nossa enquete. \u00c9 por isso que muitos disseram que a decis\u00e3o do presidente Biden de perdoar seu filho, Hunter, foi \u201chip\u00f3crita\u201d.&hellip;<\/p>","protected":false},"author":1,"featured_media":70061,"comment_status":"closed","ping_status":"open","sticky":false,"template":"","format":"standard","meta":{"content-type":"","footnotes":""},"categories":[1],"tags":[],"class_list":["post-70060","post","type-post","status-publish","format-standard","has-post-thumbnail","hentry","category-uncategorized"],"_links":{"self":[{"href":"https:\/\/tvbrazilusa.com\/pt\/wp-json\/wp\/v2\/posts\/70060","targetHints":{"allow":["GET"]}}],"collection":[{"href":"https:\/\/tvbrazilusa.com\/pt\/wp-json\/wp\/v2\/posts"}],"about":[{"href":"https:\/\/tvbrazilusa.com\/pt\/wp-json\/wp\/v2\/types\/post"}],"author":[{"embeddable":true,"href":"https:\/\/tvbrazilusa.com\/pt\/wp-json\/wp\/v2\/users\/1"}],"replies":[{"embeddable":true,"href":"https:\/\/tvbrazilusa.com\/pt\/wp-json\/wp\/v2\/comments?post=70060"}],"version-history":[{"count":1,"href":"https:\/\/tvbrazilusa.com\/pt\/wp-json\/wp\/v2\/posts\/70060\/revisions"}],"predecessor-version":[{"id":70062,"href":"https:\/\/tvbrazilusa.com\/pt\/wp-json\/wp\/v2\/posts\/70060\/revisions\/70062"}],"wp:featuredmedia":[{"embeddable":true,"href":"https:\/\/tvbrazilusa.com\/pt\/wp-json\/wp\/v2\/media\/70061"}],"wp:attachment":[{"href":"https:\/\/tvbrazilusa.com\/pt\/wp-json\/wp\/v2\/media?parent=70060"}],"wp:term":[{"taxonomy":"category","embeddable":true,"href":"https:\/\/tvbrazilusa.com\/pt\/wp-json\/wp\/v2\/categories?post=70060"},{"taxonomy":"post_tag","embeddable":true,"href":"https:\/\/tvbrazilusa.com\/pt\/wp-json\/wp\/v2\/tags?post=70060"}],"curies":[{"name":"wp","href":"https:\/\/api.w.org\/{rel}","templated":true}]}}