{"id":70115,"date":"2024-12-03T19:56:55","date_gmt":"2024-12-03T19:56:55","guid":{"rendered":"https:\/\/tvbrazilusa.com\/2024\/12\/03\/falece-celia-moises-tecladista-do-grupo-voz-da-verdade\/"},"modified":"2024-12-03T19:56:57","modified_gmt":"2024-12-03T19:56:57","slug":"falece-celia-moises-tecladista-do-grupo-voz-da-verdade","status":"publish","type":"post","link":"https:\/\/tvbrazilusa.com\/pt\/2024\/12\/03\/falece-celia-moises-tecladista-do-grupo-voz-da-verdade\/","title":{"rendered":"Falece C\u00e9lia Mois\u00e9s, tecladista do grupo Voz da Verdade"},"content":{"rendered":"<p> <script async src=\"https:\/\/pagead2.googlesyndication.com\/pagead\/js\/adsbygoogle.js?client=ca-pub-8864793242727901\"\r\n     crossorigin=\"anonymous\"><\/script><br \/>\n<\/p>\n<div id=\"taboola-read-more\" style=\"display:block; width:100%\">\n<p>Morreu nesta segunda-feira (2) C\u00e9lia Mois\u00e9s, tecladista do grupo Voz da Verdade e irm\u00e3 do pastor Carlos Mois\u00e9s. De acordo com uma nota publicada no site oficial do minist\u00e9rio, C\u00e9lia enfrentava h\u00e1 muitos anos um problema grave no f\u00edgado.\n<\/p>\n<p>Publica\u00e7\u00f5es antigas nas redes sociais a tratavam como uma pessoa meiga, carinhosa e guerreira por suportar a morte do primeiro marido de dois filhos. Um beb\u00ea que nasceu e morreu dias depois e h\u00e1 14 anos a morte de sua filha, Lilian, que faleceu ap\u00f3s um transplante de f\u00edgado.<\/p>\n<p>Nas redes sociais, o grupo lamentou a morte e anotou que C\u00e9lia voltou para Casa para encontrar as pessoas queridas que j\u00e1 partiram.\n<\/p>\n<p>\u2013 Para n\u00f3s, fica a saudade. Sua presen\u00e7a j\u00e1 est\u00e1 fazendo falta. Voc\u00ea nem sabia o quanto \u00e9 amada e admirada. Voc\u00ea n\u00e3o fazia conta de tudo que fez durante sua vida. Obrigado por tudo, C\u00e9lia! Voc\u00ea foi filha, esposa, m\u00e3e, av\u00f3, bisav\u00f3, irm\u00e3, musicista, trabalhadora, amorosa\u2026 sempre dedicada em tudo! Dedicou sua vida a cuidar e amar aos outros \u2013 diz parte da nota.\n<\/p>\n<p>O comunicado oficial tamb\u00e9m pede ora\u00e7\u00e3o pela fam\u00edlia, que sofre por essa partida. O corpo de C\u00e9lia ser\u00e1 cremado em um cemit\u00e9rio na cidade de S\u00e3o Bernardo do Campo, na Regi\u00e3o do Grande ABC.\n<\/p>\n<p>Fonte: Revista Oeste              <\/p>\n<\/div>\n<p><br \/>\n<br \/><a href=\"https:\/\/diariodobrasilnoticias.com.br\/noticia\/falece-celia-moises-tecladista-do-grupo-voz-da-verdade-674f447c66a9d\">Source link <\/a><\/p>","protected":false},"excerpt":{"rendered":"<p>Morreu nesta segunda-feira (2) C\u00e9lia Mois\u00e9s, tecladista do grupo Voz da Verdade e irm\u00e3 do pastor Carlos Mois\u00e9s. De acordo com uma nota publicada no site oficial do minist\u00e9rio, C\u00e9lia&hellip;<\/p>","protected":false},"author":1,"featured_media":70116,"comment_status":"closed","ping_status":"open","sticky":false,"template":"","format":"standard","meta":{"content-type":"","footnotes":""},"categories":[16],"tags":[123,2448,5313,1267],"class_list":["post-70115","post","type-post","status-publish","format-standard","has-post-thumbnail","hentry","category-noticias","tag-brasil","tag-diario","tag-noticia","tag-noticias"],"_links":{"self":[{"href":"https:\/\/tvbrazilusa.com\/pt\/wp-json\/wp\/v2\/posts\/70115","targetHints":{"allow":["GET"]}}],"collection":[{"href":"https:\/\/tvbrazilusa.com\/pt\/wp-json\/wp\/v2\/posts"}],"about":[{"href":"https:\/\/tvbrazilusa.com\/pt\/wp-json\/wp\/v2\/types\/post"}],"author":[{"embeddable":true,"href":"https:\/\/tvbrazilusa.com\/pt\/wp-json\/wp\/v2\/users\/1"}],"replies":[{"embeddable":true,"href":"https:\/\/tvbrazilusa.com\/pt\/wp-json\/wp\/v2\/comments?post=70115"}],"version-history":[{"count":1,"href":"https:\/\/tvbrazilusa.com\/pt\/wp-json\/wp\/v2\/posts\/70115\/revisions"}],"predecessor-version":[{"id":70117,"href":"https:\/\/tvbrazilusa.com\/pt\/wp-json\/wp\/v2\/posts\/70115\/revisions\/70117"}],"wp:featuredmedia":[{"embeddable":true,"href":"https:\/\/tvbrazilusa.com\/pt\/wp-json\/wp\/v2\/media\/70116"}],"wp:attachment":[{"href":"https:\/\/tvbrazilusa.com\/pt\/wp-json\/wp\/v2\/media?parent=70115"}],"wp:term":[{"taxonomy":"category","embeddable":true,"href":"https:\/\/tvbrazilusa.com\/pt\/wp-json\/wp\/v2\/categories?post=70115"},{"taxonomy":"post_tag","embeddable":true,"href":"https:\/\/tvbrazilusa.com\/pt\/wp-json\/wp\/v2\/tags?post=70115"}],"curies":[{"name":"wp","href":"https:\/\/api.w.org\/{rel}","templated":true}]}}