{"id":70118,"date":"2024-12-03T20:00:05","date_gmt":"2024-12-03T20:00:05","guid":{"rendered":"https:\/\/tvbrazilusa.com\/2024\/12\/03\/cape-coral-tiktoker-rouba-da-target-novamente-diz-a-policia-wsvn-7news-noticias-de-miami-clima-esportes-fort-lauderdale\/"},"modified":"2024-12-03T20:01:24","modified_gmt":"2024-12-03T20:01:24","slug":"cape-coral-tiktoker-rouba-da-target-novamente-diz-a-policia-wsvn-7news-noticias-de-miami-clima-esportes-fort-lauderdale","status":"publish","type":"post","link":"https:\/\/tvbrazilusa.com\/pt\/2024\/12\/03\/cape-coral-tiktoker-rouba-da-target-novamente-diz-a-policia-wsvn-7news-noticias-de-miami-clima-esportes-fort-lauderdale\/","title":{"rendered":"Cape Coral TikToker rouba da Target novamente, diz a pol\u00edcia &#8211; WSVN 7News | Not\u00edcias de Miami, clima, esportes | Fort Lauderdale"},"content":{"rendered":"<p> <script async src=\"https:\/\/pagead2.googlesyndication.com\/pagead\/js\/adsbygoogle.js?client=ca-pub-8864793242727901\"\r\n     crossorigin=\"anonymous\"><\/script><br \/>\n<\/p>\n<div itemprop=\"articleBody\">\n<p>CAPE CORAL, Fl\u00f3rida (WFTX) \u2013 Lembra-se do influenciador de m\u00eddia social de Cape Coral acusado de roubar da Target em 30 de outubro e depois postar os itens roubados no TikTok? Bem, a pol\u00edcia diz que ela fez isso de novo na mesma loja.<\/p>\n<p>A Pol\u00edcia de Cape Coral recebeu uma liga\u00e7\u00e3o sobre algu\u00e9m roubando da Target em Pine Island Road no s\u00e1bado, 30 de novembro. No entanto, a pol\u00edcia diz que o crime supostamente ocorreu em 20 de novembro.<\/p>\n<p>A equipe de preven\u00e7\u00e3o de perdas disse \u00e0 pol\u00edcia que um \u201csuspeito reincidente conhecido\u201d entrou na loja e pegou itens \u00e0 venda. Eles identificaram a suspeita como Marlena Velez.<\/p>\n<p>A pol\u00edcia diz que, no self-checkout, Velez n\u00e3o digitalizou os itens, mas digitalizou c\u00f3digos de barras falsos em vez das etiquetas dos itens.<\/p>\n<p>Ela roubou 16 itens, incluindo utens\u00edlios dom\u00e9sticos e roupas, segundo a pol\u00edcia, avaliados em cerca de US$ 225.<\/p>\n<p>Como a pol\u00edcia diz que ela j\u00e1 fez isso antes, eles a reconheceram no v\u00eddeo. Eles tamb\u00e9m notaram uma foto de papel de parede no telefone de Velez, que era a mesma postada em sua conta do Instagram com sua fam\u00edlia.<\/p>\n<p>Ela n\u00e3o estava sozinha com o crime relatado. A pol\u00edcia diz que estava l\u00e1 um homem que tinha tatuagens distintas que combinavam com as de um homem em seus v\u00eddeos do TikTok. Os detetives dizem que ela tamb\u00e9m estava com os filhos. A pol\u00edcia a prendeu em 30 de novembro por pequeno furto e os registros do tribunal mostram que ela se libertou no dia seguinte.<\/p>\n<p>Esta n\u00e3o \u00e9 a primeira vez que Velez foi preso por este crime.<\/p>\n<p>Em 30 de outubro, a pol\u00edcia afirma que ela fez a mesma coisa na mesma loja. Nesse caso, a pol\u00edcia afirma que ela n\u00e3o escaneou os c\u00f3digos de barras e usou c\u00f3digos falsos com pre\u00e7os mais baratos. A pol\u00edcia diz que ela roubou 16 itens, incluindo utens\u00edlios dom\u00e9sticos e roupas, no valor de cerca de US$ 500.<\/p>\n<p>Um v\u00eddeo postado na conta TikTok de Velez documenta ela mesma enquanto ela se prepara para sair de casa no dia 30 de outubro \u2013 com a mesma roupa e \u00f3culos que a pol\u00edcia diz que ela usava no v\u00eddeo de vigil\u00e2ncia.<\/p>\n<p>A pol\u00edcia foi chamada por este crime em 20 de novembro, mesmo dia em que supostamente aconteceu o segundo roubo.<\/p>\n<p>No v\u00eddeo, que tem mais de 150 mil visualiza\u00e7\u00f5es, Velez \u00e9 visto documentando uma viagem para TJ Maxx e Target.<\/p>\n<p>Velez se registra escolhendo itens e colocando-os no carro ap\u00f3s sair das duas lojas.<\/p>\n<p>Ela foi presa por pequeno roubo e saiu da pris\u00e3o em 21 de novembro, um dia ap\u00f3s sua primeira pris\u00e3o, de acordo com os autos do tribunal.<\/p>\n<p>Cinco dias atr\u00e1s, Velez postou um v\u00eddeo e a descri\u00e7\u00e3o diz \u201cEmbora haja um momento para discutir meus erros, agora n\u00e3o \u00e9 esse momento e isso n\u00e3o significa que n\u00e3o quero falar sobre isso ou assumir a responsabilidade por minhas a\u00e7\u00f5es , significa que tudo ainda est\u00e1 sendo tratado no tribunal, ent\u00e3o pe\u00e7o apenas que respeitem isso.\u201d<\/p>\n<p>Ela desligou seus coment\u00e1rios naquela postagem.<\/p>\n<p>Velez foi preso em julho de 2023 por pequeno furto. Os registros do tribunal dizem que ela estava em um Walmart de Cape Coral e escondeu itens embaixo de outros que ela iria digitalizar. O relat\u00f3rio diz que ela fez isso v\u00e1rias vezes.<\/p>\n<p>Em abril de 2024, ela se confessou culpada e foi condenada a um m\u00eas de liberdade condicional, que expirou em 14 de outubro. Segundo a pol\u00edcia, 16 dias depois, ela foi presa por furto.<\/p>\n<p><em>The-CNN-Wire\u2122 e \u00a9 2024 Cable News Network, Inc., uma empresa da Time Warner. Todos os direitos reservados.<\/em><\/p>\n<div class=\"wp-block-newsletter\">\n\t<strong class=\"wp-block-newsletter__title\">Cadastre-se em nosso boletim informativo para receber as \u00faltimas not\u00edcias diretamente na sua caixa de entrada<\/strong><\/p>\n<\/div><\/div>\n<p><br \/>\n<br \/><a href=\"https:\/\/wsvn.com\/news\/local\/florida\/cape-coral-tiktoker-steals-from-target-again-police-say\/\">Source link <\/a><\/p>","protected":false},"excerpt":{"rendered":"<p>CAPE CORAL, Fl\u00f3rida (WFTX) \u2013 Lembra-se do influenciador de m\u00eddia social de Cape Coral acusado de roubar da Target em 30 de outubro e depois postar os itens roubados no&hellip;<\/p>","protected":false},"author":1,"featured_media":70119,"comment_status":"closed","ping_status":"open","sticky":false,"template":"","format":"standard","meta":{"content-type":"","footnotes":""},"categories":[1],"tags":[],"class_list":["post-70118","post","type-post","status-publish","format-standard","has-post-thumbnail","hentry","category-uncategorized"],"_links":{"self":[{"href":"https:\/\/tvbrazilusa.com\/pt\/wp-json\/wp\/v2\/posts\/70118","targetHints":{"allow":["GET"]}}],"collection":[{"href":"https:\/\/tvbrazilusa.com\/pt\/wp-json\/wp\/v2\/posts"}],"about":[{"href":"https:\/\/tvbrazilusa.com\/pt\/wp-json\/wp\/v2\/types\/post"}],"author":[{"embeddable":true,"href":"https:\/\/tvbrazilusa.com\/pt\/wp-json\/wp\/v2\/users\/1"}],"replies":[{"embeddable":true,"href":"https:\/\/tvbrazilusa.com\/pt\/wp-json\/wp\/v2\/comments?post=70118"}],"version-history":[{"count":1,"href":"https:\/\/tvbrazilusa.com\/pt\/wp-json\/wp\/v2\/posts\/70118\/revisions"}],"predecessor-version":[{"id":70120,"href":"https:\/\/tvbrazilusa.com\/pt\/wp-json\/wp\/v2\/posts\/70118\/revisions\/70120"}],"wp:featuredmedia":[{"embeddable":true,"href":"https:\/\/tvbrazilusa.com\/pt\/wp-json\/wp\/v2\/media\/70119"}],"wp:attachment":[{"href":"https:\/\/tvbrazilusa.com\/pt\/wp-json\/wp\/v2\/media?parent=70118"}],"wp:term":[{"taxonomy":"category","embeddable":true,"href":"https:\/\/tvbrazilusa.com\/pt\/wp-json\/wp\/v2\/categories?post=70118"},{"taxonomy":"post_tag","embeddable":true,"href":"https:\/\/tvbrazilusa.com\/pt\/wp-json\/wp\/v2\/tags?post=70118"}],"curies":[{"name":"wp","href":"https:\/\/api.w.org\/{rel}","templated":true}]}}