{"id":70124,"date":"2024-12-03T20:08:58","date_gmt":"2024-12-03T20:08:58","guid":{"rendered":"https:\/\/tvbrazilusa.com\/2024\/12\/03\/saiba-o-que-e-a-lei-marcial-proclamada-na-coreia-do-sul\/"},"modified":"2024-12-03T20:08:59","modified_gmt":"2024-12-03T20:08:59","slug":"saiba-o-que-e-a-lei-marcial-proclamada-na-coreia-do-sul","status":"publish","type":"post","link":"https:\/\/tvbrazilusa.com\/pt\/2024\/12\/03\/saiba-o-que-e-a-lei-marcial-proclamada-na-coreia-do-sul\/","title":{"rendered":"Saiba o que \u00e9 a Lei Marcial proclamada na Coreia do Sul"},"content":{"rendered":"<p> <script async src=\"https:\/\/pagead2.googlesyndication.com\/pagead\/js\/adsbygoogle.js?client=ca-pub-8864793242727901\"\r\n     crossorigin=\"anonymous\"><\/script><br \/>\n<\/p>\n<div id=\"taboola-read-more\" style=\"display:block; width:100%\">\n<p>A Coreia do Sul decretou a Lei Marcial no pa\u00eds, nesta ter\u00e7a-feira, 3. A justificativa para a medida foi por ela ser uma a\u00e7\u00e3o necess\u00e1ria para combater a presen\u00e7a de espi\u00f5es simpatizantes da Coreia do Norte no pa\u00eds. A decis\u00e3o gerou uma forte rea\u00e7\u00e3o da oposi\u00e7\u00e3o, que contestou a iniciativa e organizou protestos.\n<\/p>\n<p>De acordo com uma defini\u00e7\u00e3o da C\u00e2mara dos Deputados no Brasil, a Lei Marcial transfere o controle civil para as autoridades militares em contextos de guerra, e suspende temporariamente garantias civis e pol\u00edticas garantidas em tempos normais pela Constitui\u00e7\u00e3o.<\/p>\n<p>Diversos pa\u00edses, como a R\u00fassia e a Ucr\u00e2nia, empregaram essa medida durante a escalada do conflito armado entre eles.\n<\/p>\n<p>O presidente sul-coreano, Yoon Suk Yeol, fez o an\u00fancio em um pronunciamento transmitido em cadeia nacional pela televis\u00e3o. A lei marcial suspende direitos civis e substitui a legisla\u00e7\u00e3o ordin\u00e1ria por normas militares. Segundo o governo, a medida tem como objetivo identificar e neutralizar indiv\u00edduos alinhados aos interesses norte-coreanos.\n<\/p>\n<p>No decreto sul-coreano, o presidente detalha as restri\u00e7\u00f5es impostas. Entre elas, est\u00e3o a proibi\u00e7\u00e3o de atividades pol\u00edticas, manifesta\u00e7\u00f5es e greves que possam gerar desordem. A manipula\u00e7\u00e3o de informa\u00e7\u00f5es, a produ\u00e7\u00e3o de not\u00edcias falsas e qualquer tentativa de subverter o regime democr\u00e1tico tamb\u00e9m est\u00e3o vedadas. M\u00e9dicos e outros profissionais da sa\u00fade em greve t\u00eam 48 horas para retornar ao trabalho, sob pena de puni\u00e7\u00e3o.\n<\/p>\n<p>Leia o decreto da Coreia do Sul na \u00edntegra:<br \/>\u201cPara proteger a democracia liberal da amea\u00e7a de derrubar o regime da Rep\u00fablica da Coreia por for\u00e7as antiestatais ativas na Rep\u00fablica da Coreia e para proteger a seguran\u00e7a do povo, o seguinte \u00e9 declarado em toda a Rep\u00fablica da Coreia a partir das 23:00 em 3 de dezembro de 2024:\n<\/p>\n<p>1. Todas as atividades pol\u00edticas, incluindo as atividades da Assembleia Nacional, conselhos locais e partidos pol\u00edticos, associa\u00e7\u00f5es pol\u00edticas, com\u00edcios e manifesta\u00e7\u00f5es, s\u00e3o proibidas.\n<\/p>\n<p>2. Todos os atos que negam ou tentam derrubar o sistema democr\u00e1tico liberal s\u00e3o proibidos, e not\u00edcias falsas, manipula\u00e7\u00e3o da opini\u00e3o p\u00fablica e propaganda falsa s\u00e3o proibidas.\n<\/p>\n<p>3. Todas as m\u00eddias e publica\u00e7\u00f5es est\u00e3o sujeitas ao controle do Comando da Lei Marcial.\n<\/p>\n<p>4. Greves, paralisa\u00e7\u00f5es de trabalho e com\u00edcios que incitem o caos social s\u00e3o proibidos.\n<\/p>\n<p>5. Todo o pessoal m\u00e9dico, incluindo m\u00e9dicos estagi\u00e1rios, que estejam em greve ou tenham deixado a \u00e1rea m\u00e9dica devem retornar aos seus empregos dentro de 48 horas e trabalhar fielmente. Aqueles que violarem ser\u00e3o punidos de acordo com a Lei Marcial.\n<\/p>\n<p>6. Cidad\u00e3os comuns inocentes, excluindo for\u00e7as antiestatais e outras for\u00e7as subversivas, estar\u00e3o sujeitos a medidas para minimizar inconveni\u00eancias em suas vidas di\u00e1rias.\n<\/p>\n<p>Os infratores da proclama\u00e7\u00e3o acima podem ser presos, detidos e revistados sem mandado de acordo com o Artigo 9 da Lei Marcial da Rep\u00fablica da Coreia (Autoridade de Medidas Especiais do Comandante da Lei Marcial) e ser\u00e3o punidos de acordo com o Artigo 14 da Lei Marcial (Penalidades).\n<\/p>\n<p>Comandante da Lei Marcial, General do Ex\u00e9rcito Park An-su, ter\u00e7a-feira, 3 de dezembro de 2024.\u201d\n<\/p>\n<p>Fonte: Revista Oeste              <\/p>\n<\/div>\n<p><br \/>\n<br \/><a href=\"https:\/\/diariodobrasilnoticias.com.br\/noticia\/saiba-o-que-e-a-lei-marcial-proclamada-na-coreia-do-sul-674f4ae3c336b\">Source link <\/a><\/p>","protected":false},"excerpt":{"rendered":"<p>A Coreia do Sul decretou a Lei Marcial no pa\u00eds, nesta ter\u00e7a-feira, 3. A justificativa para a medida foi por ela ser uma a\u00e7\u00e3o necess\u00e1ria para combater a presen\u00e7a de&hellip;<\/p>","protected":false},"author":1,"featured_media":70125,"comment_status":"closed","ping_status":"open","sticky":false,"template":"","format":"standard","meta":{"content-type":"","footnotes":""},"categories":[16],"tags":[123,2448,5313,1267],"class_list":["post-70124","post","type-post","status-publish","format-standard","has-post-thumbnail","hentry","category-noticias","tag-brasil","tag-diario","tag-noticia","tag-noticias"],"_links":{"self":[{"href":"https:\/\/tvbrazilusa.com\/pt\/wp-json\/wp\/v2\/posts\/70124","targetHints":{"allow":["GET"]}}],"collection":[{"href":"https:\/\/tvbrazilusa.com\/pt\/wp-json\/wp\/v2\/posts"}],"about":[{"href":"https:\/\/tvbrazilusa.com\/pt\/wp-json\/wp\/v2\/types\/post"}],"author":[{"embeddable":true,"href":"https:\/\/tvbrazilusa.com\/pt\/wp-json\/wp\/v2\/users\/1"}],"replies":[{"embeddable":true,"href":"https:\/\/tvbrazilusa.com\/pt\/wp-json\/wp\/v2\/comments?post=70124"}],"version-history":[{"count":1,"href":"https:\/\/tvbrazilusa.com\/pt\/wp-json\/wp\/v2\/posts\/70124\/revisions"}],"predecessor-version":[{"id":70126,"href":"https:\/\/tvbrazilusa.com\/pt\/wp-json\/wp\/v2\/posts\/70124\/revisions\/70126"}],"wp:featuredmedia":[{"embeddable":true,"href":"https:\/\/tvbrazilusa.com\/pt\/wp-json\/wp\/v2\/media\/70125"}],"wp:attachment":[{"href":"https:\/\/tvbrazilusa.com\/pt\/wp-json\/wp\/v2\/media?parent=70124"}],"wp:term":[{"taxonomy":"category","embeddable":true,"href":"https:\/\/tvbrazilusa.com\/pt\/wp-json\/wp\/v2\/categories?post=70124"},{"taxonomy":"post_tag","embeddable":true,"href":"https:\/\/tvbrazilusa.com\/pt\/wp-json\/wp\/v2\/tags?post=70124"}],"curies":[{"name":"wp","href":"https:\/\/api.w.org\/{rel}","templated":true}]}}