{"id":70127,"date":"2024-12-03T20:13:35","date_gmt":"2024-12-03T20:13:35","guid":{"rendered":"https:\/\/tvbrazilusa.com\/2024\/12\/03\/os-democratas-mantem-schumer-como-lider-a-sua-estrategia-para-combater-trump-e-muito-menos-certa\/"},"modified":"2024-12-03T20:14:21","modified_gmt":"2024-12-03T20:14:21","slug":"os-democratas-mantem-schumer-como-lider-a-sua-estrategia-para-combater-trump-e-muito-menos-certa","status":"publish","type":"post","link":"https:\/\/tvbrazilusa.com\/pt\/2024\/12\/03\/os-democratas-mantem-schumer-como-lider-a-sua-estrategia-para-combater-trump-e-muito-menos-certa\/","title":{"rendered":"Os democratas mant\u00eam Schumer como l\u00edder, a sua estrat\u00e9gia para combater Trump \u00e9 muito menos certa"},"content":{"rendered":"<p> <script async src=\"https:\/\/pagead2.googlesyndication.com\/pagead\/js\/adsbygoogle.js?client=ca-pub-8864793242727901\"\r\n     crossorigin=\"anonymous\"><\/script><br \/>\n<\/p>\n<div id=\"\">\n<header class=\"m-article-header m-article-header--standard\">\n\t\t\t\t\t\t\t\t\t\t\t\t<span id=\"article-header-primary-term\"><br \/>\n\t\t\t\t\t\t\t\t<a class=\"a-term a-term--primary\" href=\"https:\/\/www.boston.com\/tag\/politics\/\"><\/p>\n<p>\t\t\t\t\t\t\t\tPol\u00edtica\t\t\t\t\t\t\t\t<\/a><br \/>\n\t\t\t\t\t\t\t<\/span><\/p>\n<h2 class=\"m-article-header__sub-headline\">Num comunicado, Schumer, de Nova Iorque, disse que estava honrado por fazer avan\u00e7ar o partido \u201cdurante este per\u00edodo crucial para o nosso pa\u00eds\u201d.<\/h2>\n<figure class=\"a-photo m-article-header__photo\"><figcaption class=\"a-photo__caption\">\n<p>\tSenadores, a partir da esquerda, a senadora Elizabeth Warren, D-Mass., a senadora Amy Klobuchar, D-Minn., o l\u00edder da maioria no Senado Chuck Schumer de NY, o senador Dick Durbin, D-Ill., e a senadora Tammy Baldwin, D -Wis., Re\u00fana-se ap\u00f3s as elei\u00e7\u00f5es de lideran\u00e7a democrata no Senado para a pr\u00f3xima sess\u00e3o do Congresso no Capit\u00f3lio, ter\u00e7a-feira, 3 de dezembro de 2024, em Washington. <em> AP Foto\/Mark Schiefelbein<\/em>\t<\/figcaption><\/figure>\n<div class=\"m-article-header__meta\">\n<div class=\"m-article-header__byline\">\n<p class=\"m-article-header__author\">\n<p>\t\t\t\t\t\t\t\tPor MARY CLARE JALONICK, Associated Press\t\t\t\t\t\t\t<\/p>\n<p>\t\t\t\t\t\t\t\t\t\t\t\t\t\t\t<time class=\"m-article-header__date\"><\/p>\n<p>\t\t\t\t\t\t\t\t\t3 de dezembro de 2024 | 15h13\t\t\t\t\t\t\t\t<\/time><\/p><\/div>\n<\/p><\/div>\n<\/header>\n<p>WASHINGTON (AP) \u2013 Os democratas do Senado reelegeram Chuck Schumer como l\u00edder do partido na ter\u00e7a-feira, enquanto o partido caminha para um momento profundamente incerto, sem consenso real sobre uma estrat\u00e9gia enquanto o presidente eleito Donald Trump se prepara para assumir o cargo.<\/p>\n<p>Schumer n\u00e3o enfrentou oposi\u00e7\u00e3o nas elei\u00e7\u00f5es de lideran\u00e7a do partido, nas quais o senador Dick Durbin de Illinois tamb\u00e9m foi reeleito para o segundo lugar e a senadora de Minnesota Amy Klobuchar se tornou a nova terceira. ele teve a honra de fazer o partido avan\u00e7ar \u201cdurante este per\u00edodo crucial para o nosso pa\u00eds\u201d.<\/p>\n<p>\u201cNossa prefer\u00eancia \u00e9 garantir solu\u00e7\u00f5es bipartid\u00e1rias sempre que poss\u00edvel e procurar maneiras de colaborar com nossos colegas republicanos para ajudar as fam\u00edlias trabalhadoras\u201d, disse Schumer. \u201cNo entanto, os nossos colegas republicanos n\u00e3o devem cometer erros sobre isso, sempre defenderemos os nossos valores.\u201d<\/p>\n<p>Embora Schumer continue popular entre os seus colegas, este \u00e9 um momento sombrio para os democratas do Senado, que esperavam poder deter a maioria pela terceira elei\u00e7\u00e3o consecutiva. Em vez disso, perderam quatro assentos e ficar\u00e3o em minoria, 53-47, quando Trump tomar posse e pressionar o Senado para confirmar rapidamente os seus nomeados para o Gabinete.<\/p>\n<p>Ao contr\u00e1rio de h\u00e1 oito anos, quando a oposi\u00e7\u00e3o \u00e0 vit\u00f3ria eleitoral de Trump alimentou o entusiasmo no seu partido, os legisladores democratas e muitos dos seus eleitores est\u00e3o exaustos e \u00e0 procura de respostas.<\/p>\n<p>At\u00e9 agora, os Democratas t\u00eam permanecido relativamente calados sobre as nomea\u00e7\u00f5es e planos de Trump para o cargo \u2013 um forte contraste com a forte oposi\u00e7\u00e3o a Trump quando este foi eleito h\u00e1 oito anos. Schumer se recusou a comentar detalhes espec\u00edficos de quaisquer indicados, permitindo em vez disso que a rea\u00e7\u00e3o republicana dominasse a conversa.<\/p>\n<p>Na segunda-feira, Schumer escreveu uma carta p\u00fablica ao senador John Thune, da Dakota do Sul, o novo l\u00edder da maioria republicana, pedindo-lhe que resistisse \u00e0 press\u00e3o de Trump para permitir que ele nomeasse alguns de seus indicados sem vota\u00e7\u00e3o no Senado e insistisse em verifica\u00e7\u00f5es completas de antecedentes do FBI para todos os indicados. Mas ele disse pouco mais sobre a pr\u00f3xima presid\u00eancia de Trump.<\/p>\n<p>Embora alguns tenham sido mais agressivos \u2013 a senadora de Washington Patty Murray, presidente do Comit\u00ea de Sa\u00fade, Trabalho, Educa\u00e7\u00e3o e Pens\u00f5es do Senado, disse que a nomea\u00e7\u00e3o de Robert Kennedy Jr. por Trump para liderar o Departamento de Sa\u00fade e Servi\u00e7os Humanos \u00e9 \u201cperigosa\u201d e \u201cnada a menos que haja desastre\u201d \u2013 v\u00e1rios senadores democratas dizem que est\u00e3o economizando energia e encontrando um foco.<\/p>\n<p>\u201cTodo mundo est\u00e1 esperando para ver neste momento\u201d, disse a senadora de Nevada Catherine Cortez Masto, que faz parte da equipe de lideran\u00e7a de Schumer. \u201cSob a administra\u00e7\u00e3o anterior de Trump, havia caos o tempo todo, o tempo todo. E eu acho que \u00e9 importante escolher suas batalhas.\u201d<\/p>\n<p>Ainda n\u00e3o est\u00e1 claro quais batalhas eles escolher\u00e3o. E os democratas t\u00eam opini\u00f5es divergentes sobre como combat\u00ea-los.<\/p>\n<p>O senador havaiano Brian Schatz, que tamb\u00e9m est\u00e1 na lideran\u00e7a democrata, diz que \u201cqualquer pessoa que tenha uma grande estrat\u00e9gia \u00e9 cheia de porcaria\u201d, mas acha que os democratas, por enquanto, \u201cprecisam manter as coisas simples\u201d.<\/p>\n<p>\u201cPrecisamos falar sobre as pessoas, proteg\u00ea-las, defend\u00ea-las\u201d, disse Schatz. \u201cN\u00e3o fale sobre proteger as institui\u00e7\u00f5es. N\u00e3o fale sobre defender institui\u00e7\u00f5es. N\u00e3o \u00e9 apenas uma mudan\u00e7a ret\u00f3rica, mas uma mudan\u00e7a de atitude. Temos que nos lembrar que n\u00e3o estamos lutando por programas e projetos e itens de linha e ag\u00eancias ou normas. Estamos lutando pelas pessoas.\u201d<\/p>\n<p>O senador da Virg\u00ednia, Mark Warner, disse que passou muito tempo refletindo e \u201cn\u00e3o acho que algu\u00e9m possa afirmar que esta foi uma elei\u00e7\u00e3o pol\u00edtica\u201d, e os democratas precisam olhar para as quest\u00f5es culturais. O senador da Pensilv\u00e2nia, John Fetterman, diz que os democratas s\u00f3 precisam \u201ccontrolar o ritmo\u201d e evitar o \u201csurto massivo\u201d do \u00faltimo mandato de Trump.<\/p>\n<p>Os democratas deveriam estar se preparando, diz o senador de Connecticut Richard Blumenthal. Ele diz que Schumer est\u00e1 escolhendo suas batalhas \u201cde forma muito cuidadosa e estrat\u00e9gica\u201d.<\/p>\n<p>\u201cEstamos pensando em como nos proteger contra o uso do FBI ou da autoridade de acusa\u00e7\u00e3o do Departamento de Justi\u00e7a para retalia\u00e7\u00e3o contra os cr\u00edticos\u201d, disse Blumenthal. \u201cComo elevamos essas quest\u00f5es de uma forma que o povo americano as entenda.\u201d<\/p>\n<p>Os democratas conhecem melhor agora, depois de oito anos, \u201cos desafios extraordin\u00e1rios que vamos enfrentar\u201d, disse Blumenthal.<\/p>\n<div class=\"m-block m-generic-cta\t m-generic-cta--post-content\t m-generic-cta--dark\t m-generic-cta--homepage\t m-generic-cta--email-signup\t\t m-generic-cta-block-style--default \tt-amp__generic-cta\"><\/p>\n<div class=\"m-generic-cta__wrap\">\n<div class=\"m-generic-cta__content\">\n<h3 class=\"m-generic-cta__title\">Alertas extras de not\u00edcias<\/h3>\n<p class=\"m-generic-cta__subtitle\">Receba as \u00faltimas atualiza\u00e7\u00f5es conforme elas acontecem.<\/p>\n<\/p><\/div>\n<\/p><\/div>\n<\/div><\/div>\n<p><script>\n\t\tvar consent=\"grant\";\n\t\t\/* The above code is parsing the JSON data from the local storage and storing it in a variable. *\/\n\t\t\t\t\tconst onetrustStorageConsent = JSON.parse(localStorage.getItem( 'consent_one_trust_bdc' ) );\n\t\t\tif ( ( onetrustStorageConsent !== null ) ) {\n\t\t\t\t\/* Checking to see if the user has consented to the use of cookies.\n\t\t\t\t* If they have not, it is deleting the cookie.\n\t\t\t\t* This will comment for now, until further notice.\n\t\t\t\t*\/\n\t\t\t\t\/\/if ( onetrustStorageConsent.C0002 === false ) {\n\t\t\t\t\/\/\tdocument.cookie=\"_fbp=;expires=Thu, 01 Jan 2010 00:00:00 UTC; path=\/; domain=.boston.com\";\n\t\t\t\t\/\/}\n\t\t\t\t\/* Checking if the user has given consent for the cookie C0002.\n\t\t\t\t* If the user has given consent, the variable consent will be set to 'grant'.\n\t\t\t\t* If the user has not given consent,the variable consent will be set to 'revoke'.\n\t\t\t\t* Documentation https:\/\/developers.facebook.com\/docs\/meta-pixel\/implementation\/gdpr\n\t\t\t\t*\/\n\t\t\t\tif ( onetrustStorageConsent.C0002 !== true ) {\n\t\t\t\t\tconsent=\"revoke\";\n\t\t\t\t}\n\t\t\t}\n\t\t\t\t!function(f,b,e,v,n,t,s)\n\t\t{if(f.fbq)return;n=f.fbq=function(){n.callMethod?\n\t\tn.callMethod.apply(n,arguments):n.queue.push(arguments)};\n\t\tif(!f._fbq)f._fbq=n;n.push=n;n.loaded=!0;n.version='2.0';\n\t\tn.queue=[];t=b.createElement(e);t.async=!0;\n\t\tt.src=v;s=b.getElementsByTagName(e)[0];\n\t\ts.parentNode.insertBefore(t,s)}(window, document,'script',\n\t\t'https:\/\/connect.facebook.net\/en_US\/fbevents.js');\n\t\tfbq('consent', consent);\n\t\tfbq('init', '989222871864976');\n\t\tfbq('track', 'PageView');\n\t<\/script><script type=\"module\">\n\t\tvar consent=\"grant\";\n\t\t\/* The above code is parsing the JSON data from the local storage and storing it in a variable. *\/\n\t\t\tconst onetrustStorageConsent = JSON.parse(localStorage.getItem( 'consent_one_trust_bdc' ) );\n\t\t\t\/* Checking to see if the user has consented to the use of cookies.\n\t\t\t* If they have not, it is deleting the cookie.\n\t\t\t* This will comment for now, until further notice.\n\t\t\t*\/\n\t\t\t\/\/if ( onetrustStorageConsent.C0002 === false ) {\n\t\t\t\/\/\tdocument.cookie=\"_fbp=;expires=Thu, 01 Jan 2010 00:00:00 UTC; path=\/; domain=.boston.com\";\n\t\t\t\/\/}\n\t\t\t\/* Checking if the user has given consent for the cookie C0002.\n\t\t\t* If the user has given consent, the variable consent will be set to 'grant'.\n\t\t\t* If the user has not given consent,the variable consent will be set to 'revoke'.\n\t\t\t* Documentation https:\/\/developers.facebook.com\/docs\/meta-pixel\/implementation\/gdpr\n\t\t\t*\/\n\t\t\tif ( ( onetrustStorageConsent !== null ) && (onetrustStorageConsent.C0002 !== true ) ) {\n\t\t\t\tconsent=\"revoke\";\n\t\t\t}\n\t\t\t\t!function(f,b,e,v,n,t,s){if(f.fbq)return;n=f.fbq=function()\n\t\t{n.callMethod? n.callMethod.apply(n,arguments):n.queue.push(arguments)}\n\t\t;if(!f._fbq)f._fbq=n;\n\t\tn.push=n;n.loaded=!0;n.version='2.0';n.queue=[];t=b.createElement(e);t.async=!0;\n\t\tt.src=v;s=b.getElementsByTagName(e)[0];s.parentNode.insertBefore(t,s)}(window,\n\t\tdocument,'script','https:\/\/connect.facebook.net\/en_US\/fbevents.js');\n\t\tfbq('consent', consent);\n\t\tfbq('init', '813236348753005');\n\t\tfbq('track', \"PageView\");\n\t<\/script><br \/>\n<br \/><br \/>\n<br \/><a href=\"https:\/\/www.boston.com\/news\/politics\/2024\/12\/03\/democrats-schumer-leader-strategy-countering-trump-far-less-certain\/\">Source link <\/a><\/p>","protected":false},"excerpt":{"rendered":"<p>Pol\u00edtica Num comunicado, Schumer, de Nova Iorque, disse que estava honrado por fazer avan\u00e7ar o partido \u201cdurante este per\u00edodo crucial para o nosso pa\u00eds\u201d. Senadores, a partir da esquerda, a&hellip;<\/p>","protected":false},"author":1,"featured_media":70128,"comment_status":"closed","ping_status":"open","sticky":false,"template":"","format":"standard","meta":{"content-type":"","footnotes":""},"categories":[1],"tags":[],"class_list":["post-70127","post","type-post","status-publish","format-standard","has-post-thumbnail","hentry","category-uncategorized"],"_links":{"self":[{"href":"https:\/\/tvbrazilusa.com\/pt\/wp-json\/wp\/v2\/posts\/70127","targetHints":{"allow":["GET"]}}],"collection":[{"href":"https:\/\/tvbrazilusa.com\/pt\/wp-json\/wp\/v2\/posts"}],"about":[{"href":"https:\/\/tvbrazilusa.com\/pt\/wp-json\/wp\/v2\/types\/post"}],"author":[{"embeddable":true,"href":"https:\/\/tvbrazilusa.com\/pt\/wp-json\/wp\/v2\/users\/1"}],"replies":[{"embeddable":true,"href":"https:\/\/tvbrazilusa.com\/pt\/wp-json\/wp\/v2\/comments?post=70127"}],"version-history":[{"count":1,"href":"https:\/\/tvbrazilusa.com\/pt\/wp-json\/wp\/v2\/posts\/70127\/revisions"}],"predecessor-version":[{"id":70129,"href":"https:\/\/tvbrazilusa.com\/pt\/wp-json\/wp\/v2\/posts\/70127\/revisions\/70129"}],"wp:featuredmedia":[{"embeddable":true,"href":"https:\/\/tvbrazilusa.com\/pt\/wp-json\/wp\/v2\/media\/70128"}],"wp:attachment":[{"href":"https:\/\/tvbrazilusa.com\/pt\/wp-json\/wp\/v2\/media?parent=70127"}],"wp:term":[{"taxonomy":"category","embeddable":true,"href":"https:\/\/tvbrazilusa.com\/pt\/wp-json\/wp\/v2\/categories?post=70127"},{"taxonomy":"post_tag","embeddable":true,"href":"https:\/\/tvbrazilusa.com\/pt\/wp-json\/wp\/v2\/tags?post=70127"}],"curies":[{"name":"wp","href":"https:\/\/api.w.org\/{rel}","templated":true}]}}