{"id":70155,"date":"2024-12-03T20:48:31","date_gmt":"2024-12-03T20:48:31","guid":{"rendered":"https:\/\/tvbrazilusa.com\/2024\/12\/03\/uma-nova-escola-secundaria-em-massachusetts-atende-especificamente-estudantes-lgbtq-aqui-esta-o-que-voce-deve-saber\/"},"modified":"2024-12-03T20:56:34","modified_gmt":"2024-12-03T20:56:34","slug":"uma-nova-escola-secundaria-em-massachusetts-atende-especificamente-estudantes-lgbtq-aqui-esta-o-que-voce-deve-saber","status":"publish","type":"post","link":"https:\/\/tvbrazilusa.com\/pt\/2024\/12\/03\/uma-nova-escola-secundaria-em-massachusetts-atende-especificamente-estudantes-lgbtq-aqui-esta-o-que-voce-deve-saber\/","title":{"rendered":"Uma nova escola secund\u00e1ria em Massachusetts atende especificamente estudantes LGBTQ+. Aqui est\u00e1 o que voc\u00ea deve saber."},"content":{"rendered":"<p> <script async src=\"https:\/\/pagead2.googlesyndication.com\/pagead\/js\/adsbygoogle.js?client=ca-pub-8864793242727901\"\r\n     crossorigin=\"anonymous\"><\/script><br \/>\n<\/p>\n<div id=\"\">\n<header class=\"m-article-header m-article-header--standard\">\n\t\t\t\t\t\t\t\t\t\t\t\t<span id=\"article-header-primary-term\"><br \/>\n\t\t\t\t\t\t\t\t<a class=\"a-term a-term--primary\" href=\"https:\/\/www.boston.com\/tag\/education\/\"><\/p>\n<p>\t\t\t\t\t\t\t\tEduca\u00e7\u00e3o\t\t\t\t\t\t\t\t<\/a><br \/>\n\t\t\t\t\t\t\t<\/span><\/p>\n<h2 class=\"m-article-header__sub-headline\">\u201cExistem muitas escolas em todo o pa\u00eds que acolhem a comunidade LGBTQIA, mas n\u00e3o se concentram apenas nas necessidades e desejos da comunidade\u201d, disse a cofundadora da JS Bryant School, Allison Druin.<\/h2>\n<figure class=\"a-photo m-article-header__photo\"><figcaption class=\"a-photo__caption\">\n<p>\tA cofundadora da JS Bryant School, Allison Druin, est\u00e1 com seu filho, Atlas Bederson, do lado de fora do campus de aprendizagem e bem-estar da escola em Cummington.<em> Foto de cortesia\/Ben Bederson<\/em>\t<\/figcaption><\/figure>\n<\/header>\n<p>Quando o <a href=\"https:\/\/www.jsbryantschool.org\/\" target=\"_blank\" rel=\"noreferrer noopener\">Escola JS Bryant<\/a> abrir suas portas no pr\u00f3ximo outono, dezenas de adolescentes LGBTQ+ encontrar\u00e3o um ref\u00fagio seguro entre os campi duplos da escola particular no sop\u00e9 de Berkshires.<\/p>\n<p>Mas quando os cofundadores Allison Druin e Ben Bederson conceberam a escola pela primeira vez, eles tinham apenas um filho em mente: o filho deles, que \u00e9 transg\u00eanero. <\/p>\n<p>\u201cEle estava passando por dificuldades e, por isso, procur\u00e1vamos uma escola que n\u00e3o apenas pudesse apoi\u00e1-lo no que ele precisava educacionalmente, bem como com ansiedade, mas tamb\u00e9m celebrasse quem ele \u00e9 na comunidade LGBTQIA\u201d, lembrou Druin. &#8220;E [we] n\u00e3o consegui encontrar.\u201d<\/p>\n<p>Eles idealizaram uma escola secund\u00e1ria terap\u00eautica privada que atenderia especificamente a adolescentes LGBTQ+, n\u00e3o apenas atendendo \u00e0s necessidades educacionais e de bem-estar, mas tamb\u00e9m celebrando os alunos como seu filho.<\/p>\n<p>\u201cEst\u00e1vamos em uma jornada familiar para apoi\u00e1-lo e isso se transformou em uma miss\u00e3o profissional, na verdade\u201d, explicou Druin, que tamb\u00e9m atua como diretor da escola. <\/p>\n<div class=\"m-block t-amp__list-container m-article-list-container m-article-list-container--frame-border a-border-frame  a-list-header__headline--red m-article-list--alternative--default  m-article-list--floated\">\n<ul class=\"t-amp__list a-list--no-style m-article-list m-article-list--recirculation m-article-list--has-images\">\n<li class=\"m-article-list__item m-article-list__item--featured\">\n\t\t\t<a class=\"m-article-list__link-wrapper\" href=\"https:\/\/www.boston.com\/news\/education\/2024\/11\/27\/trump-mass-deportations-educators-worry-fear-immigrants-kids-school\/?p1=article_recirc_inline_feature\" data-p1=\"article_recirc_inline_feature\"><br \/>\n\t\t\t\t<img loading=\"lazy\" decoding=\"async\" width=\"768\" height=\"432\" src=\"https:\/\/bdc2020.o0bc.com\/wp-content\/uploads\/2024\/11\/AP24331689285821-67471c0dae68d-768x432.jpg\" class=\"t-amp__list-image m-article-list__image m-article-list__image--full\" alt=\"Uma bandeira americana est\u00e1 pendurada em uma sala de aula enquanto os alunos trabalham em laptops.\" aria-hidden=\"true\" srcset=\"https:\/\/bdc2020.o0bc.com\/wp-content\/uploads\/2024\/11\/AP24331689285821-67471c0dae68d-768x432.jpg?width=200 200w, https:\/\/bdc2020.o0bc.com\/wp-content\/uploads\/2024\/11\/AP24331689285821-67471c0dae68d-768x432.jpg?width=300 300w, https:\/\/bdc2020.o0bc.com\/wp-content\/uploads\/2024\/11\/AP24331689285821-67471c0dae68d-768x432.jpg?width=400 400w, https:\/\/bdc2020.o0bc.com\/wp-content\/uploads\/2024\/11\/AP24331689285821-67471c0dae68d-768x432.jpg?width=500 500w, https:\/\/bdc2020.o0bc.com\/wp-content\/uploads\/2024\/11\/AP24331689285821-67471c0dae68d-768x432.jpg?width=600 600w, https:\/\/bdc2020.o0bc.com\/wp-content\/uploads\/2024\/11\/AP24331689285821-67471c0dae68d-768x432.jpg?width=700 700w, https:\/\/bdc2020.o0bc.com\/wp-content\/uploads\/2024\/11\/AP24331689285821-67471c0dae68d-768x432.jpg?width=800 800w, https:\/\/bdc2020.o0bc.com\/wp-content\/uploads\/2024\/11\/AP24331689285821-67471c0dae68d-768x432.jpg?width=900 900w\" sizes=\"auto, (max-width: 768px) 100vw, 768px\"\/>\t\t\t\t\t<\/p>\n<p><h4 class=\"m-article-list__headline t-amp__list-headline\">\n\t\t\t\t\t\t\t<span class=\"m-article-list__link a-link a-link--inline a-link--text-link a-link--text-link-dark\"><\/p>\n<p>\t\t\t\t\t\t\tTrump prometeu deporta\u00e7\u00f5es em massa. Os educadores temem que o medo impe\u00e7a os filhos dos imigrantes de irem \u00e0 escola.\t\t\t\t\t\t\t<\/span><br \/>\n\t\t\t\t\t\t<\/h4>\n<\/p>\n<p>\t\t\t\t<\/a>\n\t\t\t<\/li>\n<li class=\"m-article-list__item\">\n\t\t\t\t\t<a class=\"m-article-list__link-wrapper\" href=\"https:\/\/www.boston.com\/news\/education\/2024\/11\/26\/marblehead-beverly-educators-end-weeks-long-strike\/?p1=article_recirc_inline_feed\" data-p1=\"article_recirc_inline_feed\"><\/p>\n<p><h4 class=\"m-article-list__headline\">\n\t\t\t\t\t\t\t\t\t<span class=\"m-article-list__link a-link a-link--inline a-link--text-link a-link--text-link-dark\"><\/p>\n<p>\t\t\t\t\t\t\t\t\tEducadores de Marblehead e Beverly encerram greve de semanas\t\t\t\t\t\t\t\t\t<\/span><br \/>\n\t\t\t\t\t\t\t\t<\/h4>\n<\/p>\n<p>\t\t\t\t\t\t<\/a>\n\t\t\t\t\t<\/li>\n<\/ul>\n<\/div>\n<p>A JS Bryant School ser\u00e1 inaugurada em 2025 no local do antigo Cummington Inn, com um campus agr\u00edcola separado localizado a poucos minutos daqui para aprendizagem experiencial. A escola se autodenomina a primeira escola secund\u00e1ria terap\u00eautica privada e sem fins lucrativos do pa\u00eds, dedicada exclusivamente \u00e0s necessidades dos alunos LGBTQ+ do ensino m\u00e9dio.<\/p>\n<p>\u201cExistem muitas escolas em todo o pa\u00eds que acolhem a comunidade LGBTQIA, mas n\u00e3o se concentram apenas nas necessidades e desejos da comunidade\u201d, explicou Druin. \u201cE muitos deles n\u00e3o t\u00eam nenhum ou muitos funcion\u00e1rios na comunidade, que possam servir de modelo para essas crian\u00e7as.\u201d<\/p>\n<p>Ela e Bederson t\u00eam forma\u00e7\u00e3o em educa\u00e7\u00e3o, conforme biografias no site da escola. Druin, que mais recentemente atuou como vice-reitor de pesquisa e parcerias estrat\u00e9gicas no Pratt Institute de Nova York, foi cofundador de tr\u00eas escolas de ensino m\u00e9dio. <\/p>\n<p>\u201cA ideia [for the J.S. Bryant School] realmente tomou conta h\u00e1 alguns anos\u201d, explicou ela. \u201cMesmo sabendo que n\u00e3o ir\u00edamos construir uma escola para o nosso filho, porque ele precisava de uma escola imediatamente, fizemos isso em homenagem ao nosso filho.\u201d<\/p>\n<p>A escola leva o nome de Julia Sands Bryant, cujo pai &#8211; o famoso poeta do s\u00e9culo 19 William Cullen Bryant &#8211; nasceu perto de Cummington e teve uma <a href=\"https:\/\/www.nps.gov\/places\/william-cullen-bryant-homestead.htm\" target=\"_blank\" rel=\"noreferrer noopener\">herdade<\/a> l\u00e1. Druin disse que a escola pode aceitar 38 alunos, com turmas variando em torno de sete a oito alunos por sala de aula. <\/p>\n<p>Eles receberam aprova\u00e7\u00e3o do Distrito Escolar Regional Central Berkshire para operar como escola particular e est\u00e3o buscando o credenciamento estadual como escola terap\u00eautica. De acordo com Druin, eles pretendem atender \u201cqualquer aluno que se beneficiaria de um ambiente terap\u00eautico de afirma\u00e7\u00e3o de g\u00eanero e de apoio LGBTQIA\u201d. <\/p>\n<p>\u201cMuitas dessas crian\u00e7as com quem conversamos se sentem isoladas\u201d, acrescentou ela. \u201cN\u00e3o apenas intimidados, mas apenas isolados \u2013 eles n\u00e3o t\u00eam pessoas que os entendam e querem fazer parte de um lugar onde todos exploram seu eu aut\u00eantico.\u201d <\/p>\n<figure class=\"wp-block-image size-full\"><img loading=\"lazy\" decoding=\"async\" width=\"2560\" height=\"1920\" src=\"https:\/\/bdc2020.o0bc.com\/wp-content\/uploads\/2024\/12\/IMG_5887-674f695371a45-scaled.jpeg\" alt=\"\" class=\"wp-image-32441039\" srcset=\"https:\/\/bdc2020.o0bc.com\/wp-content\/uploads\/2024\/12\/IMG_5887-674f695371a45-scaled.jpeg?width=200 200w, https:\/\/bdc2020.o0bc.com\/wp-content\/uploads\/2024\/12\/IMG_5887-674f695371a45-scaled.jpeg?width=300 300w, https:\/\/bdc2020.o0bc.com\/wp-content\/uploads\/2024\/12\/IMG_5887-674f695371a45-scaled.jpeg?width=400 400w, https:\/\/bdc2020.o0bc.com\/wp-content\/uploads\/2024\/12\/IMG_5887-674f695371a45-scaled.jpeg?width=500 500w, https:\/\/bdc2020.o0bc.com\/wp-content\/uploads\/2024\/12\/IMG_5887-674f695371a45-scaled.jpeg?width=600 600w, https:\/\/bdc2020.o0bc.com\/wp-content\/uploads\/2024\/12\/IMG_5887-674f695371a45-scaled.jpeg?width=700 700w, https:\/\/bdc2020.o0bc.com\/wp-content\/uploads\/2024\/12\/IMG_5887-674f695371a45-scaled.jpeg?width=800 800w, https:\/\/bdc2020.o0bc.com\/wp-content\/uploads\/2024\/12\/IMG_5887-674f695371a45-scaled.jpeg?width=900 900w\" sizes=\"auto, (max-width: 2560px) 100vw, 2560px\"\/><figcaption class=\"wp-element-caption\">Uma das salas de bem-estar da Escola JS Bryant. <i> \u2013 Foto de cortesia\/Ben Bederson<\/i><\/figcaption><\/figure>\n<p>Druin descreveu uma programa\u00e7\u00e3o di\u00e1ria que permitir\u00e1 aos alunos se envolverem com o ambiente ao seu redor por meio de aprendizagem baseada em locais e projetos, completa com clubes de bem-estar e sess\u00f5es de terapia adaptadas \u00e0s necessidades individuais de cada aluno e sua fam\u00edlia. A Escola JS Bryant ter\u00e1 um curr\u00edculo de 12 meses, com intervalos de duas semanas a cada oito semanas, explicou Druin. <\/p>\n<p>N\u00e3o passou despercebido para ela que a inaugura\u00e7\u00e3o da escola ocorre durante um per\u00edodo de turbul\u00eancia pol\u00edtica para jovens gays e trans. Por exemplo, 118.300 jovens trans com idades entre 13 e 17 anos viviam em estados que proibiram cuidados de afirma\u00e7\u00e3o de g\u00eanero a partir de agosto, de acordo com o grupo de defesa LGBTQ+, o <a href=\"https:\/\/www.hrc.org\/resources\/attacks-on-gender-affirming-care-by-state-map\" target=\"_blank\" rel=\"noreferrer noopener\">Campanha de Direitos Humanos<\/a>. O presidente eleito Donald Trump <a href=\"https:\/\/www.bostonglobe.com\/2024\/11\/27\/metro\/transgender-trans-trump-lgbtq-id\/\" target=\"_blank\" rel=\"noreferrer noopener\">ret\u00f3rica anti-trans<\/a> gerou preocupa\u00e7\u00f5es at\u00e9 mesmo em Massachusetts, que oferece prote\u00e7\u00f5es relativamente fortes para seus residentes LGBTQ+. <\/p>\n<p>\u201cO que esperamos \u00e9 poder ajudar as pessoas a compreender que n\u00e3o \u00e9 certo que algu\u00e9m seja intimidado, traumatizado ou assediado apenas por causa de quem querem ser ou de quem querem amar\u201d, disse Druin. <\/p>\n<p>Ela observou que a Escola JS Bryant ouviu falar de v\u00e1rias fam\u00edlias que moram fora do estado, mas est\u00e3o pensando em se mudar para melhor sustentar seus filhos. <\/p>\n<p>\u201cVivemos em tempos dif\u00edceis e tem sido uma longa hist\u00f3ria de tempos dif\u00edceis\u201d, disse Druin. \u201cE ent\u00e3o, se pudermos fazer parte daquilo que ajuda as pessoas a sentirem que podem fazer parte de uma comunidade, tanto melhor.\u201d<\/p>\n<div class=\"o-author-single has-avatar\">\n<header class=\"m-author-card\">\n<div class=\"a-image a-image--square m-author-card__image\">\n\t\t<img decoding=\"async\" class=\"\" src=\"https:\/\/www.boston.com\/wp-content\/uploads\/2024\/10\/cropped-Patkin-Headshot-66fea67b66dd2-scaled-1-66fea6a1c6f25.jpg\" alt=\"Imagem do perfil de Abby Patkin\"\/>\t<\/div>\n<\/header>\n<section class=\"author-info\">\n<div class=\"m-author__section\">\n<p>Abby Patkin \u00e9 uma rep\u00f3rter de not\u00edcias gerais cujo trabalho aborda transporte p\u00fablico, crime, sa\u00fade e tudo mais.<\/p>\n<\/div>\n<\/section>\n<\/div>\n<div class=\"m-block m-generic-cta\t m-generic-cta--post-content\t m-generic-cta--dark\t m-generic-cta--homepage\t m-generic-cta--email-signup\t\t m-generic-cta-block-style--default \tt-amp__generic-cta\"><\/p>\n<div class=\"m-generic-cta__wrap\">\n<div class=\"m-generic-cta__content\">\n<h3 class=\"m-generic-cta__title\">Boston.com hoje<\/h3>\n<p class=\"m-generic-cta__subtitle\">Inscreva-se para receber as \u00faltimas manchetes em sua caixa de entrada todas as manh\u00e3s.<\/p>\n<\/p><\/div>\n<\/p><\/div>\n<\/div><\/div>\n<p><script>\n\t\tvar consent=\"grant\";\n\t\t\/* The above code is parsing the JSON data from the local storage and storing it in a variable. *\/\n\t\t\t\t\tconst onetrustStorageConsent = JSON.parse(localStorage.getItem( 'consent_one_trust_bdc' ) );\n\t\t\tif ( ( onetrustStorageConsent !== null ) ) {\n\t\t\t\t\/* Checking to see if the user has consented to the use of cookies.\n\t\t\t\t* If they have not, it is deleting the cookie.\n\t\t\t\t* This will comment for now, until further notice.\n\t\t\t\t*\/\n\t\t\t\t\/\/if ( onetrustStorageConsent.C0002 === false ) {\n\t\t\t\t\/\/\tdocument.cookie=\"_fbp=;expires=Thu, 01 Jan 2010 00:00:00 UTC; path=\/; domain=.boston.com\";\n\t\t\t\t\/\/}\n\t\t\t\t\/* Checking if the user has given consent for the cookie C0002.\n\t\t\t\t* If the user has given consent, the variable consent will be set to 'grant'.\n\t\t\t\t* If the user has not given consent,the variable consent will be set to 'revoke'.\n\t\t\t\t* Documentation https:\/\/developers.facebook.com\/docs\/meta-pixel\/implementation\/gdpr\n\t\t\t\t*\/\n\t\t\t\tif ( onetrustStorageConsent.C0002 !== true ) {\n\t\t\t\t\tconsent=\"revoke\";\n\t\t\t\t}\n\t\t\t}\n\t\t\t\t!function(f,b,e,v,n,t,s)\n\t\t{if(f.fbq)return;n=f.fbq=function(){n.callMethod?\n\t\tn.callMethod.apply(n,arguments):n.queue.push(arguments)};\n\t\tif(!f._fbq)f._fbq=n;n.push=n;n.loaded=!0;n.version='2.0';\n\t\tn.queue=[];t=b.createElement(e);t.async=!0;\n\t\tt.src=v;s=b.getElementsByTagName(e)[0];\n\t\ts.parentNode.insertBefore(t,s)}(window, document,'script',\n\t\t'https:\/\/connect.facebook.net\/en_US\/fbevents.js');\n\t\tfbq('consent', consent);\n\t\tfbq('init', '989222871864976');\n\t\tfbq('track', 'PageView');\n\t<\/script><script type=\"module\">\n\t\tvar consent=\"grant\";\n\t\t\/* The above code is parsing the JSON data from the local storage and storing it in a variable. *\/\n\t\t\tconst onetrustStorageConsent = JSON.parse(localStorage.getItem( 'consent_one_trust_bdc' ) );\n\t\t\t\/* Checking to see if the user has consented to the use of cookies.\n\t\t\t* If they have not, it is deleting the cookie.\n\t\t\t* This will comment for now, until further notice.\n\t\t\t*\/\n\t\t\t\/\/if ( onetrustStorageConsent.C0002 === false ) {\n\t\t\t\/\/\tdocument.cookie=\"_fbp=;expires=Thu, 01 Jan 2010 00:00:00 UTC; path=\/; domain=.boston.com\";\n\t\t\t\/\/}\n\t\t\t\/* Checking if the user has given consent for the cookie C0002.\n\t\t\t* If the user has given consent, the variable consent will be set to 'grant'.\n\t\t\t* If the user has not given consent,the variable consent will be set to 'revoke'.\n\t\t\t* Documentation https:\/\/developers.facebook.com\/docs\/meta-pixel\/implementation\/gdpr\n\t\t\t*\/\n\t\t\tif ( ( onetrustStorageConsent !== null ) && (onetrustStorageConsent.C0002 !== true ) ) {\n\t\t\t\tconsent=\"revoke\";\n\t\t\t}\n\t\t\t\t!function(f,b,e,v,n,t,s){if(f.fbq)return;n=f.fbq=function()\n\t\t{n.callMethod? n.callMethod.apply(n,arguments):n.queue.push(arguments)}\n\t\t;if(!f._fbq)f._fbq=n;\n\t\tn.push=n;n.loaded=!0;n.version='2.0';n.queue=[];t=b.createElement(e);t.async=!0;\n\t\tt.src=v;s=b.getElementsByTagName(e)[0];s.parentNode.insertBefore(t,s)}(window,\n\t\tdocument,'script','https:\/\/connect.facebook.net\/en_US\/fbevents.js');\n\t\tfbq('consent', consent);\n\t\tfbq('init', '813236348753005');\n\t\tfbq('track', \"PageView\");\n\t<\/script><br \/>\n<br \/><br \/>\n<br \/><a href=\"https:\/\/www.boston.com\/news\/education\/2024\/12\/03\/a-new-mass-high-school-is-catering-specifically-to-lgbtq-students-heres-what-to-know\/\">Source link <\/a><\/p>","protected":false},"excerpt":{"rendered":"<p>Educa\u00e7\u00e3o \u201cExistem muitas escolas em todo o pa\u00eds que acolhem a comunidade LGBTQIA, mas n\u00e3o se concentram apenas nas necessidades e desejos da comunidade\u201d, disse a cofundadora da JS Bryant&hellip;<\/p>","protected":false},"author":1,"featured_media":70156,"comment_status":"closed","ping_status":"open","sticky":false,"template":"","format":"standard","meta":{"content-type":"","footnotes":""},"categories":[1],"tags":[],"class_list":["post-70155","post","type-post","status-publish","format-standard","has-post-thumbnail","hentry","category-uncategorized"],"_links":{"self":[{"href":"https:\/\/tvbrazilusa.com\/pt\/wp-json\/wp\/v2\/posts\/70155","targetHints":{"allow":["GET"]}}],"collection":[{"href":"https:\/\/tvbrazilusa.com\/pt\/wp-json\/wp\/v2\/posts"}],"about":[{"href":"https:\/\/tvbrazilusa.com\/pt\/wp-json\/wp\/v2\/types\/post"}],"author":[{"embeddable":true,"href":"https:\/\/tvbrazilusa.com\/pt\/wp-json\/wp\/v2\/users\/1"}],"replies":[{"embeddable":true,"href":"https:\/\/tvbrazilusa.com\/pt\/wp-json\/wp\/v2\/comments?post=70155"}],"version-history":[{"count":1,"href":"https:\/\/tvbrazilusa.com\/pt\/wp-json\/wp\/v2\/posts\/70155\/revisions"}],"predecessor-version":[{"id":70157,"href":"https:\/\/tvbrazilusa.com\/pt\/wp-json\/wp\/v2\/posts\/70155\/revisions\/70157"}],"wp:featuredmedia":[{"embeddable":true,"href":"https:\/\/tvbrazilusa.com\/pt\/wp-json\/wp\/v2\/media\/70156"}],"wp:attachment":[{"href":"https:\/\/tvbrazilusa.com\/pt\/wp-json\/wp\/v2\/media?parent=70155"}],"wp:term":[{"taxonomy":"category","embeddable":true,"href":"https:\/\/tvbrazilusa.com\/pt\/wp-json\/wp\/v2\/categories?post=70155"},{"taxonomy":"post_tag","embeddable":true,"href":"https:\/\/tvbrazilusa.com\/pt\/wp-json\/wp\/v2\/tags?post=70155"}],"curies":[{"name":"wp","href":"https:\/\/api.w.org\/{rel}","templated":true}]}}