{"id":70160,"date":"2024-12-03T21:02:40","date_gmt":"2024-12-03T21:02:40","guid":{"rendered":"https:\/\/tvbrazilusa.com\/2024\/12\/03\/segundo-testemunhas-homem-jogado-da-ponte-por-policial-ficou-ferido-e-fugiu\/"},"modified":"2024-12-03T21:02:41","modified_gmt":"2024-12-03T21:02:41","slug":"segundo-testemunhas-homem-jogado-da-ponte-por-policial-ficou-ferido-e-fugiu","status":"publish","type":"post","link":"https:\/\/tvbrazilusa.com\/pt\/2024\/12\/03\/segundo-testemunhas-homem-jogado-da-ponte-por-policial-ficou-ferido-e-fugiu\/","title":{"rendered":"Segundo testemunhas, homem jogado da ponte por policial ficou ferido e fugiu"},"content":{"rendered":"<p> <script async src=\"https:\/\/pagead2.googlesyndication.com\/pagead\/js\/adsbygoogle.js?client=ca-pub-8864793242727901\"\r\n     crossorigin=\"anonymous\"><\/script><br \/>\n<\/p>\n<div id=\"taboola-read-more\" style=\"display:block; width:100%\">\n<p>O homem que foi jogado de uma ponte por um PM no c\u00f3rrego Cordeiro, em Vila Clara, na Zona Sul de S\u00e3o Paulo, conseguiu fugir para uma comunidade e n\u00e3o foi alcan\u00e7ado pela pol\u00edcia. A informa\u00e7\u00e3o foi dada por testemunhas \u00e0 reportagem da R\u00e1dio CBN.\n<\/p>\n<p>De acordo com os relatos, o homem estava fugindo da pol\u00edcia de moto e acabou caindo no ch\u00e3o pr\u00f3ximo \u00e0 ponte, por volta das 23h do \u00faltimo domingo (01).<\/p>\n<p>Naquele hor\u00e1rio, estava acontecendo um baile funk na rua, e o rapaz foi capturado por agentes da Rocam que estavam policiando a \u00e1rea &#8211; s\u00e3o eles que aparecem no v\u00eddeo. Depois de uma discuss\u00e3o com um dos PMs, ele acabou sendo jogado da ponte mesmo estando rendido.\n<\/p>\n<p>Ainda de acordo com testemunhas, o suspeito n\u00e3o teve ferimentos graves. Ele machucou a testa e continuou fugindo a p\u00e9, depois de escalar a encosta do c\u00f3rrego. Os agentes foram atr\u00e1s, mas n\u00e3o conseguiram alcan\u00e7\u00e1-lo, e o homem acabou escapando.\n<\/p>\n<p>Comerciantes disseram que os agentes voltaram para seus postos por mais algumas horas e por volta da uma da madrugada de segunda (02) encerraram a festa com bombas de efeito moral. Esses mesmos policiais, de acordo com um morador, j\u00e1 haviam agredido outro frequentador do baile horas antes dessa ocorr\u00eancia.\n<\/p>\n<p>Segundo informa\u00e7\u00f5es do Portal G1, a Corregedoria da Pol\u00edcia Militar afastou das ruas 13 policiais envolvidos direta ou indiretamente na ocorr\u00eancia. Dois sargentos e 11 cabos e soldados est\u00e3o sendo ouvidos sobre o caso e ficar\u00e3o afastados das ruas at\u00e9 o fim das investiga\u00e7\u00f5es. Enquanto isso, eles ir\u00e3o cumprir expediente na Corregedoria. Todos os policiais pertencem ao 24\u00ba Batalh\u00e3o da PM, localizado na cidade de Ademar.\n<\/p>\n<p>Fonte: CNN Brasil              <\/p>\n<\/div>\n<p><br \/>\n<br \/><a href=\"https:\/\/diariodobrasilnoticias.com.br\/noticia\/segundo-testemunhas-homem-jogado-da-ponte-por-policial-ficou-ferido-e-fugiu-674f4d73d5c06\">Source link <\/a><\/p>","protected":false},"excerpt":{"rendered":"<p>O homem que foi jogado de uma ponte por um PM no c\u00f3rrego Cordeiro, em Vila Clara, na Zona Sul de S\u00e3o Paulo, conseguiu fugir para uma comunidade e n\u00e3o&hellip;<\/p>","protected":false},"author":1,"featured_media":70161,"comment_status":"closed","ping_status":"open","sticky":false,"template":"","format":"standard","meta":{"content-type":"","footnotes":""},"categories":[16],"tags":[123,2448,5313,1267],"class_list":["post-70160","post","type-post","status-publish","format-standard","has-post-thumbnail","hentry","category-noticias","tag-brasil","tag-diario","tag-noticia","tag-noticias"],"_links":{"self":[{"href":"https:\/\/tvbrazilusa.com\/pt\/wp-json\/wp\/v2\/posts\/70160","targetHints":{"allow":["GET"]}}],"collection":[{"href":"https:\/\/tvbrazilusa.com\/pt\/wp-json\/wp\/v2\/posts"}],"about":[{"href":"https:\/\/tvbrazilusa.com\/pt\/wp-json\/wp\/v2\/types\/post"}],"author":[{"embeddable":true,"href":"https:\/\/tvbrazilusa.com\/pt\/wp-json\/wp\/v2\/users\/1"}],"replies":[{"embeddable":true,"href":"https:\/\/tvbrazilusa.com\/pt\/wp-json\/wp\/v2\/comments?post=70160"}],"version-history":[{"count":1,"href":"https:\/\/tvbrazilusa.com\/pt\/wp-json\/wp\/v2\/posts\/70160\/revisions"}],"predecessor-version":[{"id":70162,"href":"https:\/\/tvbrazilusa.com\/pt\/wp-json\/wp\/v2\/posts\/70160\/revisions\/70162"}],"wp:featuredmedia":[{"embeddable":true,"href":"https:\/\/tvbrazilusa.com\/pt\/wp-json\/wp\/v2\/media\/70161"}],"wp:attachment":[{"href":"https:\/\/tvbrazilusa.com\/pt\/wp-json\/wp\/v2\/media?parent=70160"}],"wp:term":[{"taxonomy":"category","embeddable":true,"href":"https:\/\/tvbrazilusa.com\/pt\/wp-json\/wp\/v2\/categories?post=70160"},{"taxonomy":"post_tag","embeddable":true,"href":"https:\/\/tvbrazilusa.com\/pt\/wp-json\/wp\/v2\/tags?post=70160"}],"curies":[{"name":"wp","href":"https:\/\/api.w.org\/{rel}","templated":true}]}}