{"id":70174,"date":"2024-12-03T21:15:39","date_gmt":"2024-12-03T21:15:39","guid":{"rendered":"https:\/\/tvbrazilusa.com\/2024\/12\/03\/ministros-de-lula-sao-exonerados-para-voltar-ao-congresso-entenda\/"},"modified":"2024-12-03T21:15:40","modified_gmt":"2024-12-03T21:15:40","slug":"ministros-de-lula-sao-exonerados-para-voltar-ao-congresso-entenda","status":"publish","type":"post","link":"https:\/\/tvbrazilusa.com\/pt\/2024\/12\/03\/ministros-de-lula-sao-exonerados-para-voltar-ao-congresso-entenda\/","title":{"rendered":"Ministros de Lula s\u00e3o exonerados para voltar ao Congresso; ENTENDA"},"content":{"rendered":"<p> <script async src=\"https:\/\/pagead2.googlesyndication.com\/pagead\/js\/adsbygoogle.js?client=ca-pub-8864793242727901\"\r\n     crossorigin=\"anonymous\"><\/script><br \/>\n<\/p>\n<div id=\"taboola-read-more\" style=\"display:block; width:100%\">\n<p>Ministros do governo de Luiz In\u00e1cio Lula da Silva (PT) foram exonerados temporariamente para participar das discuss\u00f5es or\u00e7ament\u00e1rias no Congresso Nacional.\n<\/p>\n<p>A medida, comum no fim do ano, visa a permitir que parlamentares eleitos cumpram suas fun\u00e7\u00f5es legislativas. Entre os exonerados est\u00e3o Andr\u00e9 Fufuca (Esporte), Carlos F\u00e1varo (Agricultura) e Celso Sabino (Turismo).<\/p>\n<p>Celso Sabino (Uni\u00e3o Brasil-PA) declarou que sua exonera\u00e7\u00e3o tem como objetivo sua presen\u00e7a em debates e vota\u00e7\u00f5es importantes, essenciais para representar os interesses dos munic\u00edpios paraenses no Or\u00e7amento Geral da Uni\u00e3o de 2025.\n<\/p>\n<p>\u201cCelso Sabino solicitou a exonera\u00e7\u00e3o tempor\u00e1ria do cargo de ministro do Turismo para reassumir o cargo de deputado federal, para assim permitir sua participa\u00e7\u00e3o em importantes debates e vota\u00e7\u00f5es no Congresso Nacional\u201d, afirmou, em comunicado.\n<\/p>\n<p>Carlos F\u00e1varo (PSD-MT) tamb\u00e9m confirmou que retornar\u00e1 ao Senado para indicar emendas parlamentares.\n<\/p>\n<p>Dino libera pagamento de emendas e estabelece regras ao Congresso Nacional\n<\/p>\n<p>Essa movimenta\u00e7\u00e3o ocorre depois de o ministro Fl\u00e1vio Dino, do Supremo Tribunal Federal (STF), liberar o pagamento de emendas, que estavam suspensas desde agosto.\n<\/p>\n<p>A tramita\u00e7\u00e3o das propostas or\u00e7ament\u00e1rias foi destravada nesta semana, permitindo avan\u00e7os nas negocia\u00e7\u00f5es. Os ministros devem retornar aos seus cargos nos pr\u00f3ximos dias.\n<\/p>\n<p>Com a decis\u00e3o de Dino, vota\u00e7\u00f5es interrompidas no Parlamento devem ser retomadas a partir de agora. Entre outros projetos urgentes na agenda apertada de deputados e senadores, que entram em recesso neste m\u00eas, est\u00e1 o pacote de redu\u00e7\u00e3o de gastos do governo e a Lei de Diretrizes Or\u00e7ament\u00e1rias (LDO).\n<\/p>\n<p>Embora tenha desbloqueado o repasse das verbas, Dino estabeleceu algumas regras de transpar\u00eancia. Veja:\n<\/p>\n<p>A partir de agora, as emendas de relator e de comiss\u00e3o est\u00e3o liberadas apenas com a identifica\u00e7\u00e3o dos parlamentares no Portal da Transpar\u00eancia;<br \/>\u201cEmendas Pix\u201d ser\u00e3o liberadas com a apresenta\u00e7\u00e3o de um \u201cplano de trabalho pr\u00e9vio\u201d;<br \/>As emendas anteriores a 2025 ter\u00e3o prazo de 60 dias para ser \u201csanada a aus\u00eancia de plano de trabalho\u201d.<br \/>Resumidamente, as emendas s\u00f3 ser\u00e3o liberadas com identifica\u00e7\u00e3o do parlamentar, um plano e contas espec\u00edficas. H\u00e1 13 dias, a C\u00e2mara aprovou regras para as emendas parlamentares.\n<\/p>\n<p>Conforme o projeto, as emendas de bancada s\u00f3 poder\u00e3o ser destinadas ao Estado da pr\u00f3pria bancada e, mesmo assim, devem atender a \u201cprojetos estruturantes\u201d, definidos pela LDO.\n<\/p>\n<p>Deputados e senadores do DF, por exemplo, n\u00e3o poder\u00e3o destinar recursos para outras unidades da Federa\u00e7\u00e3o, exceto em casos excepcionais, como calamidades p\u00fablicas.\n<\/p>\n<p>Cada bancada estadual ter\u00e1 direito de aprovar oito emendas.\n<\/p>\n<p>Fonte: Revista Oeste              <\/p>\n<\/div>\n<p><br \/>\n<br \/><a href=\"https:\/\/diariodobrasilnoticias.com.br\/noticia\/ministros-de-lula-sao-exonerados-para-voltar-ao-congresso-entenda-674f4f1a1ed78\">Source link <\/a><\/p>","protected":false},"excerpt":{"rendered":"<p>Ministros do governo de Luiz In\u00e1cio Lula da Silva (PT) foram exonerados temporariamente para participar das discuss\u00f5es or\u00e7ament\u00e1rias no Congresso Nacional. A medida, comum no fim do ano, visa a&hellip;<\/p>","protected":false},"author":1,"featured_media":70175,"comment_status":"closed","ping_status":"open","sticky":false,"template":"","format":"standard","meta":{"content-type":"","footnotes":""},"categories":[16],"tags":[123,2448,5313,1267],"class_list":["post-70174","post","type-post","status-publish","format-standard","has-post-thumbnail","hentry","category-noticias","tag-brasil","tag-diario","tag-noticia","tag-noticias"],"_links":{"self":[{"href":"https:\/\/tvbrazilusa.com\/pt\/wp-json\/wp\/v2\/posts\/70174","targetHints":{"allow":["GET"]}}],"collection":[{"href":"https:\/\/tvbrazilusa.com\/pt\/wp-json\/wp\/v2\/posts"}],"about":[{"href":"https:\/\/tvbrazilusa.com\/pt\/wp-json\/wp\/v2\/types\/post"}],"author":[{"embeddable":true,"href":"https:\/\/tvbrazilusa.com\/pt\/wp-json\/wp\/v2\/users\/1"}],"replies":[{"embeddable":true,"href":"https:\/\/tvbrazilusa.com\/pt\/wp-json\/wp\/v2\/comments?post=70174"}],"version-history":[{"count":1,"href":"https:\/\/tvbrazilusa.com\/pt\/wp-json\/wp\/v2\/posts\/70174\/revisions"}],"predecessor-version":[{"id":70176,"href":"https:\/\/tvbrazilusa.com\/pt\/wp-json\/wp\/v2\/posts\/70174\/revisions\/70176"}],"wp:featuredmedia":[{"embeddable":true,"href":"https:\/\/tvbrazilusa.com\/pt\/wp-json\/wp\/v2\/media\/70175"}],"wp:attachment":[{"href":"https:\/\/tvbrazilusa.com\/pt\/wp-json\/wp\/v2\/media?parent=70174"}],"wp:term":[{"taxonomy":"category","embeddable":true,"href":"https:\/\/tvbrazilusa.com\/pt\/wp-json\/wp\/v2\/categories?post=70174"},{"taxonomy":"post_tag","embeddable":true,"href":"https:\/\/tvbrazilusa.com\/pt\/wp-json\/wp\/v2\/tags?post=70174"}],"curies":[{"name":"wp","href":"https:\/\/api.w.org\/{rel}","templated":true}]}}