{"id":70184,"date":"2024-12-03T21:25:09","date_gmt":"2024-12-03T21:25:09","guid":{"rendered":"https:\/\/tvbrazilusa.com\/2024\/12\/03\/homem-de-nj-acusado-de-tiroteio-que-matou-1-e-feriu-outro\/"},"modified":"2024-12-03T21:27:17","modified_gmt":"2024-12-03T21:27:17","slug":"homem-de-nj-acusado-de-tiroteio-que-matou-1-e-feriu-outro","status":"publish","type":"post","link":"https:\/\/tvbrazilusa.com\/pt\/2024\/12\/03\/homem-de-nj-acusado-de-tiroteio-que-matou-1-e-feriu-outro\/","title":{"rendered":"Homem de NJ acusado de tiroteio que matou 1 e feriu outro"},"content":{"rendered":"<script async src=\"https:\/\/pagead2.googlesyndication.com\/pagead\/js\/adsbygoogle.js?client=ca-pub-8864793242727901\"\r\n     crossorigin=\"anonymous\"><\/script>\n<div>\n<p class=\"article__paragraph article__paragraph--left\" id=\"QNLHQE4BIVA65AAHSP5C24U52M\">Um homem foi preso em <a href=\"https:\/\/www.nj.com\/passaic-county\/2024\/11\/1-dead-another-injured-in-overnight-shooting-cops-say.html\" target=\"_blank\" rel=\"\" title=\"https:\/\/www.nj.com\/passaic-county\/2024\/11\/1-dead-another-injured-in-overnight-shooting-cops-say.html\">um tiroteio de manh\u00e3 cedo<\/a> do m\u00eas passado que deixou um morto e outro ferido. <\/p>\n<p class=\"article__paragraph article__paragraph--left\" id=\"QNGWZZZWXFE4VDYAUYO22M4LMY\">Robert Davis, 43, de Paterson, foi preso na segunda-feira. Ele \u00e9 acusado de homic\u00eddio, tentativa de homic\u00eddio e v\u00e1rios crimes com armas, disse o Minist\u00e9rio P\u00fablico do condado de Passaic em um comunicado \u00e0 imprensa.<\/p>\n<p class=\"article__paragraph article__paragraph--left\" id=\"WDRXPICLDZEW7LMH2GAOEXNYZU\">O tiroteio aconteceu em 12 de novembro, pouco antes das 4h, perto do cruzamento da Godwin Avenue com a Rosa Parks Boulevard em Paterson, disseram as autoridades. Os policiais que responderam ao local encontraram evid\u00eancias bal\u00edsticas, mas n\u00e3o localizaram nenhum suspeito ou v\u00edtima. <\/p>\n<p class=\"article__paragraph article__paragraph--left\" id=\"PYZZXZDS6VHARHKXGO7KQVNXAY\">Um acidente de carro foi ent\u00e3o relatado em frente ao Hospital Universit\u00e1rio St. Um dos ocupantes do carro, um homem de 27 anos de Paterson, deu entrada no hospital para tratamento de ferimentos \u00e0 bala, disseram os promotores.<\/p>\n<p class=\"article__paragraph article__paragraph--left\" id=\"CBYFQYXF6JEOFCZR7BANLCIZCQ\">Um homem de 21 anos de Staten Island foi encontrado no carro com v\u00e1rios ferimentos \u00e0 bala. Mais tarde, ele foi declarado morto, disseram as autoridades.<\/p>\n<p class=\"article__paragraph article__paragraph--left\" id=\"LYGH2O7SRFHPJI3S7D4PG6BY3I\">As autoridades n\u00e3o informaram como Davis foi identificado como o suposto atirador e n\u00e3o divulgaram a identidade da v\u00edtima.<\/p>\n<p class=\"article__paragraph article__paragraph--left\" id=\"LJKHCUYIGRHSPINX4DSRAN4VRM\">Os promotores entraram com uma mo\u00e7\u00e3o para manter Davis detido enquanto aguarda o julgamento. <\/p>\n<section class=\"Stories-By-Author-module_wrapper__ezbcK Stories-By-Author-module_nj__Ap1-Y\"\/>\n<p class=\"article__paragraph article__paragraph--left\" id=\"KQLTHWFJZBBCRCXXD3V64H2JQI\"><i>Nosso jornalismo precisa do seu apoio. Por favor, inscreva-se hoje para <\/i><a href=\"https:\/\/www.nj.com\/\"><i>NJ.com<\/i><\/a><i>.<\/i><\/p>\n<p class=\"article__paragraph article__paragraph--left\" id=\"HSWZIII5R5AEHAISCYRFICEF4U\"><i>Nicolas Fernandes pode ser contactado em <\/i><a href=\"https:\/\/www.nj.com\/passaic-county\/2024\/12\/mailto:nfernandes@njadvancemedia.com\"><i>nfernandes@njadvancemedia.com<\/i><\/a><i>.<\/i><\/p>\n<\/div>\n<p><br \/>\n<br \/><a href=\"https:\/\/www.nj.com\/passaic-county\/2024\/12\/nj-man-charged-in-shooting-that-killed-1-injured-another.html\">Source link <\/a><\/p>","protected":false},"excerpt":{"rendered":"<p>Um homem foi preso em um tiroteio de manh\u00e3 cedo do m\u00eas passado que deixou um morto e outro ferido. Robert Davis, 43, de Paterson, foi preso na segunda-feira. Ele&hellip;<\/p>","protected":false},"author":1,"featured_media":70185,"comment_status":"closed","ping_status":"open","sticky":false,"template":"","format":"standard","meta":{"content-type":"","footnotes":""},"categories":[1],"tags":[],"class_list":["post-70184","post","type-post","status-publish","format-standard","has-post-thumbnail","hentry","category-uncategorized"],"_links":{"self":[{"href":"https:\/\/tvbrazilusa.com\/pt\/wp-json\/wp\/v2\/posts\/70184","targetHints":{"allow":["GET"]}}],"collection":[{"href":"https:\/\/tvbrazilusa.com\/pt\/wp-json\/wp\/v2\/posts"}],"about":[{"href":"https:\/\/tvbrazilusa.com\/pt\/wp-json\/wp\/v2\/types\/post"}],"author":[{"embeddable":true,"href":"https:\/\/tvbrazilusa.com\/pt\/wp-json\/wp\/v2\/users\/1"}],"replies":[{"embeddable":true,"href":"https:\/\/tvbrazilusa.com\/pt\/wp-json\/wp\/v2\/comments?post=70184"}],"version-history":[{"count":1,"href":"https:\/\/tvbrazilusa.com\/pt\/wp-json\/wp\/v2\/posts\/70184\/revisions"}],"predecessor-version":[{"id":70186,"href":"https:\/\/tvbrazilusa.com\/pt\/wp-json\/wp\/v2\/posts\/70184\/revisions\/70186"}],"wp:featuredmedia":[{"embeddable":true,"href":"https:\/\/tvbrazilusa.com\/pt\/wp-json\/wp\/v2\/media\/70185"}],"wp:attachment":[{"href":"https:\/\/tvbrazilusa.com\/pt\/wp-json\/wp\/v2\/media?parent=70184"}],"wp:term":[{"taxonomy":"category","embeddable":true,"href":"https:\/\/tvbrazilusa.com\/pt\/wp-json\/wp\/v2\/categories?post=70184"},{"taxonomy":"post_tag","embeddable":true,"href":"https:\/\/tvbrazilusa.com\/pt\/wp-json\/wp\/v2\/tags?post=70184"}],"curies":[{"name":"wp","href":"https:\/\/api.w.org\/{rel}","templated":true}]}}