{"id":70187,"date":"2024-12-03T21:33:47","date_gmt":"2024-12-03T21:33:47","guid":{"rendered":"https:\/\/tvbrazilusa.com\/2024\/12\/03\/rio-de-janeiro-e-niteroi-oficializam-interesse-em-sediar-os-jogos-pan-americanos-de-2031\/"},"modified":"2024-12-03T21:33:48","modified_gmt":"2024-12-03T21:33:48","slug":"rio-de-janeiro-e-niteroi-oficializam-interesse-em-sediar-os-jogos-pan-americanos-de-2031","status":"publish","type":"post","link":"https:\/\/tvbrazilusa.com\/pt\/2024\/12\/03\/rio-de-janeiro-e-niteroi-oficializam-interesse-em-sediar-os-jogos-pan-americanos-de-2031\/","title":{"rendered":"Rio de Janeiro e Niter\u00f3i oficializam interesse em sediar os Jogos Pan-americanos de 2031"},"content":{"rendered":"<p> <script async src=\"https:\/\/pagead2.googlesyndication.com\/pagead\/js\/adsbygoogle.js?client=ca-pub-8864793242727901\"\r\n     crossorigin=\"anonymous\"><\/script><br \/>\n<\/p>\n<div>\n<figure class=\"post-image\">\n<\/figure>\n<p>            <span style=\"font-size: 12px\">Wagner Meier\/Getty Images<\/span><\/p>\n<p>            <!-- end metas --><br \/>\n            <!-- ADS --><\/p>\n<div id=\"taboola-read-more\" style=\"display:block; width:100%\">\n<p>Rio de Janeiro e Niter\u00f3i oficializaram candidatura conjunta para sediar os Jogos Pan-Americanos de 2031. As cidades do estado fluminense entregaram carta ao Comit\u00ea Ol\u00edmpico Brasileiro (COB) nesta ter\u00e7a-feira (3\/12), para formalizar a inten\u00e7\u00e3o de receber o evento esportivo.\n<\/p>\n<p>A cidade de S\u00e3o Paulo j\u00e1 havia demonstrado interesse em sediar o evento e entregou carta de inten\u00e7\u00e3o durante a realiza\u00e7\u00e3o das Olimp\u00edadas de Paris 2024. O COB tem at\u00e9 o dia 31 de janeiro de 2025 para anunciar uma candidatura brasileira e decidir entre a capital paulista e fluminense.<\/p>\n<p>Entre as autoridades presentes, o prefeito do Rio de Janeiro, Eduardo Paes, citou a infraestrutura das cidades para colocar o Rio de Janeiro e Niter\u00f3i como as principais postulantes a receber os Jogos Pan-Americanos. A cerim\u00f4nia de an\u00fancio foi sediada no Parque Aqu\u00e1tico Maria Lenk, e tamb\u00e9m contou com a presen\u00e7a de atletas ol\u00edmpicos.\n<\/p>\n<p>As cidades postulantes agora aguardam a decis\u00e3o do COB para oficializar a candidatura que concorrer\u00e1 com os demais pa\u00edses sul-americanos. A sede dos Jogos Pan-Americanos de 2031 ser\u00e1 definida na Assembleia Geral da Panam Sports, em Assun\u00e7\u00e3o, no Paraguai, ainda em 2025.\n<\/p>\n<p>Os demais pa\u00edses sul-americanos ainda n\u00e3o indicaram cidades concorrentes \u00e0 sede em 2031. Entre as poss\u00edveis postulantes est\u00e3o Buenos Aires, na Argentina, e Assun\u00e7\u00e3o, no Paraguai.\n<\/p>\n<p>Fonte: Metr\u00f3poles              <\/p>\n<\/div>\n<p>                        <!-- Scripts para conteudo --><\/p>\n<p>            <!-- .\/Scripts para conteudo --><br \/>\n            <!-- .\/Mat\u00e9ria --><\/p>\n<div class=\"row mt-3\">\n<div class=\"col-sm-6\">\n                <!-- Whatsapp channel 3--><br \/>\n                <a href=\"https:\/\/chat.whatsapp.com\/J6hwSKYns5B0XFowx2wZ0P\" target=\"_blank\"><br \/>\n                  <img decoding=\"async\" src=\"https:\/\/diariodobrasilnoticias.com.br\/assets-site\/images\/bot_whatsapp.png\"\/><\/a>\n              <\/div>\n<div class=\"col-sm-6\">\n                <a href=\"https:\/\/t.me\/+_4gTmi5LKo03OTM5\" target=\"_blank\"><br \/>\n                  <img decoding=\"async\" src=\"https:\/\/diariodobrasilnoticias.com.br\/assets-site\/images\/bot_telegram.png\"\/><\/a>\n              <\/div>\n<\/p><\/div>\n<p>            <!-- end post-navigation --><\/p>\n<p>              <!-- end row --><\/p>\n<p>              <!-- end col-12-->\n                      <\/div>\n<p><br \/>\n<br \/><a href=\"https:\/\/diariodobrasilnoticias.com.br\/noticia\/rio-de-janeiro-e-niteroi-oficializam-interesse-em-sediar-os-jogos-pan-americanos-de-2031-674f5365689c2\">Source link <\/a><\/p>","protected":false},"excerpt":{"rendered":"<p>Wagner Meier\/Getty Images Rio de Janeiro e Niter\u00f3i oficializaram candidatura conjunta para sediar os Jogos Pan-Americanos de 2031. As cidades do estado fluminense entregaram carta ao Comit\u00ea Ol\u00edmpico Brasileiro (COB)&hellip;<\/p>","protected":false},"author":1,"featured_media":70188,"comment_status":"closed","ping_status":"open","sticky":false,"template":"","format":"standard","meta":{"content-type":"","footnotes":""},"categories":[16],"tags":[123,2448,5313,1267],"class_list":["post-70187","post","type-post","status-publish","format-standard","has-post-thumbnail","hentry","category-noticias","tag-brasil","tag-diario","tag-noticia","tag-noticias"],"_links":{"self":[{"href":"https:\/\/tvbrazilusa.com\/pt\/wp-json\/wp\/v2\/posts\/70187","targetHints":{"allow":["GET"]}}],"collection":[{"href":"https:\/\/tvbrazilusa.com\/pt\/wp-json\/wp\/v2\/posts"}],"about":[{"href":"https:\/\/tvbrazilusa.com\/pt\/wp-json\/wp\/v2\/types\/post"}],"author":[{"embeddable":true,"href":"https:\/\/tvbrazilusa.com\/pt\/wp-json\/wp\/v2\/users\/1"}],"replies":[{"embeddable":true,"href":"https:\/\/tvbrazilusa.com\/pt\/wp-json\/wp\/v2\/comments?post=70187"}],"version-history":[{"count":1,"href":"https:\/\/tvbrazilusa.com\/pt\/wp-json\/wp\/v2\/posts\/70187\/revisions"}],"predecessor-version":[{"id":70189,"href":"https:\/\/tvbrazilusa.com\/pt\/wp-json\/wp\/v2\/posts\/70187\/revisions\/70189"}],"wp:featuredmedia":[{"embeddable":true,"href":"https:\/\/tvbrazilusa.com\/pt\/wp-json\/wp\/v2\/media\/70188"}],"wp:attachment":[{"href":"https:\/\/tvbrazilusa.com\/pt\/wp-json\/wp\/v2\/media?parent=70187"}],"wp:term":[{"taxonomy":"category","embeddable":true,"href":"https:\/\/tvbrazilusa.com\/pt\/wp-json\/wp\/v2\/categories?post=70187"},{"taxonomy":"post_tag","embeddable":true,"href":"https:\/\/tvbrazilusa.com\/pt\/wp-json\/wp\/v2\/tags?post=70187"}],"curies":[{"name":"wp","href":"https:\/\/api.w.org\/{rel}","templated":true}]}}