{"id":70299,"date":"2024-12-04T00:24:00","date_gmt":"2024-12-04T00:24:00","guid":{"rendered":"https:\/\/tvbrazilusa.com\/2024\/12\/04\/deputado-do-novo-desafia-diretor-da-pf-a-prende-lo-durante-sessao-veja-video\/"},"modified":"2024-12-04T00:24:01","modified_gmt":"2024-12-04T00:24:01","slug":"deputado-do-novo-desafia-diretor-da-pf-a-prende-lo-durante-sessao-veja-video","status":"publish","type":"post","link":"https:\/\/tvbrazilusa.com\/pt\/2024\/12\/04\/deputado-do-novo-desafia-diretor-da-pf-a-prende-lo-durante-sessao-veja-video\/","title":{"rendered":"Deputado do Novo desafia diretor da PF a prend\u00ea-lo durante sess\u00e3o; VEJA V\u00cdDEO"},"content":{"rendered":"<p> <script async src=\"https:\/\/pagead2.googlesyndication.com\/pagead\/js\/adsbygoogle.js?client=ca-pub-8864793242727901\"\r\n     crossorigin=\"anonymous\"><\/script><br \/>\n<\/p>\n<div id=\"taboola-read-more\" style=\"display:block; width:100%\">\n<p>O deputado federal Marcel Van Hattem (Novo-RS) desafiou o diretor-geral da Pol\u00edcia Federal (PF), Andrei Passos Rodrigues, a prend\u00ea-lo durante audi\u00eancia na C\u00e2mara dos Deputados nesta ter\u00e7a-feira (2\/12). A declara\u00e7\u00e3o aconteceu durante presta\u00e7\u00e3o de esclarecimentos do ministro da Justi\u00e7a e Seguran\u00e7a P\u00fablica, Ricardo Lewandowski.\n<\/p>\n<p>Marcel Van Hattem foi indiciado pela PF por declara\u00e7\u00f5es no plen\u00e1rio da C\u00e2mara dos Deputados. O caso tem sido muito criticado por deputados da oposi\u00e7\u00e3o ao governo de Luiz In\u00e1cio Lula da Silva (PT).<\/p>\n<p>\u201cSe eu estou fazendo crime contra a honra, porque o seu chefe da Pol\u00edcia Federal, diretor Andrei, n\u00e3o me prende agora? Em flagrante delito. Se \u00e9 um crime contra a honra que estou cometendo, que me prenda\u201d, disparou o deputado do Novo. Van Hatten criticou o trabalho realizado pelo delegado da PF F\u00e1bio Alvarez Shor em investiga\u00e7\u00e3o envolvendo bolsonaristas.\n<\/p>\n<p><strong>ASSISTA:<\/strong>\n<\/p>\n<p>O deputado do Novo relembrou a indigna\u00e7\u00e3o do ministro da Justi\u00e7a ao ser convocado para prestar esclarecimentos na Comiss\u00e3o de Seguran\u00e7a P\u00fablica e Combate ao Crime Organizado, e pontuou que foi indiciado ap\u00f3s n\u00e3o comparecer para prestar depoimento junto \u00e0 autoridade policial.\n<\/p>\n<p>\u201cEu quero manifestar o meu inconformismo por ter sido convocado. Se eu tivesse sido convidado, eu viria imediatamente\u201d, disse o ministro da Seguran\u00e7a P\u00fablica mais cedo na mesma comiss\u00e3o.\n<\/p>\n<p>Lewandowski ainda comentou o indiciamento dos deputados em decorr\u00eancia de manifesta\u00e7\u00f5es no plen\u00e1rio da C\u00e2mara. \u201cSe os parlamentares come\u00e7arem a se ofender cultuamente, cometerem crimes contra a honra, perdirem os seus colegas, ent\u00e3o isso n\u00e3o est\u00e1 coberto pela imunidade.\u201d\n<\/p>\n<p>O presidente da C\u00e2mara, Arthur Lira (PP-AL), criticou os inqu\u00e9ritos e indiciamentos da PF contra o deputado Marcel Van Hattem e tamb\u00e9m contra o deputado Cabo Gilberto Silva (PL-PB). Ele ressaltou que a tribuna do plen\u00e1rio \u00e9 \u201cinviol\u00e1vel\u201d.\n<\/p>\n<p>Fonte: Metr\u00f3poles              <\/p>\n<\/div>\n<p><br \/>\n<br \/><a href=\"https:\/\/diariodobrasilnoticias.com.br\/noticia\/deputado-do-novo-desafia-diretor-da-pf-a-prende-lo-durante-sessao-veja-video-674f79ec84e0e\">Source link <\/a><\/p>","protected":false},"excerpt":{"rendered":"<p>O deputado federal Marcel Van Hattem (Novo-RS) desafiou o diretor-geral da Pol\u00edcia Federal (PF), Andrei Passos Rodrigues, a prend\u00ea-lo durante audi\u00eancia na C\u00e2mara dos Deputados nesta ter\u00e7a-feira (2\/12). A declara\u00e7\u00e3o&hellip;<\/p>","protected":false},"author":1,"featured_media":70300,"comment_status":"closed","ping_status":"open","sticky":false,"template":"","format":"standard","meta":{"content-type":"","footnotes":""},"categories":[16],"tags":[123,2448,5313,1267],"class_list":["post-70299","post","type-post","status-publish","format-standard","has-post-thumbnail","hentry","category-noticias","tag-brasil","tag-diario","tag-noticia","tag-noticias"],"_links":{"self":[{"href":"https:\/\/tvbrazilusa.com\/pt\/wp-json\/wp\/v2\/posts\/70299","targetHints":{"allow":["GET"]}}],"collection":[{"href":"https:\/\/tvbrazilusa.com\/pt\/wp-json\/wp\/v2\/posts"}],"about":[{"href":"https:\/\/tvbrazilusa.com\/pt\/wp-json\/wp\/v2\/types\/post"}],"author":[{"embeddable":true,"href":"https:\/\/tvbrazilusa.com\/pt\/wp-json\/wp\/v2\/users\/1"}],"replies":[{"embeddable":true,"href":"https:\/\/tvbrazilusa.com\/pt\/wp-json\/wp\/v2\/comments?post=70299"}],"version-history":[{"count":1,"href":"https:\/\/tvbrazilusa.com\/pt\/wp-json\/wp\/v2\/posts\/70299\/revisions"}],"predecessor-version":[{"id":70301,"href":"https:\/\/tvbrazilusa.com\/pt\/wp-json\/wp\/v2\/posts\/70299\/revisions\/70301"}],"wp:featuredmedia":[{"embeddable":true,"href":"https:\/\/tvbrazilusa.com\/pt\/wp-json\/wp\/v2\/media\/70300"}],"wp:attachment":[{"href":"https:\/\/tvbrazilusa.com\/pt\/wp-json\/wp\/v2\/media?parent=70299"}],"wp:term":[{"taxonomy":"category","embeddable":true,"href":"https:\/\/tvbrazilusa.com\/pt\/wp-json\/wp\/v2\/categories?post=70299"},{"taxonomy":"post_tag","embeddable":true,"href":"https:\/\/tvbrazilusa.com\/pt\/wp-json\/wp\/v2\/tags?post=70299"}],"curies":[{"name":"wp","href":"https:\/\/api.w.org\/{rel}","templated":true}]}}