{"id":70307,"date":"2024-12-04T00:39:28","date_gmt":"2024-12-04T00:39:28","guid":{"rendered":"https:\/\/tvbrazilusa.com\/2024\/12\/04\/homem-acusado-de-tiroteio-no-festival-caribenho-de-boston-esta-fugindo-depois-de-cortar-seu-monitor-de-tornozelo-dizem-as-autoridades\/"},"modified":"2024-12-04T00:40:58","modified_gmt":"2024-12-04T00:40:58","slug":"homem-acusado-de-tiroteio-no-festival-caribenho-de-boston-esta-fugindo-depois-de-cortar-seu-monitor-de-tornozelo-dizem-as-autoridades","status":"publish","type":"post","link":"https:\/\/tvbrazilusa.com\/pt\/2024\/12\/04\/homem-acusado-de-tiroteio-no-festival-caribenho-de-boston-esta-fugindo-depois-de-cortar-seu-monitor-de-tornozelo-dizem-as-autoridades\/","title":{"rendered":"Homem acusado de tiroteio no festival caribenho de Boston est\u00e1 fugindo depois de cortar seu monitor de tornozelo, dizem as autoridades"},"content":{"rendered":"<p> <script async src=\"https:\/\/pagead2.googlesyndication.com\/pagead\/js\/adsbygoogle.js?client=ca-pub-8864793242727901\"\r\n     crossorigin=\"anonymous\"><\/script><br \/>\n<\/p>\n<div id=\"\">\n<header class=\"m-article-header m-article-header--standard\">\n\t\t\t\t\t\t\t\t\t\t\t\t<span id=\"article-header-primary-term\"><br \/>\n\t\t\t\t\t\t\t\t<a class=\"a-term a-term--primary\" href=\"https:\/\/www.boston.com\/tag\/crime\/\"><\/p>\n<p>\t\t\t\t\t\t\t\tCrime\t\t\t\t\t\t\t\t<\/a><br \/>\n\t\t\t\t\t\t\t<\/span><\/p>\n<h2 class=\"m-article-header__sub-headline\">A pol\u00edcia est\u00e1 pedindo a ajuda do p\u00fablico para encontrar Gerald Vick, 31, de Dorchester.<\/h2>\n<figure class=\"a-photo m-article-header__photo\"><figcaption class=\"a-photo__caption\">\n<p>\tGerald L. Vick Jr. durante uma audi\u00eancia judicial em 2023 no Tribunal Municipal de Dorchester.<em> David L. Ryan\/Equipe da Globo<\/em>\t<\/figcaption><\/figure>\n<\/header>\n<p>A pol\u00edcia procura um suspeito em um <a href=\"https:\/\/www.boston.com\/news\/crime\/2023\/08\/27\/boston-caribbean-festival-louvert-parade-shooting-aug-26-talbot-avenue-arrests\/\">Filmagem de 2023<\/a> que feriu oito pessoas depois que ele supostamente cortou o monitor de tornozelo na manh\u00e3 de segunda-feira.<\/p>\n<p>O Departamento de Pol\u00edcia de Boston divulgou um <a href=\"https:\/\/police.boston.gov\/2024\/12\/03\/bpd-community-alert-wanted-gerald-vick-31-of-dorchester\/\">declara\u00e7\u00e3o<\/a> pedindo a ajuda do p\u00fablico para encontrar Gerald Vick, que supostamente esteve envolvido em um tiroteio perto do desfile J&#8217;ouvert em Dorchester em agosto passado. <\/p>\n<p>Os registros do tribunal dizem que Vick, 31, n\u00e3o compareceu ao tribunal para uma audi\u00eancia na segunda-feira. Oficiais de liberdade condicional relataram uma viola\u00e7\u00e3o da lei de Vick <a href=\"https:\/\/www.mass.gov\/info-details\/learn-about-the-electronic-monitoring-program\">Monitor Eletr\u00f4nico (ELMO)<\/a> no Tribunal Superior de Suffolk. <\/p>\n<p>De acordo com a s\u00famula do caso, a pulseira GPS de Vick parou de funcionar logo depois da 1h do dia 2 de dezembro, mesmo dia em que ele deveria comparecer ao tribunal. O juiz Mark A. Hallal emitiu um mandado de busca para Vick durante a audi\u00eancia, mostram os registros do tribunal.<\/p>\n<h2 class=\"wp-block-heading\" id=\"h-vick-accused-in-boston-j-ouvert-shooting-that-injured-8\">Vick acusado de tiroteio em Boston J&#8217;ouvert que feriu 8 pessoas<\/h2>\n<p>A pol\u00edcia disse que Vick, de Dorchester, esteve envolvido em um incidente em 26 de agosto de 2023 perto do desfile J&#8217;ouvert, que d\u00e1 in\u00edcio ao Carnaval Anual do Caribe de Boston. Os policiais responderam \u00e0 \u00e1rea da Blue Hill Avenue e Talbot Avenue em Dorchester por volta das 7h44, depois que os policiais ouviram e viram tiros, <a href=\"https:\/\/police.boston.gov\/2023\/08\/26\/firearm-incidents-from-saturday-august-26-2023\/\">o departamento disse<\/a>.<\/p>\n<p>Oito pessoas foram baleadas durante o incidente, segundo a pol\u00edcia. Os socorristas levaram seis das v\u00edtimas para hospitais locais com ferimentos sem risco de vida, disse a pol\u00edcia. O BPD disse que duas outras v\u00edtimas foram atingidas de rasp\u00e3o e recusaram tratamento.<\/p>\n<p>Os policiais envolvidos no incidente prenderam Vick e outro suspeito logo ap\u00f3s o tiroteio, disse a pol\u00edcia. Vick supostamente tinha uma pistola 9 mm com um carregador de grande capacidade na \u00e9poca, disse o comunicado. <\/p>\n<p>Tr\u00eas outros suspeitos foram presos e acusados \u200b\u200b\u200b\u200bde conex\u00e3o com o tiroteio, mostram os registros do tribunal. Hubman Hunter Jr., 31, Sebastian Monteiro Fernandez, 21, e Dwayne Francis, 30, se declararam inocentes de v\u00e1rias acusa\u00e7\u00f5es relacionadas ao tiroteio, mostram os registros. <\/p>\n<p>Os registros do tribunal mostram que Vick se declarou inocente de oito acusa\u00e7\u00f5es de agress\u00e3o e agress\u00e3o com arma de fogo, bem como posse ilegal de arma de fogo. Ele pode pegar at\u00e9 160 anos de pris\u00e3o se for condenado, mostram os registros.<\/p>\n<p>O alerta do BPD sobre Vick o descreve como um homem negro de 5&#8217;6 \u2033, com cerca de 155 libras e v\u00e1rias tatuagens. A pol\u00edcia disse que qualquer pessoa com informa\u00e7\u00f5es sobre a localiza\u00e7\u00e3o de Vick deve contat\u00e1-los pelo telefone (617) 343-4712. Eles pediram que qualquer pessoa que visse Vick contatasse o 911.<\/p>\n<p>Representantes de Vick n\u00e3o responderam imediatamente a um pedido de coment\u00e1rio.<\/p>\n<div class=\"o-author-single has-avatar\">\n<header class=\"m-author-card\">\n<div class=\"a-image a-image--square m-author-card__image\">\n\t\t<img decoding=\"async\" class=\"\" src=\"https:\/\/www.boston.com\/wp-content\/uploads\/2024\/10\/cropped-IMG_3991-67074863afa93-670748777d549-242x242.jpg\" alt=\"Imagem do perfil de Eva Levin\"\/>\t<\/div>\n<\/header>\n<section class=\"author-info\">\n<div class=\"m-author__section\">\n<p>Eva Levin \u00e9 uma cooperativa de tarefas gerais do Boston.com. Ela cobre not\u00edcias locais e de \u00faltima hora em Boston e al\u00e9m.<\/p>\n<\/div>\n<\/section>\n<\/div>\n<div class=\"m-block m-generic-cta\t m-generic-cta--post-content\t m-generic-cta--dark\t m-generic-cta--homepage\t m-generic-cta--email-signup\t\t m-generic-cta-block-style--default \tt-amp__generic-cta\"><\/p>\n<div class=\"m-generic-cta__wrap\">\n<div class=\"m-generic-cta__content\">\n<h3 class=\"m-generic-cta__title\">Boston.com hoje<\/h3>\n<p class=\"m-generic-cta__subtitle\">Inscreva-se para receber as \u00faltimas manchetes em sua caixa de entrada todas as manh\u00e3s.<\/p>\n<\/p><\/div>\n<\/p><\/div>\n<\/div><\/div>\n<p><script>\n\t\tvar consent=\"grant\";\n\t\t\/* The above code is parsing the JSON data from the local storage and storing it in a variable. *\/\n\t\t\t\t\tconst onetrustStorageConsent = JSON.parse(localStorage.getItem( 'consent_one_trust_bdc' ) );\n\t\t\tif ( ( onetrustStorageConsent !== null ) ) {\n\t\t\t\t\/* Checking to see if the user has consented to the use of cookies.\n\t\t\t\t* If they have not, it is deleting the cookie.\n\t\t\t\t* This will comment for now, until further notice.\n\t\t\t\t*\/\n\t\t\t\t\/\/if ( onetrustStorageConsent.C0002 === false ) {\n\t\t\t\t\/\/\tdocument.cookie=\"_fbp=;expires=Thu, 01 Jan 2010 00:00:00 UTC; path=\/; domain=.boston.com\";\n\t\t\t\t\/\/}\n\t\t\t\t\/* Checking if the user has given consent for the cookie C0002.\n\t\t\t\t* If the user has given consent, the variable consent will be set to 'grant'.\n\t\t\t\t* If the user has not given consent,the variable consent will be set to 'revoke'.\n\t\t\t\t* Documentation https:\/\/developers.facebook.com\/docs\/meta-pixel\/implementation\/gdpr\n\t\t\t\t*\/\n\t\t\t\tif ( onetrustStorageConsent.C0002 !== true ) {\n\t\t\t\t\tconsent=\"revoke\";\n\t\t\t\t}\n\t\t\t}\n\t\t\t\t!function(f,b,e,v,n,t,s)\n\t\t{if(f.fbq)return;n=f.fbq=function(){n.callMethod?\n\t\tn.callMethod.apply(n,arguments):n.queue.push(arguments)};\n\t\tif(!f._fbq)f._fbq=n;n.push=n;n.loaded=!0;n.version='2.0';\n\t\tn.queue=[];t=b.createElement(e);t.async=!0;\n\t\tt.src=v;s=b.getElementsByTagName(e)[0];\n\t\ts.parentNode.insertBefore(t,s)}(window, document,'script',\n\t\t'https:\/\/connect.facebook.net\/en_US\/fbevents.js');\n\t\tfbq('consent', consent);\n\t\tfbq('init', '989222871864976');\n\t\tfbq('track', 'PageView');\n\t<\/script><script type=\"module\">\n\t\tvar consent=\"grant\";\n\t\t\/* The above code is parsing the JSON data from the local storage and storing it in a variable. *\/\n\t\t\tconst onetrustStorageConsent = JSON.parse(localStorage.getItem( 'consent_one_trust_bdc' ) );\n\t\t\t\/* Checking to see if the user has consented to the use of cookies.\n\t\t\t* If they have not, it is deleting the cookie.\n\t\t\t* This will comment for now, until further notice.\n\t\t\t*\/\n\t\t\t\/\/if ( onetrustStorageConsent.C0002 === false ) {\n\t\t\t\/\/\tdocument.cookie=\"_fbp=;expires=Thu, 01 Jan 2010 00:00:00 UTC; path=\/; domain=.boston.com\";\n\t\t\t\/\/}\n\t\t\t\/* Checking if the user has given consent for the cookie C0002.\n\t\t\t* If the user has given consent, the variable consent will be set to 'grant'.\n\t\t\t* If the user has not given consent,the variable consent will be set to 'revoke'.\n\t\t\t* Documentation https:\/\/developers.facebook.com\/docs\/meta-pixel\/implementation\/gdpr\n\t\t\t*\/\n\t\t\tif ( ( onetrustStorageConsent !== null ) && (onetrustStorageConsent.C0002 !== true ) ) {\n\t\t\t\tconsent=\"revoke\";\n\t\t\t}\n\t\t\t\t!function(f,b,e,v,n,t,s){if(f.fbq)return;n=f.fbq=function()\n\t\t{n.callMethod? n.callMethod.apply(n,arguments):n.queue.push(arguments)}\n\t\t;if(!f._fbq)f._fbq=n;\n\t\tn.push=n;n.loaded=!0;n.version='2.0';n.queue=[];t=b.createElement(e);t.async=!0;\n\t\tt.src=v;s=b.getElementsByTagName(e)[0];s.parentNode.insertBefore(t,s)}(window,\n\t\tdocument,'script','https:\/\/connect.facebook.net\/en_US\/fbevents.js');\n\t\tfbq('consent', consent);\n\t\tfbq('init', '813236348753005');\n\t\tfbq('track', \"PageView\");\n\t<\/script><br \/>\n<br \/><br \/>\n<br \/><a href=\"https:\/\/www.boston.com\/news\/crime\/2024\/12\/03\/man-accused-in-boston-caribbean-festival-shooting-is-on-the-run-after-cutting-off-his-ankle-monitor-authorities-say\/\">Source link <\/a><\/p>","protected":false},"excerpt":{"rendered":"<p>Crime A pol\u00edcia est\u00e1 pedindo a ajuda do p\u00fablico para encontrar Gerald Vick, 31, de Dorchester. Gerald L. Vick Jr. durante uma audi\u00eancia judicial em 2023 no Tribunal Municipal de&hellip;<\/p>","protected":false},"author":1,"featured_media":70308,"comment_status":"closed","ping_status":"open","sticky":false,"template":"","format":"standard","meta":{"content-type":"","footnotes":""},"categories":[1],"tags":[],"class_list":["post-70307","post","type-post","status-publish","format-standard","has-post-thumbnail","hentry","category-uncategorized"],"_links":{"self":[{"href":"https:\/\/tvbrazilusa.com\/pt\/wp-json\/wp\/v2\/posts\/70307","targetHints":{"allow":["GET"]}}],"collection":[{"href":"https:\/\/tvbrazilusa.com\/pt\/wp-json\/wp\/v2\/posts"}],"about":[{"href":"https:\/\/tvbrazilusa.com\/pt\/wp-json\/wp\/v2\/types\/post"}],"author":[{"embeddable":true,"href":"https:\/\/tvbrazilusa.com\/pt\/wp-json\/wp\/v2\/users\/1"}],"replies":[{"embeddable":true,"href":"https:\/\/tvbrazilusa.com\/pt\/wp-json\/wp\/v2\/comments?post=70307"}],"version-history":[{"count":1,"href":"https:\/\/tvbrazilusa.com\/pt\/wp-json\/wp\/v2\/posts\/70307\/revisions"}],"predecessor-version":[{"id":70309,"href":"https:\/\/tvbrazilusa.com\/pt\/wp-json\/wp\/v2\/posts\/70307\/revisions\/70309"}],"wp:featuredmedia":[{"embeddable":true,"href":"https:\/\/tvbrazilusa.com\/pt\/wp-json\/wp\/v2\/media\/70308"}],"wp:attachment":[{"href":"https:\/\/tvbrazilusa.com\/pt\/wp-json\/wp\/v2\/media?parent=70307"}],"wp:term":[{"taxonomy":"category","embeddable":true,"href":"https:\/\/tvbrazilusa.com\/pt\/wp-json\/wp\/v2\/categories?post=70307"},{"taxonomy":"post_tag","embeddable":true,"href":"https:\/\/tvbrazilusa.com\/pt\/wp-json\/wp\/v2\/tags?post=70307"}],"curies":[{"name":"wp","href":"https:\/\/api.w.org\/{rel}","templated":true}]}}