{"id":70430,"date":"2024-12-04T05:00:00","date_gmt":"2024-12-04T05:00:00","guid":{"rendered":"https:\/\/tvbrazilusa.com\/2024\/12\/04\/casas-minusculas-podem-fazer-uma-grande-diferenca-para-criancas-adotivas\/"},"modified":"2024-12-04T05:37:46","modified_gmt":"2024-12-04T05:37:46","slug":"casas-minusculas-podem-fazer-uma-grande-diferenca-para-criancas-adotivas","status":"publish","type":"post","link":"https:\/\/tvbrazilusa.com\/pt\/2024\/12\/04\/casas-minusculas-podem-fazer-uma-grande-diferenca-para-criancas-adotivas\/","title":{"rendered":"Casas min\u00fasculas podem fazer uma grande diferen\u00e7a para crian\u00e7as adotivas"},"content":{"rendered":"<script async src=\"https:\/\/pagead2.googlesyndication.com\/pagead\/js\/adsbygoogle.js?client=ca-pub-8864793242727901\"\r\n     crossorigin=\"anonymous\"><\/script>\n<p>MCDONOUGH \u2014 As estat\u00edsticas s\u00e3o surpreendentes para crian\u00e7as que envelhecem fora de lares adotivos sem apoio e recursos adequados.<br \/>\n<br \/><br \/>\n<br \/><a href=\"https:\/\/www.henryherald.com\/news\/tiny-homes-could-make-a-big-difference-for-foster-children\/article_e7b90b2a-b028-11ef-ba95-0f03ab219efd.html\">Source link <\/a><\/p>","protected":false},"excerpt":{"rendered":"<p>MCDONOUGH \u2014 As estat\u00edsticas s\u00e3o surpreendentes para crian\u00e7as que envelhecem fora de lares adotivos sem apoio e recursos adequados. Source link<\/p>","protected":false},"author":1,"featured_media":70431,"comment_status":"closed","ping_status":"open","sticky":false,"template":"","format":"standard","meta":{"content-type":"","footnotes":""},"categories":[1],"tags":[],"class_list":["post-70430","post","type-post","status-publish","format-standard","has-post-thumbnail","hentry","category-uncategorized"],"_links":{"self":[{"href":"https:\/\/tvbrazilusa.com\/pt\/wp-json\/wp\/v2\/posts\/70430","targetHints":{"allow":["GET"]}}],"collection":[{"href":"https:\/\/tvbrazilusa.com\/pt\/wp-json\/wp\/v2\/posts"}],"about":[{"href":"https:\/\/tvbrazilusa.com\/pt\/wp-json\/wp\/v2\/types\/post"}],"author":[{"embeddable":true,"href":"https:\/\/tvbrazilusa.com\/pt\/wp-json\/wp\/v2\/users\/1"}],"replies":[{"embeddable":true,"href":"https:\/\/tvbrazilusa.com\/pt\/wp-json\/wp\/v2\/comments?post=70430"}],"version-history":[{"count":1,"href":"https:\/\/tvbrazilusa.com\/pt\/wp-json\/wp\/v2\/posts\/70430\/revisions"}],"predecessor-version":[{"id":70432,"href":"https:\/\/tvbrazilusa.com\/pt\/wp-json\/wp\/v2\/posts\/70430\/revisions\/70432"}],"wp:featuredmedia":[{"embeddable":true,"href":"https:\/\/tvbrazilusa.com\/pt\/wp-json\/wp\/v2\/media\/70431"}],"wp:attachment":[{"href":"https:\/\/tvbrazilusa.com\/pt\/wp-json\/wp\/v2\/media?parent=70430"}],"wp:term":[{"taxonomy":"category","embeddable":true,"href":"https:\/\/tvbrazilusa.com\/pt\/wp-json\/wp\/v2\/categories?post=70430"},{"taxonomy":"post_tag","embeddable":true,"href":"https:\/\/tvbrazilusa.com\/pt\/wp-json\/wp\/v2\/tags?post=70430"}],"curies":[{"name":"wp","href":"https:\/\/api.w.org\/{rel}","templated":true}]}}