{"id":70433,"date":"2024-12-04T05:00:00","date_gmt":"2024-12-04T05:00:00","guid":{"rendered":"https:\/\/tvbrazilusa.com\/2024\/12\/04\/casa-de-um-amigo-busca-doacoes-de-ferias-para-criancas-adotivas\/"},"modified":"2024-12-04T05:49:27","modified_gmt":"2024-12-04T05:49:27","slug":"casa-de-um-amigo-busca-doacoes-de-ferias-para-criancas-adotivas","status":"publish","type":"post","link":"https:\/\/tvbrazilusa.com\/pt\/2024\/12\/04\/casa-de-um-amigo-busca-doacoes-de-ferias-para-criancas-adotivas\/","title":{"rendered":"Casa de um amigo busca doa\u00e7\u00f5es de f\u00e9rias para crian\u00e7as adotivas"},"content":{"rendered":"<script async src=\"https:\/\/pagead2.googlesyndication.com\/pagead\/js\/adsbygoogle.js?client=ca-pub-8864793242727901\"\r\n     crossorigin=\"anonymous\"><\/script>\n<p>\u00c9 a \u00e9poca mais maravilhosa do ano, mas tamb\u00e9m pode ser uma \u00e9poca dif\u00edcil para os filhos adotivos.<br \/>\n<br \/><br \/>\n<br \/><a href=\"https:\/\/www.henryherald.com\/news\/a-friend-s-house-seeks-holiday-donations-for-foster-children\/article_00452912-b02e-11ef-a9a1-bf16482002af.html\">Source link <\/a><\/p>","protected":false},"excerpt":{"rendered":"<p>\u00c9 a \u00e9poca mais maravilhosa do ano, mas tamb\u00e9m pode ser uma \u00e9poca dif\u00edcil para os filhos adotivos. Source link<\/p>","protected":false},"author":1,"featured_media":70434,"comment_status":"closed","ping_status":"open","sticky":false,"template":"","format":"standard","meta":{"content-type":"","footnotes":""},"categories":[1],"tags":[],"class_list":["post-70433","post","type-post","status-publish","format-standard","has-post-thumbnail","hentry","category-uncategorized"],"_links":{"self":[{"href":"https:\/\/tvbrazilusa.com\/pt\/wp-json\/wp\/v2\/posts\/70433","targetHints":{"allow":["GET"]}}],"collection":[{"href":"https:\/\/tvbrazilusa.com\/pt\/wp-json\/wp\/v2\/posts"}],"about":[{"href":"https:\/\/tvbrazilusa.com\/pt\/wp-json\/wp\/v2\/types\/post"}],"author":[{"embeddable":true,"href":"https:\/\/tvbrazilusa.com\/pt\/wp-json\/wp\/v2\/users\/1"}],"replies":[{"embeddable":true,"href":"https:\/\/tvbrazilusa.com\/pt\/wp-json\/wp\/v2\/comments?post=70433"}],"version-history":[{"count":1,"href":"https:\/\/tvbrazilusa.com\/pt\/wp-json\/wp\/v2\/posts\/70433\/revisions"}],"predecessor-version":[{"id":70435,"href":"https:\/\/tvbrazilusa.com\/pt\/wp-json\/wp\/v2\/posts\/70433\/revisions\/70435"}],"wp:featuredmedia":[{"embeddable":true,"href":"https:\/\/tvbrazilusa.com\/pt\/wp-json\/wp\/v2\/media\/70434"}],"wp:attachment":[{"href":"https:\/\/tvbrazilusa.com\/pt\/wp-json\/wp\/v2\/media?parent=70433"}],"wp:term":[{"taxonomy":"category","embeddable":true,"href":"https:\/\/tvbrazilusa.com\/pt\/wp-json\/wp\/v2\/categories?post=70433"},{"taxonomy":"post_tag","embeddable":true,"href":"https:\/\/tvbrazilusa.com\/pt\/wp-json\/wp\/v2\/tags?post=70433"}],"curies":[{"name":"wp","href":"https:\/\/api.w.org\/{rel}","templated":true}]}}