{"id":70436,"date":"2024-12-04T05:00:00","date_gmt":"2024-12-04T05:00:00","guid":{"rendered":"https:\/\/tvbrazilusa.com\/2024\/12\/04\/evento-de-reciclagem-de-eletronicos-e-sabado\/"},"modified":"2024-12-04T06:01:37","modified_gmt":"2024-12-04T06:01:37","slug":"evento-de-reciclagem-de-eletronicos-e-sabado","status":"publish","type":"post","link":"https:\/\/tvbrazilusa.com\/pt\/2024\/12\/04\/evento-de-reciclagem-de-eletronicos-e-sabado\/","title":{"rendered":"Evento de reciclagem de eletr\u00f4nicos \u00e9 s\u00e1bado"},"content":{"rendered":"<script async src=\"https:\/\/pagead2.googlesyndication.com\/pagead\/js\/adsbygoogle.js?client=ca-pub-8864793242727901\"\r\n     crossorigin=\"anonymous\"><\/script>\n<p>O Departamento de \u00c1guas Pluviais do Condado de Henry realizar\u00e1 um evento de reciclagem de eletr\u00f4nicos no s\u00e1bado, 7 de dezembro, das 8h \u00e0s 14h, no Jason T. Harper Event Center, Heritage Park, 99 Lake Dow Road, McDonough.<br \/>\n<br \/><br \/>\n<br \/><a href=\"https:\/\/www.henryherald.com\/news\/electronics-recycling-event-is-saturday\/article_c98a61e2-b03e-11ef-a2fe-cf7a8cdcc175.html\">Source link <\/a><\/p>","protected":false},"excerpt":{"rendered":"<p>O Departamento de \u00c1guas Pluviais do Condado de Henry realizar\u00e1 um evento de reciclagem de eletr\u00f4nicos no s\u00e1bado, 7 de dezembro, das 8h \u00e0s 14h, no Jason T. Harper Event&hellip;<\/p>","protected":false},"author":1,"featured_media":70437,"comment_status":"closed","ping_status":"open","sticky":false,"template":"","format":"standard","meta":{"content-type":"","footnotes":""},"categories":[1],"tags":[],"class_list":["post-70436","post","type-post","status-publish","format-standard","has-post-thumbnail","hentry","category-uncategorized"],"_links":{"self":[{"href":"https:\/\/tvbrazilusa.com\/pt\/wp-json\/wp\/v2\/posts\/70436","targetHints":{"allow":["GET"]}}],"collection":[{"href":"https:\/\/tvbrazilusa.com\/pt\/wp-json\/wp\/v2\/posts"}],"about":[{"href":"https:\/\/tvbrazilusa.com\/pt\/wp-json\/wp\/v2\/types\/post"}],"author":[{"embeddable":true,"href":"https:\/\/tvbrazilusa.com\/pt\/wp-json\/wp\/v2\/users\/1"}],"replies":[{"embeddable":true,"href":"https:\/\/tvbrazilusa.com\/pt\/wp-json\/wp\/v2\/comments?post=70436"}],"version-history":[{"count":1,"href":"https:\/\/tvbrazilusa.com\/pt\/wp-json\/wp\/v2\/posts\/70436\/revisions"}],"predecessor-version":[{"id":70438,"href":"https:\/\/tvbrazilusa.com\/pt\/wp-json\/wp\/v2\/posts\/70436\/revisions\/70438"}],"wp:featuredmedia":[{"embeddable":true,"href":"https:\/\/tvbrazilusa.com\/pt\/wp-json\/wp\/v2\/media\/70437"}],"wp:attachment":[{"href":"https:\/\/tvbrazilusa.com\/pt\/wp-json\/wp\/v2\/media?parent=70436"}],"wp:term":[{"taxonomy":"category","embeddable":true,"href":"https:\/\/tvbrazilusa.com\/pt\/wp-json\/wp\/v2\/categories?post=70436"},{"taxonomy":"post_tag","embeddable":true,"href":"https:\/\/tvbrazilusa.com\/pt\/wp-json\/wp\/v2\/tags?post=70436"}],"curies":[{"name":"wp","href":"https:\/\/api.w.org\/{rel}","templated":true}]}}