{"id":70470,"date":"2024-12-04T10:27:13","date_gmt":"2024-12-04T10:27:13","guid":{"rendered":"https:\/\/tvbrazilusa.com\/2024\/12\/04\/cvm-decide-pela-absolvicao-de-sergio-rial-ex-presidente-da-americanas\/"},"modified":"2024-12-04T10:27:15","modified_gmt":"2024-12-04T10:27:15","slug":"cvm-decide-pela-absolvicao-de-sergio-rial-ex-presidente-da-americanas","status":"publish","type":"post","link":"https:\/\/tvbrazilusa.com\/pt\/2024\/12\/04\/cvm-decide-pela-absolvicao-de-sergio-rial-ex-presidente-da-americanas\/","title":{"rendered":"CVM decide pela absolvi\u00e7\u00e3o de Sergio Rial, ex-presidente da Americanas"},"content":{"rendered":"<p> <script async src=\"https:\/\/pagead2.googlesyndication.com\/pagead\/js\/adsbygoogle.js?client=ca-pub-8864793242727901\"\r\n     crossorigin=\"anonymous\"><\/script><br \/>\n<\/p>\n<div id=\"taboola-read-more\" style=\"display:block; width:100%\">\n<p>A Comiss\u00e3o de Valores Mobili\u00e1rios (CVM) absolveu o ex-presidente da Americanas Sergio Rial de acusa\u00e7\u00f5es relacionadas \u00e0 divulga\u00e7\u00e3o de informa\u00e7\u00f5es relevantes logo depois de ter tomado ci\u00eancia das inconsist\u00eancias cont\u00e1beis envolvendo a companhia.\n<\/p>\n<p>A CVM tamb\u00e9m decidiu outro caso da Americanas na ter\u00e7a-feira 3: o do ex-diretor de Rela\u00e7\u00f5es com Investidores da Americanas, Jo\u00e3o Guerra, condenado a pagamento de multa por n\u00e3o ter divulgado de maneira proativa informa\u00e7\u00f5es relevantes relacionadas \u00e0s inconsist\u00eancias cont\u00e1beis encontradas na companhia<\/p>\n<p>No caso de Rial, o julgamento terminou em dois votos a dois, de modo que prevalece a decis\u00e3o mais favor\u00e1vel ao acusado. A diretora Marina Copola n\u00e3o participou da sess\u00e3o por se declarar impedida.\n<\/p>\n<p>Rial estava sendo acusado por divulgar, em live realizada junto ao banco BTG em 12 de janeiro de 2023, informa\u00e7\u00f5es relevantes ainda n\u00e3o compartilhadas de forma ampla, na forma prevista pela regulamenta\u00e7\u00e3o.\n<\/p>\n<p>O relator do caso na CVM, diretor Daniel Maeda, entendeu que a participa\u00e7\u00e3o na transmiss\u00e3o ao vivo provocou assimetria de mercado, uma vez que os investidores sem acesso \u00e0 teleconfer\u00eancia tiveram, por determinado per\u00edodo de tempo, conhecimento somente das informa\u00e7\u00f5es que constavam no fato relevante do dia anterior, 11 de janeiro.\n<\/p>\n<p>O voto dos membros do CMV no caso do ex-CEO da Americanas<br \/>Maeda votou pela condena\u00e7\u00e3o de Rial \u00e0 multa de R$ 340 mil. Ele foi acompanhado pelo presidente da CVM, Jo\u00e3o Pedro Nascimento. Jo\u00e3o Accioly divergiu. Ele disse que, no mesmo fato relevante de 11 de janeiro, Rial e o ent\u00e3o diretor de Rela\u00e7\u00f5es com Investidores, Andr\u00e9 Covre, comunicaram estar renunciando aos cargos.\n<\/p>\n<p>\u201cRial foi preciso quando disse na teleconfer\u00eancia n\u00e3o ter obriga\u00e7\u00e3o legal de estar ali, mas de faz\u00ea-lo por quest\u00f5es morais\u201d, afirmou Accioly, que tamb\u00e9m considerou que o preju\u00edzo ao mercado n\u00e3o foi constatado pelo fato de as negocia\u00e7\u00f5es de a\u00e7\u00f5es estarem suspensas at\u00e9 a tarde do dia 12. O presidente, Jo\u00e3o Pedro Nascimento, contestou o argumento, dizendo que outros t\u00edtulos, como deb\u00eantures, continuaram sendo negociados.\n<\/p>\n<p>A absolvi\u00e7\u00e3o do ex-presidente da Americanas na CVM tamb\u00e9m foi pleiteada pelo diretor Otto Lobo, que sustentou que a ren\u00fancia o eximiu da responsabilidade legal. \u201cQuando Rial apresentou ren\u00fancia, desde sua comunica\u00e7\u00e3o, deixou de estar sob jurisdi\u00e7\u00e3o desta autarquia\u201d, declarou.\n<\/p>\n<p>Rial tamb\u00e9m estava sendo acusado por divulgar informa\u00e7\u00f5es de maneira incompleta e inconsistente. Sobre esse ponto, o colegiado da CVM foi un\u00e2nime em votar pela sua absolvi\u00e7\u00e3o. \u201cO momento ainda era de muita incerteza e imprecis\u00e3o. Muito do que se discutiu ainda era objeto de investiga\u00e7\u00f5es em curso, e a suspeita final era de que havia uma fraude, revelada por ele\u201d, disse o relator Daniel Maeda.\n<\/p>\n<p>O caso de Jo\u00e3o Guerra<br \/>Ex-diretor de Rela\u00e7\u00f5es com Investidores da Americanas, Jo\u00e3o Guerra foi condenado, por unanimidade, entre os membros da CVM a pagar multa de R$ 340 mil por n\u00e3o ter divulgado todas as informa\u00e7\u00f5es relativas \u00e0s inconsist\u00eancias cont\u00e1beis anunciadas no fato relevante da companhia de 11 de janeiro de 2023.\n<\/p>\n<p>Depois, descobriu-se tratar de uma fraude praticada por ex-diretores que gerou um rombo de mais de R$ 20 bilh\u00f5es. A varejista entrou em recupera\u00e7\u00e3o judicial, processo que ainda transcorre na Justi\u00e7a do Rio de Janeiro.\n<\/p>\n<p>Para a CVM, as explica\u00e7\u00f5es dadas pelo presidente S\u00e9rgio Rial em\u00a0<em>live\u00a0<\/em>realizada no dia seguinte ao fato relevante deveriam ter sido publicizadas a todo o mercado pelo departamento de Rela\u00e7\u00f5es com Investidores, e n\u00e3o abordadas em teleconfer\u00eancia com limite de espectadores.\n<\/p>\n<p>O relator Daniel Maeda disse que a teleconfer\u00eancia do dia 12 foi assistida por Guerra, a quem \u201ccabia velar pelo controle dessas informa\u00e7\u00f5es, o que poderia ser feito de forma pr\u00e9via, verificando com Rial o que seria dito na tele\u201d.\n<\/p>\n<p>Em \u00faltimo caso, disse Maeda, o novo diretor de Rela\u00e7\u00f5es com Investidores deveria interromper a videoconfer\u00eancia para garantir a isonomia das informa\u00e7\u00f5es que extrapolavam aquelas divulgadas no fato relevante do dia anterior.\n<\/p>\n<p>A defesa de Guerra argumentou que os assuntos abordados na\u00a0<em>live\u00a0<\/em>do dia 12 j\u00e1 estavam sendo mencionados no fato relevante do dia 11 e que os demais of\u00edcios da CVM e da B3 solicitando informa\u00e7\u00f5es adicionais foram respondidos.\n<\/p>\n<p>\u00a0<\/p>\n<p>\u00a0<\/p>\n<p>Fonte: Revista Oeste<\/p>\n<\/p><\/div>\n<p><br \/>\n<br \/><a href=\"https:\/\/diariodobrasilnoticias.com.br\/noticia\/cvm-decide-pela-absolvicao-de-sergio-rial-ex-presidente-da-americanas-67502bcf1018e\">Source link <\/a><\/p>","protected":false},"excerpt":{"rendered":"<p>A Comiss\u00e3o de Valores Mobili\u00e1rios (CVM) absolveu o ex-presidente da Americanas Sergio Rial de acusa\u00e7\u00f5es relacionadas \u00e0 divulga\u00e7\u00e3o de informa\u00e7\u00f5es relevantes logo depois de ter tomado ci\u00eancia das inconsist\u00eancias cont\u00e1beis&hellip;<\/p>","protected":false},"author":1,"featured_media":70471,"comment_status":"closed","ping_status":"open","sticky":false,"template":"","format":"standard","meta":{"content-type":"","footnotes":""},"categories":[16],"tags":[123,2448,5313,1267],"class_list":["post-70470","post","type-post","status-publish","format-standard","has-post-thumbnail","hentry","category-noticias","tag-brasil","tag-diario","tag-noticia","tag-noticias"],"_links":{"self":[{"href":"https:\/\/tvbrazilusa.com\/pt\/wp-json\/wp\/v2\/posts\/70470","targetHints":{"allow":["GET"]}}],"collection":[{"href":"https:\/\/tvbrazilusa.com\/pt\/wp-json\/wp\/v2\/posts"}],"about":[{"href":"https:\/\/tvbrazilusa.com\/pt\/wp-json\/wp\/v2\/types\/post"}],"author":[{"embeddable":true,"href":"https:\/\/tvbrazilusa.com\/pt\/wp-json\/wp\/v2\/users\/1"}],"replies":[{"embeddable":true,"href":"https:\/\/tvbrazilusa.com\/pt\/wp-json\/wp\/v2\/comments?post=70470"}],"version-history":[{"count":1,"href":"https:\/\/tvbrazilusa.com\/pt\/wp-json\/wp\/v2\/posts\/70470\/revisions"}],"predecessor-version":[{"id":70472,"href":"https:\/\/tvbrazilusa.com\/pt\/wp-json\/wp\/v2\/posts\/70470\/revisions\/70472"}],"wp:featuredmedia":[{"embeddable":true,"href":"https:\/\/tvbrazilusa.com\/pt\/wp-json\/wp\/v2\/media\/70471"}],"wp:attachment":[{"href":"https:\/\/tvbrazilusa.com\/pt\/wp-json\/wp\/v2\/media?parent=70470"}],"wp:term":[{"taxonomy":"category","embeddable":true,"href":"https:\/\/tvbrazilusa.com\/pt\/wp-json\/wp\/v2\/categories?post=70470"},{"taxonomy":"post_tag","embeddable":true,"href":"https:\/\/tvbrazilusa.com\/pt\/wp-json\/wp\/v2\/tags?post=70470"}],"curies":[{"name":"wp","href":"https:\/\/api.w.org\/{rel}","templated":true}]}}