{"id":70479,"date":"2024-12-04T10:58:38","date_gmt":"2024-12-04T10:58:38","guid":{"rendered":"https:\/\/tvbrazilusa.com\/2024\/12\/04\/acordo-com-o-stf-pode-reviver-balcao-de-emendas-no-planalto\/"},"modified":"2024-12-04T10:58:40","modified_gmt":"2024-12-04T10:58:40","slug":"acordo-com-o-stf-pode-reviver-balcao-de-emendas-no-planalto","status":"publish","type":"post","link":"https:\/\/tvbrazilusa.com\/pt\/2024\/12\/04\/acordo-com-o-stf-pode-reviver-balcao-de-emendas-no-planalto\/","title":{"rendered":"Acordo com o STF pode reviver balc\u00e3o de emendas no Planalto"},"content":{"rendered":"<p> <script async src=\"https:\/\/pagead2.googlesyndication.com\/pagead\/js\/adsbygoogle.js?client=ca-pub-8864793242727901\"\r\n     crossorigin=\"anonymous\"><\/script><br \/>\n<\/p>\n<div>\n<figure class=\"post-image\">\n<\/figure>\n<p>            <span style=\"font-size: 12px\">Foto: Fellipe Sampaio\/CO\/STF<\/span><\/p>\n<p>            <!-- end metas --><br \/>\n            <!-- ADS --><\/p>\n<div id=\"taboola-read-more\" style=\"display:block; width:100%\">\n<p>A libera\u00e7\u00e3o das emendas parlamentares pode destravar a Comiss\u00e3o Mista de Or\u00e7amento, mas h\u00e1 um clima de indigna\u00e7\u00e3o com a jogada ensaiada entre o governo Lula (PT) e o Supremo Tribunal Federal (STF), que brecou e agora libera o pagamento quando o governo precisa desse instrumento de coer\u00e7\u00e3o para garantir votos no esfor\u00e7o concentrado antes do recesso. Com o balc\u00e3o de neg\u00f3cios restabelecido, o Congresso pode votar o Or\u00e7amento de 2025 somente ap\u00f3s a libera\u00e7\u00e3o dessas emendas.\n<\/p>\n<p>Lula passou a perna<\/p>\n<p>Parlamentares n\u00e3o engoliram Lula ter sancionado regras para emendas, sem veto, e dias depois o amigo Fl\u00e1vio Dino impor ainda mais limites.\n<\/p>\n<p>Congresso humilhado\n<\/p>\n<p>Decis\u00e3o de Dino condiciona as emendas \u00e0 pr\u00e9via elabora\u00e7\u00e3o de projeto pelo governo. Ou seja, s\u00f3 haver\u00e1 emenda liberada se o governo quiser.\n<\/p>\n<p>Prerrogativas cassadas\n<\/p>\n<p>Ficou claro para deputados e senadores que decis\u00f5es monocr\u00e1ticas do amigo e ex-ministro de Lula jogaram no lixo prerrogativas do Congresso.\n<\/p>\n<p>Poder no diminutivo\n<\/p>\n<p>Na Comiss\u00e3o Mista e no Congresso em geral cresce o sentimento de que o STF exorbita e se imp\u00f5e ao Legislativo, em alian\u00e7a com Lula.\n<\/p>\n<p>Fonte: Diario do Poder              <\/p>\n<\/div>\n<p>                        <!-- Scripts para conteudo --><\/p>\n<p>            <!-- .\/Scripts para conteudo --><br \/>\n            <!-- .\/Mat\u00e9ria --><\/p>\n<div class=\"row mt-3\">\n<div class=\"col-sm-6\">\n                <!-- Whatsapp channel 3--><br \/>\n                <a href=\"https:\/\/chat.whatsapp.com\/J6hwSKYns5B0XFowx2wZ0P\" target=\"_blank\"><br \/>\n                  <img decoding=\"async\" src=\"https:\/\/diariodobrasilnoticias.com.br\/assets-site\/images\/bot_whatsapp.png\"\/><\/a>\n              <\/div>\n<div class=\"col-sm-6\">\n                <a href=\"https:\/\/t.me\/+_4gTmi5LKo03OTM5\" target=\"_blank\"><br \/>\n                  <img decoding=\"async\" src=\"https:\/\/diariodobrasilnoticias.com.br\/assets-site\/images\/bot_telegram.png\"\/><\/a>\n              <\/div>\n<\/p><\/div>\n<p>            <!-- end post-navigation --><\/p>\n<p>              <!-- end row --><\/p>\n<p>              <!-- end col-12-->\n                      <\/div>\n<p><br \/>\n<br \/><a href=\"https:\/\/diariodobrasilnoticias.com.br\/noticia\/acordo-com-o-stf-pode-reviver-balcao-de-emendas-no-planalto-675033705f0f6\">Source link <\/a><\/p>","protected":false},"excerpt":{"rendered":"<p>Foto: Fellipe Sampaio\/CO\/STF A libera\u00e7\u00e3o das emendas parlamentares pode destravar a Comiss\u00e3o Mista de Or\u00e7amento, mas h\u00e1 um clima de indigna\u00e7\u00e3o com a jogada ensaiada entre o governo Lula (PT)&hellip;<\/p>","protected":false},"author":1,"featured_media":70480,"comment_status":"closed","ping_status":"open","sticky":false,"template":"","format":"standard","meta":{"content-type":"","footnotes":""},"categories":[16],"tags":[123,2448,5313,1267],"class_list":["post-70479","post","type-post","status-publish","format-standard","has-post-thumbnail","hentry","category-noticias","tag-brasil","tag-diario","tag-noticia","tag-noticias"],"_links":{"self":[{"href":"https:\/\/tvbrazilusa.com\/pt\/wp-json\/wp\/v2\/posts\/70479","targetHints":{"allow":["GET"]}}],"collection":[{"href":"https:\/\/tvbrazilusa.com\/pt\/wp-json\/wp\/v2\/posts"}],"about":[{"href":"https:\/\/tvbrazilusa.com\/pt\/wp-json\/wp\/v2\/types\/post"}],"author":[{"embeddable":true,"href":"https:\/\/tvbrazilusa.com\/pt\/wp-json\/wp\/v2\/users\/1"}],"replies":[{"embeddable":true,"href":"https:\/\/tvbrazilusa.com\/pt\/wp-json\/wp\/v2\/comments?post=70479"}],"version-history":[{"count":1,"href":"https:\/\/tvbrazilusa.com\/pt\/wp-json\/wp\/v2\/posts\/70479\/revisions"}],"predecessor-version":[{"id":70481,"href":"https:\/\/tvbrazilusa.com\/pt\/wp-json\/wp\/v2\/posts\/70479\/revisions\/70481"}],"wp:featuredmedia":[{"embeddable":true,"href":"https:\/\/tvbrazilusa.com\/pt\/wp-json\/wp\/v2\/media\/70480"}],"wp:attachment":[{"href":"https:\/\/tvbrazilusa.com\/pt\/wp-json\/wp\/v2\/media?parent=70479"}],"wp:term":[{"taxonomy":"category","embeddable":true,"href":"https:\/\/tvbrazilusa.com\/pt\/wp-json\/wp\/v2\/categories?post=70479"},{"taxonomy":"post_tag","embeddable":true,"href":"https:\/\/tvbrazilusa.com\/pt\/wp-json\/wp\/v2\/tags?post=70479"}],"curies":[{"name":"wp","href":"https:\/\/api.w.org\/{rel}","templated":true}]}}