{"id":70485,"date":"2024-12-04T11:23:03","date_gmt":"2024-12-04T11:23:03","guid":{"rendered":"https:\/\/tvbrazilusa.com\/2024\/12\/04\/maria-corina-pede-que-brasil-reconheca-gonzalez-com-presidente-da-venezuela\/"},"modified":"2024-12-04T11:23:04","modified_gmt":"2024-12-04T11:23:04","slug":"maria-corina-pede-que-brasil-reconheca-gonzalez-com-presidente-da-venezuela","status":"publish","type":"post","link":"https:\/\/tvbrazilusa.com\/pt\/2024\/12\/04\/maria-corina-pede-que-brasil-reconheca-gonzalez-com-presidente-da-venezuela\/","title":{"rendered":"Mar\u00eda Corina pede que Brasil reconhe\u00e7a Gonz\u00e1lez com presidente da Venezuela"},"content":{"rendered":"<p> <script async src=\"https:\/\/pagead2.googlesyndication.com\/pagead\/js\/adsbygoogle.js?client=ca-pub-8864793242727901\"\r\n     crossorigin=\"anonymous\"><\/script><br \/>\n<\/p>\n<div id=\"taboola-read-more\" style=\"display:block; width:100%\">\n<p>Durante sess\u00e3o da Comiss\u00e3o de Pol\u00edtica Exterior e Defesa da C\u00e2mara dos Deputados do Brasil, Mar\u00eda Corina Machado, l\u00edder da oposi\u00e7\u00e3o venezuelana, instou o Brasil a reconhecer Edmundo Gonz\u00e1lez como o presidente eleito da Venezuela.\n<\/p>\n<p>Gonz\u00e1lez, que concorreu contra Nicol\u00e1s Maduro nas elei\u00e7\u00f5es, tamb\u00e9m esteve presente, participando remotamente do evento realizado na ter\u00e7a-feira 3.<\/p>\n<p>Mar\u00eda Corina enfatizou que tal reconhecimento poderia ser crucial para pressionar o ditador Nicol\u00e1s Maduro a aceitar uma transi\u00e7\u00e3o pac\u00edfica e ordenada de poder.\n<\/p>\n<p>\u201cO que esperamos \u00e9 que o Brasil reconhe\u00e7a Edmundo Gonz\u00e1lez como presidente eleito para que se possa pressionar Maduro e que se d\u00ea conta de que sua melhor op\u00e7\u00e3o \u00e9 uma transi\u00e7\u00e3o ordenada e pac\u00edfica\u201d, disse Mar\u00eda Corina Machado por videoconfer\u00eancia, conforme transcri\u00e7\u00e3o da AFP.\n<\/p>\n<p>Edmundo Gonz\u00e1lez, atualmente exilado na Espanha, afirma ser o verdadeiro vencedor das elei\u00e7\u00f5es na Venezuela, apesar do Conselho Nacional Eleitoral ter declarado Maduro como vencedor sem divulgar os detalhes da apura\u00e7\u00e3o.\n<\/p>\n<p>Entidades internacionais, que participaram como observadores das elei\u00e7\u00f5es, afirmam que Gonz\u00e1lez obteve maioria dos votos.\n<\/p>\n<p>Brasil n\u00e3o adotou posi\u00e7\u00e3o oficial sobre a Venezuela<br \/>As elei\u00e7\u00f5es na Venezuela foram realizadas em 28 de julho. O Conselho Eleitoral, \u00f3rg\u00e3o dominado pela ditadura, declarou a vit\u00f3ria de Maduro, sem que houvesse atas das urnas para confirmar os n\u00fameros alegados pelo regime.\n<\/p>\n<p>Dias depois, o Tribunal Constitucional da Venezuela, tamb\u00e9m controlado por Maduro e seus aliados, declarou o ditador reeleito. Alguns pa\u00edses, como Estados Unidos, reconheceram Gonz\u00e1lez como presidente eleito.\n<\/p>\n<p>O Instituto Carter, uma ONG norte-americana independente que acompanhou o pleito na Venezuela, disse que as atas recolhidas pela oposi\u00e7\u00e3o confirmam a vit\u00f3ria da oposi\u00e7\u00e3o.\n<\/p>\n<p>O governo do presidente Luiz In\u00e1cio Lula da Silva pediu as atas a Maduro para reconhecer sua reelei\u00e7\u00e3o. O pedido foi solenemente ignorado. At\u00e9 agora, o governo n\u00e3o tomou uma posi\u00e7\u00e3o definitiva sobre Maduro, antigo aliado de Lula e da esquerda, que foi recebido no Brasil em 2023 como honras de chefe de Estado pelo petista.<\/p>\n<p>Fonte: Revista Oeste              <\/p>\n<\/div>\n<p><br \/>\n<br \/><a href=\"https:\/\/diariodobrasilnoticias.com.br\/noticia\/maria-corina-pede-que-brasil-reconheca-gonzalez-com-presidente-da-venezuela-67502fe041073\">Source link <\/a><\/p>","protected":false},"excerpt":{"rendered":"<p>Durante sess\u00e3o da Comiss\u00e3o de Pol\u00edtica Exterior e Defesa da C\u00e2mara dos Deputados do Brasil, Mar\u00eda Corina Machado, l\u00edder da oposi\u00e7\u00e3o venezuelana, instou o Brasil a reconhecer Edmundo Gonz\u00e1lez como&hellip;<\/p>","protected":false},"author":1,"featured_media":70486,"comment_status":"closed","ping_status":"open","sticky":false,"template":"","format":"standard","meta":{"content-type":"","footnotes":""},"categories":[16],"tags":[123,2448,5313,1267],"class_list":["post-70485","post","type-post","status-publish","format-standard","has-post-thumbnail","hentry","category-noticias","tag-brasil","tag-diario","tag-noticia","tag-noticias"],"_links":{"self":[{"href":"https:\/\/tvbrazilusa.com\/pt\/wp-json\/wp\/v2\/posts\/70485","targetHints":{"allow":["GET"]}}],"collection":[{"href":"https:\/\/tvbrazilusa.com\/pt\/wp-json\/wp\/v2\/posts"}],"about":[{"href":"https:\/\/tvbrazilusa.com\/pt\/wp-json\/wp\/v2\/types\/post"}],"author":[{"embeddable":true,"href":"https:\/\/tvbrazilusa.com\/pt\/wp-json\/wp\/v2\/users\/1"}],"replies":[{"embeddable":true,"href":"https:\/\/tvbrazilusa.com\/pt\/wp-json\/wp\/v2\/comments?post=70485"}],"version-history":[{"count":1,"href":"https:\/\/tvbrazilusa.com\/pt\/wp-json\/wp\/v2\/posts\/70485\/revisions"}],"predecessor-version":[{"id":70487,"href":"https:\/\/tvbrazilusa.com\/pt\/wp-json\/wp\/v2\/posts\/70485\/revisions\/70487"}],"wp:featuredmedia":[{"embeddable":true,"href":"https:\/\/tvbrazilusa.com\/pt\/wp-json\/wp\/v2\/media\/70486"}],"wp:attachment":[{"href":"https:\/\/tvbrazilusa.com\/pt\/wp-json\/wp\/v2\/media?parent=70485"}],"wp:term":[{"taxonomy":"category","embeddable":true,"href":"https:\/\/tvbrazilusa.com\/pt\/wp-json\/wp\/v2\/categories?post=70485"},{"taxonomy":"post_tag","embeddable":true,"href":"https:\/\/tvbrazilusa.com\/pt\/wp-json\/wp\/v2\/tags?post=70485"}],"curies":[{"name":"wp","href":"https:\/\/api.w.org\/{rel}","templated":true}]}}