{"id":70493,"date":"2024-12-04T11:53:20","date_gmt":"2024-12-04T11:53:20","guid":{"rendered":"https:\/\/tvbrazilusa.com\/2024\/12\/04\/van-hattem-provoca-o-diretor-geral-da-pf-que-me-prenda\/"},"modified":"2024-12-04T11:53:21","modified_gmt":"2024-12-04T11:53:21","slug":"van-hattem-provoca-o-diretor-geral-da-pf-que-me-prenda","status":"publish","type":"post","link":"https:\/\/tvbrazilusa.com\/pt\/2024\/12\/04\/van-hattem-provoca-o-diretor-geral-da-pf-que-me-prenda\/","title":{"rendered":"Van Hattem provoca o diretor-geral da PF: &#8216;Que me prenda&#8217;"},"content":{"rendered":"<p> <script async src=\"https:\/\/pagead2.googlesyndication.com\/pagead\/js\/adsbygoogle.js?client=ca-pub-8864793242727901\"\r\n     crossorigin=\"anonymous\"><\/script><br \/>\n<\/p>\n<div id=\"taboola-read-more\" style=\"display:block; width:100%\">\n<p>O deputado federal Marcel Van Hattem (NOVO) desafiou nesta ter\u00e7a-feira, 3, o diretor-geral da Pol\u00edcia Federal (PF), Andrei Passos Rodrigues, a prend\u00ea-lo em audi\u00eancia na Comiss\u00e3o de Seguran\u00e7a P\u00fablica da C\u00e2mara dos Deputados, que contou com a presen\u00e7a do chefe da PF e do ministro da Justi\u00e7a, Ricardo Lewandowski.\n<\/p>\n<p>\u201cMas eu tenho a imunidade parlamentar sim para falar e para repetir uma quarta vez hoje. E se \u00e9 entendimento de que estou fazendo crime contra a honra, porque o seu chefe da Pol\u00edcia Federal, diretor-geral Andrei [Passos Rodrigues] da PF que est\u00e1 aqui, porque n\u00e3o me prende agora em flagrante delito? Se \u00e9 um crime contra honra que estou cometendo, que me prenda\u201c, disse o deputado.<\/p>\n<p>O deputado federal Marcel Van Hattem (NOVO) desafiou nesta ter\u00e7a-feira, 3, o diretor-geral da Pol\u00edcia Federal (PF), Andrei Passos Rodrigues, a prend\u00ea-lo em audi\u00eancia na Comiss\u00e3o de Seguran\u00e7a P\u00fablica da C\u00e2mara dos Deputados, que contou com a presen\u00e7a do chefe da PF e do ministro da Justi\u00e7a, Ricardo Lewandowski.\n<\/p>\n<p>\u201cMas eu tenho a imunidade parlamentar sim para falar e para repetir uma quarta vez hoje. E se \u00e9 entendimento de que estou fazendo crime contra a honra, porque o seu chefe da Pol\u00edcia Federal, diretor-geral Andrei [Passos Rodrigues] da PF que est\u00e1 aqui, porque n\u00e3o me prende agora em flagrante delito? Se \u00e9 um crime contra honra que estou cometendo, que me prenda\u201c, disse o deputado.\n<\/p>\n<p>Direcionado a Lewandowski, Van Hattem disse que os inqu\u00e9ritos do Supremo Tribunal Federal (STF) \u201cagem na clandestinidade\u201c.\n<\/p>\n<p>\u201cSabe porque n\u00e3o [sobre ser preso], ministro, porque a covardia age nas sombras, age nos processos secretos, age na clandestinidade dos inqu\u00e9ritos fake do Supremo Tribunal Federal, que ali\u00e1s, senhor presidente, acho que nem o ministro [Ricardo Lewandowski] conhece.\u201c\n<\/p>\n<p>Van Hattem, que foi indicado pelos crimes de cal\u00fania e difama\u00e7\u00e3o por chamar o delegado da PF F\u00e1bio Shor de \u2018abusador de autoridade\u2019, afirmou que est\u00e1 sendo investigado por \u201cchamar um bandido de bandido, um covarde de covarde\u201c.\n<\/p>\n<p>\u201cFoi eu levantar essa foto aqui do delegado F\u00e1bio Alvarez Shor, que Vossa Excel\u00eancia conhece, fui \u00e0 tribuna dizer que ele sim fez relat\u00f3rios fraudulentos baseados em informa\u00e7\u00f5es falsas. Mantendo Filipe Martins [ex-assessor de Jair Bolsonaro] preso por seis meses com base em documentos inseridos.\n<\/p>\n<p>Pois bem. Eu disse depois, que chamei na tribuna um policial que n\u00e3o honra a corpora\u00e7\u00e3o, de bandido. Repeti duas vezes depois, que eu estava sendo investigado por chamar um bandido de bandido, um covarde de covarde. Porque eu n\u00e3o aceitava isso. Eu estava falando das fun\u00e7\u00f5es\u201c, disse o deputado.\n<\/p>\n<p>Leia tamb\u00e9m: \u201cVan Hattem anuncia que n\u00e3o ir\u00e1 depor na PF sobre caso F\u00e1bio Shor\u201d\n<\/p>\n<p>\u201cImunidade n\u00e3o inclui crimes contra a honra\u201d<br \/>Lewandowski, embora tenha afirmado ser um \u201cdefensor da mais absoluta liberdade de express\u00e3o dos parlamentares\u201d, defendeu que para o Supremo Tribunal Federal (STF), \u201ca imunidade material e processual dos parlamentares n\u00e3o inclui os crimes contra a honra, cal\u00fania, inj\u00faria e difama\u00e7\u00e3o\u201d.\n<\/p>\n<p>O ministro acrescentou: \u201cAo longo dos meus 17 anos de Supremo Tribunal Federal (STF), sempre defendi isso intransigentemente\u201d.\n<\/p>\n<p>Posicionamento de Lira<br \/>A declara\u00e7\u00e3o de Lewandowski ocorre em meio a cr\u00edticas crescentes de setores do Legislativo \u00e0 amplia\u00e7\u00e3o das investiga\u00e7\u00f5es conduzidas pela PF.\n<\/p>\n<p>Na semana passada, o presidente da C\u00e2mara, Arthur Lira (PP-AL), se manifestou contra os inqu\u00e9ritos e defendeu a prote\u00e7\u00e3o conferida pela imunidade parlamentar.\n<\/p>\n<p>Para Lira, as falas de Van Hattem e Cabo Gilberto no plen\u00e1rio estariam protegidas pela Constitui\u00e7\u00e3o.\n<\/p>\n<p>Lewandowski rebateu: \u201cOs inqu\u00e9ritos que est\u00e3o sendo levados \u00e0 Pol\u00edcia Federal, que t\u00eam por objetivo um crime dessa natureza (contra a honra), em tese n\u00e3o est\u00e3o cobertos pela imunidade parlamentar\u201d.\n<\/p>\n<p>O deputado Marcel Van Hattem questionou: \u201cQual \u00e9 essa jurisprud\u00eancia que eu nunca vi?\u201d. E o ministro rebateu: \u201cEstou afirmando. A Vossa Excel\u00eancia fa\u00e7a uma pesquisa, por gentileza. Eu estou afirmando como um ministro. N\u00e3o estou falando de cabe\u00e7a\u201d.\n<\/p>\n<p>A troca de farpas elevou a tens\u00e3o na audi\u00eancia, especialmente ap\u00f3s Van Hattem acusar o diretor-geral da PF, Andrei Rodrigues, de prevarica\u00e7\u00e3o.\n<\/p>\n<p>Lewandowski reagiu de imediato e exigiu que a acusa\u00e7\u00e3o fosse registrada em ata.<\/p>\n<p>Fonte: O antagonista              <\/p>\n<\/div>\n<p><br \/>\n<br \/><a href=\"https:\/\/diariodobrasilnoticias.com.br\/noticia\/van-hattem-provoca-o-diretor-geral-da-pf-que-me-prenda-67503d2b5d0ea\">Source link <\/a><\/p>","protected":false},"excerpt":{"rendered":"<p>O deputado federal Marcel Van Hattem (NOVO) desafiou nesta ter\u00e7a-feira, 3, o diretor-geral da Pol\u00edcia Federal (PF), Andrei Passos Rodrigues, a prend\u00ea-lo em audi\u00eancia na Comiss\u00e3o de Seguran\u00e7a P\u00fablica da&hellip;<\/p>","protected":false},"author":1,"featured_media":70494,"comment_status":"closed","ping_status":"open","sticky":false,"template":"","format":"standard","meta":{"content-type":"","footnotes":""},"categories":[16],"tags":[123,2448,5313,1267],"class_list":["post-70493","post","type-post","status-publish","format-standard","has-post-thumbnail","hentry","category-noticias","tag-brasil","tag-diario","tag-noticia","tag-noticias"],"_links":{"self":[{"href":"https:\/\/tvbrazilusa.com\/pt\/wp-json\/wp\/v2\/posts\/70493","targetHints":{"allow":["GET"]}}],"collection":[{"href":"https:\/\/tvbrazilusa.com\/pt\/wp-json\/wp\/v2\/posts"}],"about":[{"href":"https:\/\/tvbrazilusa.com\/pt\/wp-json\/wp\/v2\/types\/post"}],"author":[{"embeddable":true,"href":"https:\/\/tvbrazilusa.com\/pt\/wp-json\/wp\/v2\/users\/1"}],"replies":[{"embeddable":true,"href":"https:\/\/tvbrazilusa.com\/pt\/wp-json\/wp\/v2\/comments?post=70493"}],"version-history":[{"count":1,"href":"https:\/\/tvbrazilusa.com\/pt\/wp-json\/wp\/v2\/posts\/70493\/revisions"}],"predecessor-version":[{"id":70495,"href":"https:\/\/tvbrazilusa.com\/pt\/wp-json\/wp\/v2\/posts\/70493\/revisions\/70495"}],"wp:featuredmedia":[{"embeddable":true,"href":"https:\/\/tvbrazilusa.com\/pt\/wp-json\/wp\/v2\/media\/70494"}],"wp:attachment":[{"href":"https:\/\/tvbrazilusa.com\/pt\/wp-json\/wp\/v2\/media?parent=70493"}],"wp:term":[{"taxonomy":"category","embeddable":true,"href":"https:\/\/tvbrazilusa.com\/pt\/wp-json\/wp\/v2\/categories?post=70493"},{"taxonomy":"post_tag","embeddable":true,"href":"https:\/\/tvbrazilusa.com\/pt\/wp-json\/wp\/v2\/tags?post=70493"}],"curies":[{"name":"wp","href":"https:\/\/api.w.org\/{rel}","templated":true}]}}