{"id":70583,"date":"2024-12-04T14:52:05","date_gmt":"2024-12-04T14:52:05","guid":{"rendered":"https:\/\/tvbrazilusa.com\/2024\/12\/04\/trump-solicita-o-arquivamento-de-processo-em-nova-york-e-menciona-o-indulto-de-biden-ao-filho\/"},"modified":"2024-12-04T14:52:07","modified_gmt":"2024-12-04T14:52:07","slug":"trump-solicita-o-arquivamento-de-processo-em-nova-york-e-menciona-o-indulto-de-biden-ao-filho","status":"publish","type":"post","link":"https:\/\/tvbrazilusa.com\/pt\/2024\/12\/04\/trump-solicita-o-arquivamento-de-processo-em-nova-york-e-menciona-o-indulto-de-biden-ao-filho\/","title":{"rendered":"Trump solicita o arquivamento de processo em Nova York e menciona o indulto de Biden ao filho"},"content":{"rendered":"<p> <script async src=\"https:\/\/pagead2.googlesyndication.com\/pagead\/js\/adsbygoogle.js?client=ca-pub-8864793242727901\"\r\n     crossorigin=\"anonymous\"><\/script><br \/>\n<\/p>\n<div id=\"taboola-read-more\" style=\"display:block; width:100%\">\n<p>Os advogados de Donald Trump enviaram um pedido ao juiz respons\u00e1vel pelo julgamento do presidente eleito dos EUA por fraude em Nova York, Juan Merchan, para rejeitar as acusa\u00e7\u00f5es contra ele e arquivar o caso, citando o perd\u00e3o presidencial que Joe Biden concedeu ao pr\u00f3prio filho Hunter no domingo.\n<\/p>\n<p>&#8220;Ao conceder um perd\u00e3o de 10 anos a Hunter Biden que abrange todo e qualquer crime, seja ele acusado ou n\u00e3o, o presidente Biden afirmou que seu filho foi &#8216;processado seletivamente e injustamente&#8217; e &#8216;tratado de forma diferente'&#8221;, diz o documento, que foi tornado p\u00fablico nesta ter\u00e7a-feira (3).<\/p>\n<p>A defesa de Trump continuou: \u201cO presidente Biden argumentou que &#8216;a pol\u00edtica crua infectou esse processo e levou a um erro judici\u00e1rio&#8217;. Esses coment\u00e1rios equivalem a uma condena\u00e7\u00e3o extraordin\u00e1ria do pr\u00f3prio DOJ [Departamento de Justi\u00e7a] do presidente Biden\u201d, disseram os advogados, acusando o promotor p\u00fablico de Manhattan, Alvin Bragg, de tamb\u00e9m \u201cse envolver no teatro pol\u00edtico que o presidente Biden condenou\u201d.\n<\/p>\n<p>Bragg processou Trump sob as acusa\u00e7\u00f5es de falsifica\u00e7\u00e3o de registros comerciais relacionadas a um pagamento em dinheiro para silenciar a atriz porn\u00f4 Stormy Daniels durante o per\u00edodo eleitoral de 2016.\n<\/p>\n<p>Em maio deste ano, o republicano foi considerado culpado por um j\u00fari em 34 acusa\u00e7\u00f5es apresentadas contra ele. O juiz estadual Juan Merchan, respons\u00e1vel pelo caso, adiou indefinidamente a senten\u00e7a ap\u00f3s as elei\u00e7\u00f5es presidenciais que deram vit\u00f3ria a Trump no m\u00eas passado.\n<\/p>\n<p>De acordo com a emissora NBC, a defesa de Trump pediu que o magistrado arquivasse o caso de forma definitiva. Caso ele discorde do arquivamento e planeje agendar uma senten\u00e7a, os advogados defendem que Merchan deve conceder ao presidente eleito &#8220;uma suspens\u00e3o de duas semanas para fornecer uma oportunidade razo\u00e1vel de buscar uma medida liminar federal&#8221;.\n<\/p>\n<p>Fonte: Gazeta do Povo              <\/p>\n<\/div>\n<p><br \/>\n<br \/><a href=\"https:\/\/diariodobrasilnoticias.com.br\/noticia\/trump-solicita-o-arquivamento-de-processo-em-nova-york-e-menciona-o-indulto-de-biden-ao-filho-6750521011aae\">Source link <\/a><\/p>","protected":false},"excerpt":{"rendered":"<p>Os advogados de Donald Trump enviaram um pedido ao juiz respons\u00e1vel pelo julgamento do presidente eleito dos EUA por fraude em Nova York, Juan Merchan, para rejeitar as acusa\u00e7\u00f5es contra&hellip;<\/p>","protected":false},"author":1,"featured_media":70584,"comment_status":"closed","ping_status":"open","sticky":false,"template":"","format":"standard","meta":{"content-type":"","footnotes":""},"categories":[16],"tags":[123,2448,5313,1267],"class_list":["post-70583","post","type-post","status-publish","format-standard","has-post-thumbnail","hentry","category-noticias","tag-brasil","tag-diario","tag-noticia","tag-noticias"],"_links":{"self":[{"href":"https:\/\/tvbrazilusa.com\/pt\/wp-json\/wp\/v2\/posts\/70583","targetHints":{"allow":["GET"]}}],"collection":[{"href":"https:\/\/tvbrazilusa.com\/pt\/wp-json\/wp\/v2\/posts"}],"about":[{"href":"https:\/\/tvbrazilusa.com\/pt\/wp-json\/wp\/v2\/types\/post"}],"author":[{"embeddable":true,"href":"https:\/\/tvbrazilusa.com\/pt\/wp-json\/wp\/v2\/users\/1"}],"replies":[{"embeddable":true,"href":"https:\/\/tvbrazilusa.com\/pt\/wp-json\/wp\/v2\/comments?post=70583"}],"version-history":[{"count":1,"href":"https:\/\/tvbrazilusa.com\/pt\/wp-json\/wp\/v2\/posts\/70583\/revisions"}],"predecessor-version":[{"id":70585,"href":"https:\/\/tvbrazilusa.com\/pt\/wp-json\/wp\/v2\/posts\/70583\/revisions\/70585"}],"wp:featuredmedia":[{"embeddable":true,"href":"https:\/\/tvbrazilusa.com\/pt\/wp-json\/wp\/v2\/media\/70584"}],"wp:attachment":[{"href":"https:\/\/tvbrazilusa.com\/pt\/wp-json\/wp\/v2\/media?parent=70583"}],"wp:term":[{"taxonomy":"category","embeddable":true,"href":"https:\/\/tvbrazilusa.com\/pt\/wp-json\/wp\/v2\/categories?post=70583"},{"taxonomy":"post_tag","embeddable":true,"href":"https:\/\/tvbrazilusa.com\/pt\/wp-json\/wp\/v2\/tags?post=70583"}],"curies":[{"name":"wp","href":"https:\/\/api.w.org\/{rel}","templated":true}]}}