{"id":70595,"date":"2024-12-04T15:09:12","date_gmt":"2024-12-04T15:09:12","guid":{"rendered":"https:\/\/tvbrazilusa.com\/2024\/12\/04\/mae-e-padrasto-da-menina-que-morreu-de-tanto-apanhar-sao-sentenciados\/"},"modified":"2024-12-04T15:09:13","modified_gmt":"2024-12-04T15:09:13","slug":"mae-e-padrasto-da-menina-que-morreu-de-tanto-apanhar-sao-sentenciados","status":"publish","type":"post","link":"https:\/\/tvbrazilusa.com\/pt\/2024\/12\/04\/mae-e-padrasto-da-menina-que-morreu-de-tanto-apanhar-sao-sentenciados\/","title":{"rendered":"M\u00e3e e padrasto da menina que &#8216;morreu de tanto apanhar&#8217; s\u00e3o sentenciados"},"content":{"rendered":"<p> <script async src=\"https:\/\/pagead2.googlesyndication.com\/pagead\/js\/adsbygoogle.js?client=ca-pub-8864793242727901\"\r\n     crossorigin=\"anonymous\"><\/script><br \/>\n<\/p>\n<div id=\"taboola-read-more\" style=\"display:block; width:100%\">\n<p>A m\u00e3e e o padrasto da pequena Isabelly de Freitas foram condenados por bater na menina de apenas tr\u00eas anos at\u00e9 a morte em Indaial, no Vale do Itaja\u00ed, Santa Catarina. O j\u00fari popular come\u00e7ou na manh\u00e3 de ter\u00e7a-feira (3\/12), durou 17 horas e s\u00f3 chegou ao fim na madrugada desta quarta-feira (4\/12), com a leitura da senten\u00e7a.\n<\/p>\n<p>Nove meses ap\u00f3s o crime que chocou pela crueldade e o enredo criado pelo casal, o padrasto recebeu pena de 41 anos e nove meses de cadeia. Pesou contra ele o fato de ser reincidente, porque cumpria pena em regime aberto. J\u00e1 a m\u00e3e de Isabelly, foi condenada a 36 anos e 11 meses de reclus\u00e3o.<\/p>\n<p>Fonte: Metr\u00f3poles              <\/p>\n<\/div>\n<p><br \/>\n<br \/><a href=\"https:\/\/diariodobrasilnoticias.com.br\/noticia\/mae-e-padrasto-da-menina-que-morreu-de-tanto-apanhar-sao-sentenciados-67505171f1a18\">Source link <\/a><\/p>","protected":false},"excerpt":{"rendered":"<p>A m\u00e3e e o padrasto da pequena Isabelly de Freitas foram condenados por bater na menina de apenas tr\u00eas anos at\u00e9 a morte em Indaial, no Vale do Itaja\u00ed, Santa&hellip;<\/p>","protected":false},"author":1,"featured_media":70596,"comment_status":"closed","ping_status":"open","sticky":false,"template":"","format":"standard","meta":{"content-type":"","footnotes":""},"categories":[16],"tags":[123,2448,5313,1267],"class_list":["post-70595","post","type-post","status-publish","format-standard","has-post-thumbnail","hentry","category-noticias","tag-brasil","tag-diario","tag-noticia","tag-noticias"],"_links":{"self":[{"href":"https:\/\/tvbrazilusa.com\/pt\/wp-json\/wp\/v2\/posts\/70595","targetHints":{"allow":["GET"]}}],"collection":[{"href":"https:\/\/tvbrazilusa.com\/pt\/wp-json\/wp\/v2\/posts"}],"about":[{"href":"https:\/\/tvbrazilusa.com\/pt\/wp-json\/wp\/v2\/types\/post"}],"author":[{"embeddable":true,"href":"https:\/\/tvbrazilusa.com\/pt\/wp-json\/wp\/v2\/users\/1"}],"replies":[{"embeddable":true,"href":"https:\/\/tvbrazilusa.com\/pt\/wp-json\/wp\/v2\/comments?post=70595"}],"version-history":[{"count":1,"href":"https:\/\/tvbrazilusa.com\/pt\/wp-json\/wp\/v2\/posts\/70595\/revisions"}],"predecessor-version":[{"id":70597,"href":"https:\/\/tvbrazilusa.com\/pt\/wp-json\/wp\/v2\/posts\/70595\/revisions\/70597"}],"wp:featuredmedia":[{"embeddable":true,"href":"https:\/\/tvbrazilusa.com\/pt\/wp-json\/wp\/v2\/media\/70596"}],"wp:attachment":[{"href":"https:\/\/tvbrazilusa.com\/pt\/wp-json\/wp\/v2\/media?parent=70595"}],"wp:term":[{"taxonomy":"category","embeddable":true,"href":"https:\/\/tvbrazilusa.com\/pt\/wp-json\/wp\/v2\/categories?post=70595"},{"taxonomy":"post_tag","embeddable":true,"href":"https:\/\/tvbrazilusa.com\/pt\/wp-json\/wp\/v2\/tags?post=70595"}],"curies":[{"name":"wp","href":"https:\/\/api.w.org\/{rel}","templated":true}]}}