{"id":70598,"date":"2024-12-04T15:06:51","date_gmt":"2024-12-04T15:06:51","guid":{"rendered":"https:\/\/tvbrazilusa.com\/2024\/12\/04\/escolhas-de-artes-6-a-8-de-dezembro-jacksonville-hoje\/"},"modified":"2024-12-04T15:12:24","modified_gmt":"2024-12-04T15:12:24","slug":"escolhas-de-artes-6-a-8-de-dezembro-jacksonville-hoje","status":"publish","type":"post","link":"https:\/\/tvbrazilusa.com\/pt\/2024\/12\/04\/escolhas-de-artes-6-a-8-de-dezembro-jacksonville-hoje\/","title":{"rendered":"ESCOLHAS DE ARTES | 6 a 8 de dezembro | Jacksonville hoje"},"content":{"rendered":"<p> <script async src=\"https:\/\/pagead2.googlesyndication.com\/pagead\/js\/adsbygoogle.js?client=ca-pub-8864793242727901\"\r\n     crossorigin=\"anonymous\"><\/script><br \/>\n<\/p>\n<div>\n<div class=\"wp-block-image\">\n<figure class=\"aligncenter size-full\"><\/figure>\n<\/div>\n<p><strong>Sexta-feira<\/strong><\/p>\n<p><strong>Laborat\u00f3rio do Bab<\/strong><\/p>\n<p><strong>Distrito das Artes de CoRK | Beira-rio<\/strong> <\/p>\n<p>Na noite de sexta-feira, os favoritos do p\u00fablico da \u00faltima temporada da s\u00e9rie mensal Bab&#8217;s Lab Story Slam se enfrentam em uma competi\u00e7\u00e3o de Grand Slam. Cada um criar\u00e1 uma performance narrativa em torno do tema \u201cbolhas\u201d e apresentar\u00e1 sua pe\u00e7a de oito minutos (sem notas) para o p\u00fablico e tr\u00eas jurados convidados. Tanto um vencedor quanto um favorito do p\u00fablico ser\u00e3o coroados. Recep\u00e7\u00e3o \u00e0s 19h15 O Slam come\u00e7a \u00e0s 20h. Ingressos: $ 18. <a href=\"https:\/\/www.barbaracolaciello.com\/register\/decgrandslambabslab-2024\" target=\"_blank\" rel=\"noreferrer noopener nofollow\">Mais informa\u00e7\u00f5es<\/a>. <\/p>\n<hr class=\"wp-block-separator has-alpha-channel-opacity\"\/>\n<div class=\"wp-block-image\">\n<figure class=\"aligncenter size-large\"><img loading=\"lazy\" color=\"757279\" transparency=\"true\" style=\"--dominant-color: #757279;\" decoding=\"async\" width=\"1024\" height=\"678\" src=\"https:\/\/jaxtoday.org\/wp-content\/uploads\/2024\/12\/ScreenShot2024-05-13at5.54.25PM-1024x678.png\" alt=\"\" class=\"has-transparency wp-image-83138\" srcset=\"https:\/\/jaxtoday.org\/wp-content\/uploads\/2024\/12\/ScreenShot2024-05-13at5.54.25PM-1024x678.png 1024w, https:\/\/jaxtoday.org\/wp-content\/uploads\/2024\/12\/ScreenShot2024-05-13at5.54.25PM-300x199.png 300w, https:\/\/jaxtoday.org\/wp-content\/uploads\/2024\/12\/ScreenShot2024-05-13at5.54.25PM-768x508.png 768w, https:\/\/jaxtoday.org\/wp-content\/uploads\/2024\/12\/ScreenShot2024-05-13at5.54.25PM-363x240.png 363w, https:\/\/jaxtoday.org\/wp-content\/uploads\/2024\/12\/ScreenShot2024-05-13at5.54.25PM-100x66.png 100w, https:\/\/jaxtoday.org\/wp-content\/uploads\/2024\/12\/ScreenShot2024-05-13at5.54.25PM.png 1411w\" sizes=\"auto, (max-width: 1024px) 100vw, 1024px\"\/><\/figure>\n<\/div>\n<p><strong>S\u00e1bado <\/strong><\/p>\n<p><strong>Comemora\u00e7\u00e3o do Anivers\u00e1rio da Intui\u00e7\u00e3o<\/strong><\/p>\n<p><strong>Intui\u00e7\u00e3o Ale funciona | Centro de Jacksonville<\/strong><\/p>\n<p>A Intuition Ale Works comemora 14 anos fabricando cerveja &#8211; e realizando \u00f3timos shows &#8211; em Jacksonville com um show gratuito \u00e0 tarde apresentando o cantor e compositor country de Jax, Rambler Kane, e o guitarrista\/cantor e compositor do Trampled By Turtles, Dave Simonett. Mais tarde, \u00e0 noite, o popular grupo de Atenas Americana, Futurebirds, retorna ao Bier Hall para um show com ingressos. As portas para o espet\u00e1culo da tarde abrem ao meio-dia (as apresenta\u00e7\u00f5es come\u00e7am \u00e0s 13h). Portas para Futurebirds: 19h Parker Gispert abre o show. <a href=\"https:\/\/intuitionaleworks.com\/live-music\/\" rel=\"nofollow noopener\" target=\"_blank\">Mais informa\u00e7\u00f5es<\/a>. <\/p>\n<hr class=\"wp-block-separator has-alpha-channel-opacity\"\/>\n<div class=\"wp-block-image\">\n<figure class=\"aligncenter size-large\"><img loading=\"lazy\" color=\"7e888d\" transparency=\"true\" style=\"--dominant-color: #7e888d;\" decoding=\"async\" width=\"1024\" height=\"939\" src=\"https:\/\/jaxtoday.org\/wp-content\/uploads\/2024\/12\/Screenshot-2024-12-04-at-9.14.10-AM-1024x939.png\" alt=\"\" class=\"has-transparency wp-image-83135\" srcset=\"https:\/\/jaxtoday.org\/wp-content\/uploads\/2024\/12\/Screenshot-2024-12-04-at-9.14.10-AM-1024x939.png 1024w, https:\/\/jaxtoday.org\/wp-content\/uploads\/2024\/12\/Screenshot-2024-12-04-at-9.14.10-AM-300x275.png 300w, https:\/\/jaxtoday.org\/wp-content\/uploads\/2024\/12\/Screenshot-2024-12-04-at-9.14.10-AM-768x704.png 768w, https:\/\/jaxtoday.org\/wp-content\/uploads\/2024\/12\/Screenshot-2024-12-04-at-9.14.10-AM-262x240.png 262w, https:\/\/jaxtoday.org\/wp-content\/uploads\/2024\/12\/Screenshot-2024-12-04-at-9.14.10-AM-100x92.png 100w, https:\/\/jaxtoday.org\/wp-content\/uploads\/2024\/12\/Screenshot-2024-12-04-at-9.14.10-AM.png 1272w\" sizes=\"auto, (max-width: 1024px) 100vw, 1024px\"\/><\/figure>\n<\/div>\n<p><strong>S\u00e1bado e domingo <\/strong><\/p>\n<p><strong>Minimercado MOCA <\/strong><\/p>\n<p><strong>MOCA | Centro de Jacksonville<\/strong> <\/p>\n<p>Com a Black Friday e a Cyber \u200b\u200b\u200b\u200bMonday atr\u00e1s de n\u00f3s (bem como a \u00faltima ter\u00e7a-feira e a quarta-feira que n\u00e3o alcan\u00e7amos nossas metas de vendas), o MOCA Jacksonville sediar\u00e1 um minimercado totalmente local oferecendo presentes feitos por Duval artistas e criadores baseados. \u00c9 uma \u00f3tima oportunidade para fazer compras pequenas, apoiar locais, etc. &#8211; especialmente se voc\u00ea perdeu o s\u00e1bado para pequenas empresas. O mercado funciona do meio-dia \u00e0s 16h aos s\u00e1bados e domingos, no sagu\u00e3o do museu. A entrada \u00e9 gratuita. E aten\u00e7\u00e3o: a entrada no museu tamb\u00e9m \u00e9 gratuita aos s\u00e1bados. <a href=\"https:\/\/www.instagram.com\/p\/DDAaPbJpNlv\/?img_index=1\" rel=\"nofollow noopener\" target=\"_blank\">Mais informa\u00e7\u00f5es<\/a>. <\/p>\n<hr class=\"wp-block-separator has-alpha-channel-opacity\"\/>\n<div class=\"wp-block-image\">\n<figure class=\"aligncenter size-large\"><img color=\"473e3d\" transparency=\"false\" style=\"--dominant-color: #473e3d;\" decoding=\"async\" src=\"https:\/\/jaxtoday.org\/wp-content\/uploads\/2024\/12\/Spanish-Brass-Quintet-2-1024x768.webp\" alt=\"\" class=\"not-transparent wp-image-83137 wpsmartcrop-image\" data-smartcrop-focus=\"[67,11]\"\/><\/figure>\n<\/div>\n<p><strong>Domingo <\/strong><\/p>\n<p><strong>Lat\u00e3o espanhol <\/strong><\/p>\n<p><strong>Igreja Episcopal de S\u00e3o Paulo \u00e0 beira-mar | Praia de Jacksonville<\/strong><\/p>\n<p>O conjunto din\u00e2mico, internacionalmente conhecido e duradouro Spanish Brass retorna a Jacksonville, atuando como parte da Beaches Fine Arts Series pela terceira vez. Famoso por misturar o estilo flamenco de sua Espanha natal com outros estilos, o grupo trar\u00e1 sua fus\u00e3o para o programa tem\u00e1tico de feriado de domingo. O show come\u00e7a \u00e0s 16h. A participa\u00e7\u00e3o \u00e9 gratuita. Como sempre, um encontro e recep\u00e7\u00e3o com artistas segue o programa. E uma exposi\u00e7\u00e3o de roupas sob medida do artista local Michael Armanno estar\u00e1 em exposi\u00e7\u00e3o na recep\u00e7\u00e3o. <a href=\"https:\/\/beachesfinearts.org\/spanish-brass\/\" rel=\"nofollow noopener\" target=\"_blank\">Mais informa\u00e7\u00f5es<\/a>.<\/p>\n<\/div>\n<p><script async src=\"\/\/www.instagram.com\/embed.js\"><\/script><br \/>\n<br \/><br \/>\n<br \/><a href=\"https:\/\/jaxtoday.org\/2024\/12\/04\/arts-picks-dec-6-8\/\">Source link <\/a><\/p>","protected":false},"excerpt":{"rendered":"<p>Sexta-feira Laborat\u00f3rio do Bab Distrito das Artes de CoRK | Beira-rio Na noite de sexta-feira, os favoritos do p\u00fablico da \u00faltima temporada da s\u00e9rie mensal Bab&#8217;s Lab Story Slam se&hellip;<\/p>","protected":false},"author":1,"featured_media":70599,"comment_status":"closed","ping_status":"open","sticky":false,"template":"","format":"standard","meta":{"content-type":"","footnotes":""},"categories":[1],"tags":[],"class_list":["post-70598","post","type-post","status-publish","format-standard","has-post-thumbnail","hentry","category-uncategorized"],"_links":{"self":[{"href":"https:\/\/tvbrazilusa.com\/pt\/wp-json\/wp\/v2\/posts\/70598","targetHints":{"allow":["GET"]}}],"collection":[{"href":"https:\/\/tvbrazilusa.com\/pt\/wp-json\/wp\/v2\/posts"}],"about":[{"href":"https:\/\/tvbrazilusa.com\/pt\/wp-json\/wp\/v2\/types\/post"}],"author":[{"embeddable":true,"href":"https:\/\/tvbrazilusa.com\/pt\/wp-json\/wp\/v2\/users\/1"}],"replies":[{"embeddable":true,"href":"https:\/\/tvbrazilusa.com\/pt\/wp-json\/wp\/v2\/comments?post=70598"}],"version-history":[{"count":1,"href":"https:\/\/tvbrazilusa.com\/pt\/wp-json\/wp\/v2\/posts\/70598\/revisions"}],"predecessor-version":[{"id":70600,"href":"https:\/\/tvbrazilusa.com\/pt\/wp-json\/wp\/v2\/posts\/70598\/revisions\/70600"}],"wp:featuredmedia":[{"embeddable":true,"href":"https:\/\/tvbrazilusa.com\/pt\/wp-json\/wp\/v2\/media\/70599"}],"wp:attachment":[{"href":"https:\/\/tvbrazilusa.com\/pt\/wp-json\/wp\/v2\/media?parent=70598"}],"wp:term":[{"taxonomy":"category","embeddable":true,"href":"https:\/\/tvbrazilusa.com\/pt\/wp-json\/wp\/v2\/categories?post=70598"},{"taxonomy":"post_tag","embeddable":true,"href":"https:\/\/tvbrazilusa.com\/pt\/wp-json\/wp\/v2\/tags?post=70598"}],"curies":[{"name":"wp","href":"https:\/\/api.w.org\/{rel}","templated":true}]}}