{"id":70623,"date":"2024-12-04T15:28:29","date_gmt":"2024-12-04T15:28:29","guid":{"rendered":"https:\/\/tvbrazilusa.com\/2024\/12\/04\/novo-centro-cultural-south-end-latinx-recebe-us-1-milhao-de-presente-equivalente\/"},"modified":"2024-12-04T15:39:53","modified_gmt":"2024-12-04T15:39:53","slug":"novo-centro-cultural-south-end-latinx-recebe-us-1-milhao-de-presente-equivalente","status":"publish","type":"post","link":"https:\/\/tvbrazilusa.com\/pt\/2024\/12\/04\/novo-centro-cultural-south-end-latinx-recebe-us-1-milhao-de-presente-equivalente\/","title":{"rendered":"Novo centro cultural South End Latinx recebe US$ 1 milh\u00e3o de presente equivalente"},"content":{"rendered":"<p> <script async src=\"https:\/\/pagead2.googlesyndication.com\/pagead\/js\/adsbygoogle.js?client=ca-pub-8864793242727901\"\r\n     crossorigin=\"anonymous\"><\/script><br \/>\n<\/p>\n<div id=\"\">\n<header class=\"m-article-header m-article-header--standard\">\n\t\t\t\t\t\t\t\t\t\t\t\t<span id=\"article-header-primary-term\"><br \/>\n\t\t\t\t\t\t\t\t<a class=\"a-term a-term--primary\" href=\"https:\/\/www.boston.com\/tag\/neighborhoods\/\"><\/p>\n<p>\t\t\t\t\t\t\t\tBairros\t\t\t\t\t\t\t\t<\/a><br \/>\n\t\t\t\t\t\t\t<\/span><\/p>\n<h2 class=\"m-article-header__sub-headline\">A corpora\u00e7\u00e3o de desenvolvimento comunit\u00e1rio que supervisiona o projeto realizou uma cerim\u00f4nia de assinatura e eleva\u00e7\u00e3o da viga na ter\u00e7a-feira.<\/h2>\n<figure class=\"a-photo m-article-header__photo\"><figcaption class=\"a-photo__caption\">\n<p>\tOs participantes da cerim\u00f4nia de assinatura e eleva\u00e7\u00e3o da viga posam em frente ao futuro local da La CASA.<em> Falc\u00f3n Font\u00e1nez Foto<\/em>\t<\/figcaption><\/figure>\n<\/header>\n<p>Um centro comunit\u00e1rio Latinx, <a href=\"https:\/\/www.boston.com\/news\/community\/2024\/05\/23\/a-new-latino-community-center-is-coming-to-the-south-end\/\">previsto para abrir em 2026<\/a> em Boston <a href=\"https:\/\/www.boston.com\/tag\/south-end\/\">Extremo Sul<\/a>recebeu um presente equivalente de US$ 1 milh\u00e3o esta semana, um passo cr\u00edtico em dire\u00e7\u00e3o ao objetivo do complexo de se tornar um \u201ccentro vibrante para artes, cultura e empoderamento Latinx\u201d.<\/p>\n<div class=\"m-block t-amp__list-container m-article-list-container m-article-list-container--frame-border a-border-frame  a-list-header__headline--red m-article-list--alternative--default  m-article-list--floated\">\n<ul class=\"t-amp__list a-list--no-style m-article-list m-article-list--recirculation m-article-list--has-images\">\n<li class=\"m-article-list__item\">\n\t\t\t<a class=\"m-article-list__link-wrapper\" href=\"https:\/\/www.boston.com\/news\/community\/2024\/05\/23\/a-new-latino-community-center-is-coming-to-the-south-end\/?p1=article_recirc_inline_feature\" data-p1=\"article_recirc_inline_feature\"><br \/>\n\t\t\t\t<img loading=\"lazy\" decoding=\"async\" width=\"768\" height=\"432\" src=\"https:\/\/bdc2020.o0bc.com\/wp-content\/uploads\/2024\/05\/main-image-template-20-664f7c36a25ae-768x432.png\" class=\"t-amp__list-image m-article-list__image\" alt=\"\" aria-hidden=\"true\" srcset=\"https:\/\/bdc2020.o0bc.com\/wp-content\/uploads\/2024\/05\/main-image-template-20-664f7c36a25ae-768x432.png?width=200 200w, https:\/\/bdc2020.o0bc.com\/wp-content\/uploads\/2024\/05\/main-image-template-20-664f7c36a25ae-768x432.png?width=300 300w, https:\/\/bdc2020.o0bc.com\/wp-content\/uploads\/2024\/05\/main-image-template-20-664f7c36a25ae-768x432.png?width=400 400w, https:\/\/bdc2020.o0bc.com\/wp-content\/uploads\/2024\/05\/main-image-template-20-664f7c36a25ae-768x432.png?width=500 500w, https:\/\/bdc2020.o0bc.com\/wp-content\/uploads\/2024\/05\/main-image-template-20-664f7c36a25ae-768x432.png?width=600 600w, https:\/\/bdc2020.o0bc.com\/wp-content\/uploads\/2024\/05\/main-image-template-20-664f7c36a25ae-768x432.png?width=700 700w, https:\/\/bdc2020.o0bc.com\/wp-content\/uploads\/2024\/05\/main-image-template-20-664f7c36a25ae-768x432.png?width=800 800w, https:\/\/bdc2020.o0bc.com\/wp-content\/uploads\/2024\/05\/main-image-template-20-664f7c36a25ae-768x432.png?width=900 900w\" sizes=\"auto, (max-width: 768px) 100vw, 768px\"\/>\t\t\t\t\t<\/p>\n<p><h4 class=\"m-article-list__headline t-amp__list-headline\">\n\t\t\t\t\t\t\t<span class=\"m-article-list__link a-link a-link--inline a-link--text-link a-link--text-link-dark\"><\/p>\n<p>\t\t\t\t\t\t\tUm novo centro comunit\u00e1rio latino de 26.000 p\u00e9s quadrados est\u00e1 chegando ao South End\t\t\t\t\t\t\t<\/span><br \/>\n\t\t\t\t\t\t<\/h4>\n<\/p>\n<p>\t\t\t\t<\/a>\n\t\t\t<\/li>\n<\/ul>\n<\/div>\n<p>A doa\u00e7\u00e3o de Barbara e Amos Hostetter ir\u00e1 para a constru\u00e7\u00e3o <a href=\"https:\/\/ibaboston.org\/campaign-page\">La CASA: O Centro de Artes, Autodetermina\u00e7\u00e3o e Ativismo<\/a> na 85 West Newton Street \u2013 um projeto de 26.000 p\u00e9s quadrados e US$ 33 milh\u00f5es. <\/p>\n<p>O complexo oferecer\u00e1 mais de 40 unidades habitacionais acess\u00edveis e programas art\u00edsticos, incluindo oficinas de dan\u00e7a, m\u00fasica, artes visuais e teatro, bem como exposi\u00e7\u00f5es, performances e eventos culturais. Haver\u00e1 tamb\u00e9m um espa\u00e7o para apresenta\u00e7\u00f5es, galerias, salas de aula e uma cobertura acess\u00edvel para programa\u00e7\u00e3o e reuni\u00e3o, afirma o site.<\/p>\n<p><a href=\"https:\/\/urldefense.com\/v3\/__https:\/\/linkprotect.cudasvc.com\/url?a=https*3a*2f*2fibaboston.org*2f&#038;c=E,1,OkO3GU59bLRtgcIhVUNwjrD6r0pcJkR-egSQRsle9Ynoj-B0uy-9D684Ed3aVIGVoz3rS-lDU5Qk-Mj8gFsA7Oa5gCAIdgo8oMwkvkkFmzI,&#038;typo=1__;JSUlJQ!!BspMT6SJLSDJ!IwiSubSW9BsdxjXOhazeyWrd3keR2nHfK6ltJI1widR6POW8qiyBxp4fhTXfF53Sz9HfNELZ2VJmBnQPolFI8xk%24\">Inquilinos Boricuas em A\u00e7\u00e3o (IBA)<\/a>a maior organiza\u00e7\u00e3o sem fins lucrativos liderada por latinos na Nova Inglaterra, criada em 1968 para abordar o deslocamento de fam\u00edlias de baixa renda devido ao desenvolvimento urbano, est\u00e1 facilitando o projeto.<\/p>\n<p>O IBA realizou uma cerim\u00f4nia de assinatura e levantamento de vigas na ter\u00e7a-feira com a presen\u00e7a de autoridades locais, incluindo a presidente do conselho municipal de Boston, Ruthzee Louijeune, a vereadora Julia Mejia e o contato da La Comunidad Latina para o gabinete do senador Markey, Isabella Loboa-Velasquez.<\/p>\n<figure class=\"wp-block-image size-full\"><img loading=\"lazy\" decoding=\"async\" width=\"2048\" height=\"1365\" src=\"https:\/\/bdc2020.o0bc.com\/wp-content\/uploads\/2024\/12\/002-675067c64cc3c.jpg\" alt=\"\" class=\"wp-image-32444442\" srcset=\"https:\/\/bdc2020.o0bc.com\/wp-content\/uploads\/2024\/12\/002-675067c64cc3c.jpg?width=200 200w, https:\/\/bdc2020.o0bc.com\/wp-content\/uploads\/2024\/12\/002-675067c64cc3c.jpg?width=300 300w, https:\/\/bdc2020.o0bc.com\/wp-content\/uploads\/2024\/12\/002-675067c64cc3c.jpg?width=400 400w, https:\/\/bdc2020.o0bc.com\/wp-content\/uploads\/2024\/12\/002-675067c64cc3c.jpg?width=500 500w, https:\/\/bdc2020.o0bc.com\/wp-content\/uploads\/2024\/12\/002-675067c64cc3c.jpg?width=600 600w, https:\/\/bdc2020.o0bc.com\/wp-content\/uploads\/2024\/12\/002-675067c64cc3c.jpg?width=700 700w, https:\/\/bdc2020.o0bc.com\/wp-content\/uploads\/2024\/12\/002-675067c64cc3c.jpg?width=800 800w, https:\/\/bdc2020.o0bc.com\/wp-content\/uploads\/2024\/12\/002-675067c64cc3c.jpg?width=900 900w\" sizes=\"auto, (max-width: 2048px) 100vw, 2048px\"\/><figcaption class=\"wp-element-caption\">A trave com assinaturas de apoiadores de La CASA. <em>Falc\u00f3n Font\u00e1nez Foto<\/em><\/figcaption><\/figure>\n<p>\u201cEsta viga representa mais do que um marco significativo na constru\u00e7\u00e3o de La CASA \u2013 representa nosso compromisso com uma mudan\u00e7a real e duradoura para os latinos e comunidades multiculturais em Boston, Massachusetts e Nova Inglaterra\u201d, disse a CEO da IBA, Vanessa Calder\u00f3n-Rosado, em uma declara\u00e7\u00e3o. \u201c\u00c9 um investimento na capacita\u00e7\u00e3o e no poder das artes para construir comunidades fortes e elevar as gera\u00e7\u00f5es futuras.\u201d <\/p>\n<p>A Campanha para La CASA j\u00e1 garantiu US$ 9,5 milh\u00f5es de sua meta filantr\u00f3pica de arrecada\u00e7\u00e3o de fundos de US$ 12,5 milh\u00f5es, de acordo com a IBA. O edif\u00edcio do centro combinar\u00e1 tijolo e terracota para \u201cunir a beleza\u201d da cultura latino-caribenha com a arquitetura do s\u00e9culo XIX de Boston, <a href=\"https:\/\/ibaboston.org\/campaign-page\">o site do projeto diz<\/a>.<\/p>\n<p>\u201cJuntos, estamos construindo mais do que uma estrutura \u2013 estamos criando uma sede que inspirar\u00e1, elevar\u00e1 e capacitar\u00e1 as gera\u00e7\u00f5es futuras, ao mesmo tempo que preserva e celebra a cultura latina\u201d, disse a diretora de opera\u00e7\u00f5es da IBA, Mayra Negr\u00f3n-Roche, no comunicado.<\/p>\n<div class=\"o-author-single has-avatar\">\n<header class=\"m-author-card\">\n<div class=\"a-image a-image--square m-author-card__image\">\n\t\t<img decoding=\"async\" class=\"\" src=\"https:\/\/www.boston.com\/wp-content\/uploads\/2024\/09\/cropped-1708366528224-66f6a3bb1db19-66f6a3c33f251.jpg\" alt=\"Imagem do perfil de Lindsay Shachnow\"\/>\t<\/div>\n<\/header>\n<section class=\"author-info\">\n<div class=\"m-author__section\">\n<p>Lindsay Shachnow cobre not\u00edcias de atribui\u00e7\u00f5es gerais para <a href=\"http:\/\/boston.com\/\">Boston.com<\/a>reportando as \u00faltimas not\u00edcias, crimes e pol\u00edtica em toda a Nova Inglaterra.<\/p>\n<\/div>\n<\/section>\n<\/div>\n<div class=\"m-block m-generic-cta\t m-generic-cta--post-content\t m-generic-cta--dark\t m-generic-cta--homepage\t m-generic-cta--email-signup\t\t m-generic-cta-block-style--default \tt-amp__generic-cta\"><\/p>\n<div class=\"m-generic-cta__wrap\">\n<div class=\"m-generic-cta__content\">\n<h3 class=\"m-generic-cta__title\">Boston.com hoje<\/h3>\n<p class=\"m-generic-cta__subtitle\">Inscreva-se para receber as \u00faltimas manchetes em sua caixa de entrada todas as manh\u00e3s.<\/p>\n<\/p><\/div>\n<\/p><\/div>\n<\/div><\/div>\n<p><script>\n\t\tvar consent=\"grant\";\n\t\t\/* The above code is parsing the JSON data from the local storage and storing it in a variable. *\/\n\t\t\t\t\tconst onetrustStorageConsent = JSON.parse(localStorage.getItem( 'consent_one_trust_bdc' ) );\n\t\t\tif ( ( onetrustStorageConsent !== null ) ) {\n\t\t\t\t\/* Checking to see if the user has consented to the use of cookies.\n\t\t\t\t* If they have not, it is deleting the cookie.\n\t\t\t\t* This will comment for now, until further notice.\n\t\t\t\t*\/\n\t\t\t\t\/\/if ( onetrustStorageConsent.C0002 === false ) {\n\t\t\t\t\/\/\tdocument.cookie=\"_fbp=;expires=Thu, 01 Jan 2010 00:00:00 UTC; path=\/; domain=.boston.com\";\n\t\t\t\t\/\/}\n\t\t\t\t\/* Checking if the user has given consent for the cookie C0002.\n\t\t\t\t* If the user has given consent, the variable consent will be set to 'grant'.\n\t\t\t\t* If the user has not given consent,the variable consent will be set to 'revoke'.\n\t\t\t\t* Documentation https:\/\/developers.facebook.com\/docs\/meta-pixel\/implementation\/gdpr\n\t\t\t\t*\/\n\t\t\t\tif ( onetrustStorageConsent.C0002 !== true ) {\n\t\t\t\t\tconsent=\"revoke\";\n\t\t\t\t}\n\t\t\t}\n\t\t\t\t!function(f,b,e,v,n,t,s)\n\t\t{if(f.fbq)return;n=f.fbq=function(){n.callMethod?\n\t\tn.callMethod.apply(n,arguments):n.queue.push(arguments)};\n\t\tif(!f._fbq)f._fbq=n;n.push=n;n.loaded=!0;n.version='2.0';\n\t\tn.queue=[];t=b.createElement(e);t.async=!0;\n\t\tt.src=v;s=b.getElementsByTagName(e)[0];\n\t\ts.parentNode.insertBefore(t,s)}(window, document,'script',\n\t\t'https:\/\/connect.facebook.net\/en_US\/fbevents.js');\n\t\tfbq('consent', consent);\n\t\tfbq('init', '989222871864976');\n\t\tfbq('track', 'PageView');\n\t<\/script><script type=\"module\">\n\t\tvar consent=\"grant\";\n\t\t\/* The above code is parsing the JSON data from the local storage and storing it in a variable. *\/\n\t\t\tconst onetrustStorageConsent = JSON.parse(localStorage.getItem( 'consent_one_trust_bdc' ) );\n\t\t\t\/* Checking to see if the user has consented to the use of cookies.\n\t\t\t* If they have not, it is deleting the cookie.\n\t\t\t* This will comment for now, until further notice.\n\t\t\t*\/\n\t\t\t\/\/if ( onetrustStorageConsent.C0002 === false ) {\n\t\t\t\/\/\tdocument.cookie=\"_fbp=;expires=Thu, 01 Jan 2010 00:00:00 UTC; path=\/; domain=.boston.com\";\n\t\t\t\/\/}\n\t\t\t\/* Checking if the user has given consent for the cookie C0002.\n\t\t\t* If the user has given consent, the variable consent will be set to 'grant'.\n\t\t\t* If the user has not given consent,the variable consent will be set to 'revoke'.\n\t\t\t* Documentation https:\/\/developers.facebook.com\/docs\/meta-pixel\/implementation\/gdpr\n\t\t\t*\/\n\t\t\tif ( ( onetrustStorageConsent !== null ) && (onetrustStorageConsent.C0002 !== true ) ) {\n\t\t\t\tconsent=\"revoke\";\n\t\t\t}\n\t\t\t\t!function(f,b,e,v,n,t,s){if(f.fbq)return;n=f.fbq=function()\n\t\t{n.callMethod? n.callMethod.apply(n,arguments):n.queue.push(arguments)}\n\t\t;if(!f._fbq)f._fbq=n;\n\t\tn.push=n;n.loaded=!0;n.version='2.0';n.queue=[];t=b.createElement(e);t.async=!0;\n\t\tt.src=v;s=b.getElementsByTagName(e)[0];s.parentNode.insertBefore(t,s)}(window,\n\t\tdocument,'script','https:\/\/connect.facebook.net\/en_US\/fbevents.js');\n\t\tfbq('consent', consent);\n\t\tfbq('init', '813236348753005');\n\t\tfbq('track', \"PageView\");\n\t<\/script><br \/>\n<br \/><br \/>\n<br \/><a href=\"https:\/\/www.boston.com\/news\/neighborhoods\/2024\/12\/04\/new-south-end-latinx-cultural-center-receives-1-million-matching-gift\/\">Source link <\/a><\/p>","protected":false},"excerpt":{"rendered":"<p>Bairros A corpora\u00e7\u00e3o de desenvolvimento comunit\u00e1rio que supervisiona o projeto realizou uma cerim\u00f4nia de assinatura e eleva\u00e7\u00e3o da viga na ter\u00e7a-feira. Os participantes da cerim\u00f4nia de assinatura e eleva\u00e7\u00e3o da&hellip;<\/p>","protected":false},"author":1,"featured_media":70624,"comment_status":"closed","ping_status":"open","sticky":false,"template":"","format":"standard","meta":{"content-type":"","footnotes":""},"categories":[1],"tags":[],"class_list":["post-70623","post","type-post","status-publish","format-standard","has-post-thumbnail","hentry","category-uncategorized"],"_links":{"self":[{"href":"https:\/\/tvbrazilusa.com\/pt\/wp-json\/wp\/v2\/posts\/70623","targetHints":{"allow":["GET"]}}],"collection":[{"href":"https:\/\/tvbrazilusa.com\/pt\/wp-json\/wp\/v2\/posts"}],"about":[{"href":"https:\/\/tvbrazilusa.com\/pt\/wp-json\/wp\/v2\/types\/post"}],"author":[{"embeddable":true,"href":"https:\/\/tvbrazilusa.com\/pt\/wp-json\/wp\/v2\/users\/1"}],"replies":[{"embeddable":true,"href":"https:\/\/tvbrazilusa.com\/pt\/wp-json\/wp\/v2\/comments?post=70623"}],"version-history":[{"count":1,"href":"https:\/\/tvbrazilusa.com\/pt\/wp-json\/wp\/v2\/posts\/70623\/revisions"}],"predecessor-version":[{"id":70625,"href":"https:\/\/tvbrazilusa.com\/pt\/wp-json\/wp\/v2\/posts\/70623\/revisions\/70625"}],"wp:featuredmedia":[{"embeddable":true,"href":"https:\/\/tvbrazilusa.com\/pt\/wp-json\/wp\/v2\/media\/70624"}],"wp:attachment":[{"href":"https:\/\/tvbrazilusa.com\/pt\/wp-json\/wp\/v2\/media?parent=70623"}],"wp:term":[{"taxonomy":"category","embeddable":true,"href":"https:\/\/tvbrazilusa.com\/pt\/wp-json\/wp\/v2\/categories?post=70623"},{"taxonomy":"post_tag","embeddable":true,"href":"https:\/\/tvbrazilusa.com\/pt\/wp-json\/wp\/v2\/tags?post=70623"}],"curies":[{"name":"wp","href":"https:\/\/api.w.org\/{rel}","templated":true}]}}