{"id":70724,"date":"2024-12-04T17:52:32","date_gmt":"2024-12-04T17:52:32","guid":{"rendered":"https:\/\/tvbrazilusa.com\/2024\/12\/04\/morre-maestro-e-compositor-da-musica-erudita-brasileira\/"},"modified":"2024-12-04T17:52:33","modified_gmt":"2024-12-04T17:52:33","slug":"morre-maestro-e-compositor-da-musica-erudita-brasileira","status":"publish","type":"post","link":"https:\/\/tvbrazilusa.com\/pt\/2024\/12\/04\/morre-maestro-e-compositor-da-musica-erudita-brasileira\/","title":{"rendered":"Morre maestro e compositor da m\u00fasica erudita brasileira"},"content":{"rendered":"<p> <script async src=\"https:\/\/pagead2.googlesyndication.com\/pagead\/js\/adsbygoogle.js?client=ca-pub-8864793242727901\"\r\n     crossorigin=\"anonymous\"><\/script><br \/>\n<\/p>\n<div id=\"taboola-read-more\" style=\"display:block; width:100%\">\n<p>O maestro e compositor Marlos Nobre morreu na \u00faltima segunda-feira, 2, aos 85 anos. Um dos grandes nomes da m\u00fasica erudita brasileira, o artista pernambucano foi pioneiro ao reger a Royal Philharmonic Orchestra, de Londres, em 1990.\n<\/p>\n<p>Sua vi\u00fava, Maria Luiza Nobre, confirmou a not\u00edcia \u00e0 Folha de S.Paulo, mas n\u00e3o informou a causa do falecimento.<\/p>\n<p>Durante sua carreira, Nobre criou cerca de 250 composi\u00e7\u00f5es. Ele adotou uma abordagem que combinava politonalidade (superposi\u00e7\u00e3o de v\u00e1rias tonalidades numa mesma m\u00fasica) e atonalidade (conjunto de configura\u00e7\u00f5es mel\u00f3dicas e harm\u00f4nicas atonais) com elementos da m\u00fasica popular brasileira.\n<\/p>\n<p>Sua obra Concertino para piano e orquestra de cordas, de 1959, recebeu men\u00e7\u00e3o honrosa no Concurso de M\u00fasica e M\u00fasicos do Brasil, promovido pela R\u00e1dio MEC.\n<\/p>\n<p>Neste v\u00eddeo, que Nobre compartilhou em seu canal no YouTube, \u00e9 poss\u00edvel ver uma das suas memor\u00e1veis apresenta\u00e7\u00f5es pelo mundo. Dessa vez, ele tocou com a Simon Bol\u00edvar Symphony Orchestra, em 2008, no Teatro Teresa Carre\u00f1o, em Caracas (Venezuela):\n<\/p>\n<p>Contribui\u00e7\u00f5es de Marlos Nobre para o cinema<br \/>Algumas das obras de Marlos Nobre estiveram em trilhas sonoras de filmes do cinema novo, como O Drag\u00e3o da Maldade contra o Santo Guerreiro, de Glauber Rocha, e Os Inconfidentes, de Joaquim Pedro de Andrade.\n<\/p>\n<p>Natural do Recife, o artista nasceu em fevereiro de 1939, e iniciou seus estudos no Conservat\u00f3rio Pernambucano de M\u00fasica com apenas 5 anos. Ele concluiu sua forma\u00e7\u00e3o em piano e teoria musical em 1955 e estudou composi\u00e7\u00e3o com H.-J. Koellreutter e Camargo Guarnieri.\n<\/p>\n<p>Posteriormente, ampliou seus conhecimentos com mestres como Alexandre Goehr e G\u00fcnther Sch\u00fcller no Berkshire Music Center, nos Estados Unidos, e colaborou com Leonard Bernstein.\n<\/p>\n<p>Entre as maiores conquistas da sua carreira est\u00e3o a Bolsa Guggenheim, o Pr\u00eamio Tom\u00e1s Lu\u00eds de Victoria da Sociedade Geral de Autores e Editores da Espanha e a Ordem do M\u00e9rito Cultural do Brasil.<\/p>\n<p>Fonte: Revista Oeste              <\/p>\n<\/div>\n<p><br \/>\n<br \/><a href=\"https:\/\/diariodobrasilnoticias.com.br\/noticia\/morre-maestro-e-compositor-da-musica-erudita-brasileira-6750797d955cc\">Source link <\/a><\/p>","protected":false},"excerpt":{"rendered":"<p>O maestro e compositor Marlos Nobre morreu na \u00faltima segunda-feira, 2, aos 85 anos. Um dos grandes nomes da m\u00fasica erudita brasileira, o artista pernambucano foi pioneiro ao reger a&hellip;<\/p>","protected":false},"author":1,"featured_media":70725,"comment_status":"closed","ping_status":"open","sticky":false,"template":"","format":"standard","meta":{"content-type":"","footnotes":""},"categories":[16],"tags":[123,2448,5313,1267],"class_list":["post-70724","post","type-post","status-publish","format-standard","has-post-thumbnail","hentry","category-noticias","tag-brasil","tag-diario","tag-noticia","tag-noticias"],"_links":{"self":[{"href":"https:\/\/tvbrazilusa.com\/pt\/wp-json\/wp\/v2\/posts\/70724","targetHints":{"allow":["GET"]}}],"collection":[{"href":"https:\/\/tvbrazilusa.com\/pt\/wp-json\/wp\/v2\/posts"}],"about":[{"href":"https:\/\/tvbrazilusa.com\/pt\/wp-json\/wp\/v2\/types\/post"}],"author":[{"embeddable":true,"href":"https:\/\/tvbrazilusa.com\/pt\/wp-json\/wp\/v2\/users\/1"}],"replies":[{"embeddable":true,"href":"https:\/\/tvbrazilusa.com\/pt\/wp-json\/wp\/v2\/comments?post=70724"}],"version-history":[{"count":1,"href":"https:\/\/tvbrazilusa.com\/pt\/wp-json\/wp\/v2\/posts\/70724\/revisions"}],"predecessor-version":[{"id":70726,"href":"https:\/\/tvbrazilusa.com\/pt\/wp-json\/wp\/v2\/posts\/70724\/revisions\/70726"}],"wp:featuredmedia":[{"embeddable":true,"href":"https:\/\/tvbrazilusa.com\/pt\/wp-json\/wp\/v2\/media\/70725"}],"wp:attachment":[{"href":"https:\/\/tvbrazilusa.com\/pt\/wp-json\/wp\/v2\/media?parent=70724"}],"wp:term":[{"taxonomy":"category","embeddable":true,"href":"https:\/\/tvbrazilusa.com\/pt\/wp-json\/wp\/v2\/categories?post=70724"},{"taxonomy":"post_tag","embeddable":true,"href":"https:\/\/tvbrazilusa.com\/pt\/wp-json\/wp\/v2\/tags?post=70724"}],"curies":[{"name":"wp","href":"https:\/\/api.w.org\/{rel}","templated":true}]}}