{"id":70747,"date":"2024-12-04T18:18:53","date_gmt":"2024-12-04T18:18:53","guid":{"rendered":"https:\/\/tvbrazilusa.com\/2024\/12\/04\/shein-afirma-que-consumidor-arcara-com-o-custo-em-caso-de-aumento-do-icms\/"},"modified":"2024-12-04T18:18:54","modified_gmt":"2024-12-04T18:18:54","slug":"shein-afirma-que-consumidor-arcara-com-o-custo-em-caso-de-aumento-do-icms","status":"publish","type":"post","link":"https:\/\/tvbrazilusa.com\/pt\/2024\/12\/04\/shein-afirma-que-consumidor-arcara-com-o-custo-em-caso-de-aumento-do-icms\/","title":{"rendered":"Shein afirma que consumidor arcar\u00e1 com o custo em caso de aumento do ICMS"},"content":{"rendered":"<p> <script async src=\"https:\/\/pagead2.googlesyndication.com\/pagead\/js\/adsbygoogle.js?client=ca-pub-8864793242727901\"\r\n     crossorigin=\"anonymous\"><\/script><br \/>\n<\/p>\n<div id=\"taboola-read-more\" style=\"display:block; width:100%\">\n<p>Quem pagar\u00e1 a conta do poss\u00edvel aumento da al\u00edquota do Imposto sobre Circula\u00e7\u00e3o de Mercadorias e Presta\u00e7\u00e3o de Servi\u00e7os (ICMS) sobre as compras internacionais ser\u00e1 o consumidor brasileiro. A afirma\u00e7\u00e3o \u00e9 da diretora de rela\u00e7\u00f5es governamentais da Shein, Anna Beatriz Lima, que disse que a potencial alta do tributo tamb\u00e9m deve derrubar o volume de remessas para o pa\u00eds.\n<\/p>\n<p>\u2013 O ICMS \u00e9 um imposto que precisa de cr\u00e9dito na maioria das cadeias. Nosso modelo n\u00e3o se beneficia do uso do cr\u00e9dito, porque o consumidor paga na ponta. Quando a gente vai discutir ICMS, quem vai pagar o valor integral do aumento do tributo \u00e9 o consumidor \u2013 relatou Anna ao jornal Folha de S.Paulo.<\/p>\n<p>A mudan\u00e7a na al\u00edquota do imposto deve estar na pauta das pr\u00f3ximas reuni\u00f5es do Comit\u00ea Nacional dos Secret\u00e1rios de Fazenda dos Estados e do Distrito Federal (Comsefaz) e do Conselho Nacional de Pol\u00edtica Fazend\u00e1ria (Confaz), previstas para acontecer nesta quinta (5) e sexta-feira (6) em Foz do Igua\u00e7u, no Paran\u00e1.\n<\/p>\n<p>Desde o ano passado, o ICMS cobrado sobre as compras realizadas em plataformas de varejistas internacionais, como Shein, Shopee, AliExpress, \u00e9 de 17%. No entanto, em abril deste ano, os estados \u2013 que tem a compet\u00eancia para cobrar o tributo \u2013 discutiram a eleva\u00e7\u00e3o da al\u00edquota para 25%, mas n\u00e3o chegaram a um consenso na ocasi\u00e3o.\n<\/p>\n<p>Na \u00e9poca das conversas sobre a mudan\u00e7a do ICMS, o Congresso ainda avaliava o fim da isen\u00e7\u00e3o para compras internacionais de at\u00e9 50 d\u00f3lares (R$ 300). Meses depois, em agosto, passou a valer a cobran\u00e7a de 20% de Imposto de Importa\u00e7\u00e3o para compras nessa faixa de pre\u00e7o ap\u00f3s aprova\u00e7\u00e3o da medida no Parlamento.\n<\/p>\n<p>Segundo a diretora da Shein, caso o aumento da al\u00edquota de ICMS de 17% para 25% seja aprovado, a carga tribut\u00e1ria sobre os consumidores passar\u00e1 dos 44,5% cobrados atualmente para 60%. A demanda pelo aumento do imposto sobre as compras internacionais parte principalmente de varejistas nacionais, que alegam competi\u00e7\u00e3o desigual diante dos par\u00e2metros atuais.<\/p>\n<p>Fonte: Pleno News              <\/p>\n<\/div>\n<p><br \/>\n<br \/><a href=\"https:\/\/diariodobrasilnoticias.com.br\/noticia\/shein-afirma-que-consumidor-arcara-com-o-custo-em-caso-de-aumento-do-icms-67507d0baa8bd\">Source link <\/a><\/p>","protected":false},"excerpt":{"rendered":"<p>Quem pagar\u00e1 a conta do poss\u00edvel aumento da al\u00edquota do Imposto sobre Circula\u00e7\u00e3o de Mercadorias e Presta\u00e7\u00e3o de Servi\u00e7os (ICMS) sobre as compras internacionais ser\u00e1 o consumidor brasileiro. A afirma\u00e7\u00e3o&hellip;<\/p>","protected":false},"author":1,"featured_media":70748,"comment_status":"closed","ping_status":"open","sticky":false,"template":"","format":"standard","meta":{"content-type":"","footnotes":""},"categories":[16],"tags":[123,2448,5313,1267],"class_list":["post-70747","post","type-post","status-publish","format-standard","has-post-thumbnail","hentry","category-noticias","tag-brasil","tag-diario","tag-noticia","tag-noticias"],"_links":{"self":[{"href":"https:\/\/tvbrazilusa.com\/pt\/wp-json\/wp\/v2\/posts\/70747","targetHints":{"allow":["GET"]}}],"collection":[{"href":"https:\/\/tvbrazilusa.com\/pt\/wp-json\/wp\/v2\/posts"}],"about":[{"href":"https:\/\/tvbrazilusa.com\/pt\/wp-json\/wp\/v2\/types\/post"}],"author":[{"embeddable":true,"href":"https:\/\/tvbrazilusa.com\/pt\/wp-json\/wp\/v2\/users\/1"}],"replies":[{"embeddable":true,"href":"https:\/\/tvbrazilusa.com\/pt\/wp-json\/wp\/v2\/comments?post=70747"}],"version-history":[{"count":1,"href":"https:\/\/tvbrazilusa.com\/pt\/wp-json\/wp\/v2\/posts\/70747\/revisions"}],"predecessor-version":[{"id":70749,"href":"https:\/\/tvbrazilusa.com\/pt\/wp-json\/wp\/v2\/posts\/70747\/revisions\/70749"}],"wp:featuredmedia":[{"embeddable":true,"href":"https:\/\/tvbrazilusa.com\/pt\/wp-json\/wp\/v2\/media\/70748"}],"wp:attachment":[{"href":"https:\/\/tvbrazilusa.com\/pt\/wp-json\/wp\/v2\/media?parent=70747"}],"wp:term":[{"taxonomy":"category","embeddable":true,"href":"https:\/\/tvbrazilusa.com\/pt\/wp-json\/wp\/v2\/categories?post=70747"},{"taxonomy":"post_tag","embeddable":true,"href":"https:\/\/tvbrazilusa.com\/pt\/wp-json\/wp\/v2\/tags?post=70747"}],"curies":[{"name":"wp","href":"https:\/\/api.w.org\/{rel}","templated":true}]}}