{"id":70759,"date":"2024-12-04T18:36:39","date_gmt":"2024-12-04T18:36:39","guid":{"rendered":"https:\/\/tvbrazilusa.com\/2024\/12\/04\/apos-vazamento-de-video-pm-iniciou-diligencias-para-procurar-o-corpo-em-um-corrego\/"},"modified":"2024-12-04T18:36:40","modified_gmt":"2024-12-04T18:36:40","slug":"apos-vazamento-de-video-pm-iniciou-diligencias-para-procurar-o-corpo-em-um-corrego","status":"publish","type":"post","link":"https:\/\/tvbrazilusa.com\/pt\/2024\/12\/04\/apos-vazamento-de-video-pm-iniciou-diligencias-para-procurar-o-corpo-em-um-corrego\/","title":{"rendered":"Ap\u00f3s vazamento de v\u00eddeo, PM iniciou dilig\u00eancias para procurar o corpo em um c\u00f3rrego"},"content":{"rendered":"<p> <script async src=\"https:\/\/pagead2.googlesyndication.com\/pagead\/js\/adsbygoogle.js?client=ca-pub-8864793242727901\"\r\n     crossorigin=\"anonymous\"><\/script><br \/>\n<\/p>\n<div id=\"taboola-read-more\" style=\"display:block; width:100%\">\n<p>Ap\u00f3s o vazamento do v\u00eddeo que flagra um agente da PM jogando um homem em um c\u00f3rrego do alto de uma ponte em Cidade Ademar, na zona sul de S\u00e3o Paulo (veja v\u00eddeo abaixo), a supervisora regional da corpora\u00e7\u00e3o foi at\u00e9 o local para buscar ind\u00edcios do crime, como a localiza\u00e7\u00e3o de um eventual corpo.\n<\/p>\n<p>O jovem foi arremessado na madrugada de segunda-feira (2\/12) pelo soldado Luan Felipe Alves Pereira, do 24\u00ba Batalh\u00e3o Metropolitano, por cima de uma ponte sob a qual passa o C\u00f3rrego Cordeiro, em Cidade Ademar. O Metr\u00f3poles apurou que o rapaz arremessado ficou com a cabe\u00e7a bastante machucada, mas sobreviveu \u00e0 queda de cerca de tr\u00eas metros e saiu caminhando de dentro do c\u00f3rrego.<\/p>\n<p>Segundo o registro interno feito pela Pol\u00edcia Militar, o comandante do 3\u00ba Batalh\u00e3o teve acesso ao v\u00eddeo da conduta do policial por volta de 17h10 da segunda-feira. Ent\u00e3o, \u00e0s 17h30, fez contato com o comandante de pol\u00edcia da \u00e1rea correspondente e um inqu\u00e9rito policial militar foi instaurado.\n<\/p>\n<p>A supervisora regional da PM, identificada como uma capit\u00e3 da corpora\u00e7\u00e3o, acompanhada de um tenente do 3\u00ba BPM e do chefe da ag\u00eancia de intelig\u00eancia da PM, fizeram dilig\u00eancias no local por volta de 21h da noite da segunda-feira \u2014 horas ap\u00f3s o ocorrido. Al\u00e9m de tentar encontrar a v\u00edtima, o objetivo era verificar eventuais c\u00e2meras de seguran\u00e7a e outras provas para investigar a ocorr\u00eancia.\n<\/p>\n<p>Persegui\u00e7\u00e3o, baile funk e tiro<br \/>Horas antes do epis\u00f3dio de agress\u00e3o na ponte, mas ainda na madrugada de segunda-feira, os policiais do 24\u00baBPM dizem ter perseguido suspeitos, em motos, at\u00e9 chegarem em um baile funk, cujo fluxo se dispersou com a presen\u00e7a dos PMs. Um rapaz teria sido ferido com um tiro. O baile acontecia na mesma rua em que fica o c\u00f3rrego de onde o homem foi jogado.\n<\/p>\n<p>Por causa do tiro disparado, equipes da Se\u00e7\u00e3o de Pol\u00edcia Judici\u00e1ria Militar e Disciplina se deslocaram na noite de segunda at\u00e9 o hospital onde estava a v\u00edtima com disparo de arma de fogo, para verificar se o caso tinha alguma conex\u00e3o com o do rapaz arremessado. N\u00e3o h\u00e1 informa\u00e7\u00f5es sobre o andamento dessa investiga\u00e7\u00e3o.\n<\/p>\n<p>Ao supostamente apresentarem a ocorr\u00eancia do rapaz baleado no 26\u00ba Distrito Policial (Sacom\u00e3), ainda segundo relatado feito pelos policiais militares, o registro da ocorr\u00eancia teria sido \u201cdispensado\u201d. Em nota, a Secretaria da Seguran\u00e7a P\u00fablica (SSP) informou que a Pol\u00edcia Civil n\u00e3o localizou, at\u00e9 o momento, registro nem apresenta\u00e7\u00e3o de ocorr\u00eancia envolvendo uma pessoa baleada no local.\n<\/p>\n<p>\u201cNo entanto, o 97\u00ba DP e a Central Especializada de Repress\u00e3o a Crimes e Ocorr\u00eancias Diversas (CERCO), da 2\u00aa Seccional, realizam dilig\u00eancias para identificar a autoria e esclarecer os fatos\u201d, afirmam.\n<\/p>\n<p>SSP afasta 13 policiais<br \/>Nessa ter\u00e7a-feira (3\/12), a SSP determinou o afastamento imediato de 13 policiais militares envolvidos no caso. \u201cA institui\u00e7\u00e3o repudia veementemente a conduta ilegal e instaurou um inqu\u00e9rito para apurar os fatos e responsabilizar todos os agentes\u201d, afirma a nota da pasta.\n<\/p>\n<p>O secret\u00e1rio da Seguran\u00e7a P\u00fablica de S\u00e3o Paulo, Guilherme Derrite, divulgou um v\u00eddeo em que anuncia o afastamento dos agentes envolvidos no caso. Derrite tamb\u00e9m condenou a a\u00e7\u00e3o policial.\n<\/p>\n<p>\u201cQuero dizer para todos voc\u00eas que essa a\u00e7\u00e3o n\u00e3o encontra respaldo nenhum nos procedimentos operacionais da Pol\u00edcia Militar e eu determinei ao comando da Pol\u00edcia Militar o afastamento imediato de todos os policiais envolvidos nessa a\u00e7\u00e3o\u201d, afirmou Guilherme Derrite. \u201cN\u00e3o vamos tolerar nenhum tipo de desvio de conduta de nenhum policial no Estado de S\u00e3o Paulo.\u201d\n<\/p>\n<p>O secret\u00e1rio ainda afirmou que, a partir desta ter\u00e7a, os agentes envolvidos v\u00e3o cumprir o expediente administrativo na Corregedoria da Pol\u00edcia Militar at\u00e9 que todos os procedimentos investigativos sejam esclarecidos e sanados.\n<\/p>\n<p>O governador de S\u00e3o Paulo, Tarc\u00edsio de Freitas (Republicanos), se posicionou sobre o caso em uma publica\u00e7\u00e3o no X (antigo Twitter). Segundo Tarc\u00edsio, o caso ser\u00e1 investigado e rigorosamente punido.\n<\/p>\n<p>O procurador-geral de Justi\u00e7a do Estado de S\u00e3o Paulo, Paulo S\u00e9rgio de Oliveira e Costa, tamb\u00e9m publicou uma nota nessa ter\u00e7a-feira na qual classifica como \u201cestarrecedoras\u201d e \u201cabsolutamente inadmiss\u00edveis\u201d as imagens que flagraram a conduta do policial militar.\n<\/p>\n<p>A nota classifica o caso como mais um dos \u201cepis\u00f3dios recorrentes de descumprimento dos comandos legais por parte de alguns agentes p\u00fablicos\u201d, que segundo o procurador-geral, \u201cnos deixam mais longe da t\u00e3o almejada paz social\u201d.\n<\/p>\n<p>\u201cEstarrecedoras e absolutamente inadmiss\u00edveis! N\u00e3o h\u00e1 outra forma de classificar as imagens do momento no qual um policial militar atira um homem do alto de uma ponte, nesta segunda-feira\u201d, afirma o Paulo S\u00e9rgio de Oliveira e Costa. \u201cSomente dentro dos limites da lei se faz seguran\u00e7a p\u00fablica, nunca fora deles.\u201d\n<\/p>\n<p>Entenda o caso<br \/>Nas imagens que flagraram a conduta dos policiais, \u00e9 poss\u00edvel ver tr\u00eas policiais militares na ponte. Um deles levanta uma moto do ch\u00e3o e a encosta na mureta. Um quarto policial aparece segurando pelas costas um homem vestido com camiseta azul. Em quest\u00e3o de segundos, o militar levanta o homem pelas pernas e o joga do alto da ponte, sob a qual passa um c\u00f3rrego.<\/p>\n<p>Fonte: Metr\u00f3poles              <\/p>\n<\/div>\n<p><br \/>\n<br \/><a href=\"https:\/\/diariodobrasilnoticias.com.br\/noticia\/apos-vazamento-de-video-pm-iniciou-diligencias-para-procurar-o-corpo-em-um-corrego-67507b9130664\">Source link <\/a><\/p>","protected":false},"excerpt":{"rendered":"<p>Ap\u00f3s o vazamento do v\u00eddeo que flagra um agente da PM jogando um homem em um c\u00f3rrego do alto de uma ponte em Cidade Ademar, na zona sul de S\u00e3o&hellip;<\/p>","protected":false},"author":1,"featured_media":70760,"comment_status":"closed","ping_status":"open","sticky":false,"template":"","format":"standard","meta":{"content-type":"","footnotes":""},"categories":[16],"tags":[123,2448,5313,1267],"class_list":["post-70759","post","type-post","status-publish","format-standard","has-post-thumbnail","hentry","category-noticias","tag-brasil","tag-diario","tag-noticia","tag-noticias"],"_links":{"self":[{"href":"https:\/\/tvbrazilusa.com\/pt\/wp-json\/wp\/v2\/posts\/70759","targetHints":{"allow":["GET"]}}],"collection":[{"href":"https:\/\/tvbrazilusa.com\/pt\/wp-json\/wp\/v2\/posts"}],"about":[{"href":"https:\/\/tvbrazilusa.com\/pt\/wp-json\/wp\/v2\/types\/post"}],"author":[{"embeddable":true,"href":"https:\/\/tvbrazilusa.com\/pt\/wp-json\/wp\/v2\/users\/1"}],"replies":[{"embeddable":true,"href":"https:\/\/tvbrazilusa.com\/pt\/wp-json\/wp\/v2\/comments?post=70759"}],"version-history":[{"count":1,"href":"https:\/\/tvbrazilusa.com\/pt\/wp-json\/wp\/v2\/posts\/70759\/revisions"}],"predecessor-version":[{"id":70761,"href":"https:\/\/tvbrazilusa.com\/pt\/wp-json\/wp\/v2\/posts\/70759\/revisions\/70761"}],"wp:featuredmedia":[{"embeddable":true,"href":"https:\/\/tvbrazilusa.com\/pt\/wp-json\/wp\/v2\/media\/70760"}],"wp:attachment":[{"href":"https:\/\/tvbrazilusa.com\/pt\/wp-json\/wp\/v2\/media?parent=70759"}],"wp:term":[{"taxonomy":"category","embeddable":true,"href":"https:\/\/tvbrazilusa.com\/pt\/wp-json\/wp\/v2\/categories?post=70759"},{"taxonomy":"post_tag","embeddable":true,"href":"https:\/\/tvbrazilusa.com\/pt\/wp-json\/wp\/v2\/tags?post=70759"}],"curies":[{"name":"wp","href":"https:\/\/api.w.org\/{rel}","templated":true}]}}